{"id":136,"date":"2023-05-15T13:55:00","date_gmt":"2023-05-15T11:55:00","guid":{"rendered":"https:\/\/blocsenresidencia.bcn.cat\/antaviana2023\/?p=136"},"modified":"2023-05-22T21:53:11","modified_gmt":"2023-05-22T19:53:11","slug":"creacio-de-cartells","status":"publish","type":"post","link":"https:\/\/blocsenresidencia.bcn.cat\/antaviana2023\/2023\/05\/15\/creacio-de-cartells\/","title":{"rendered":"Creaci\u00f3 de cartells"},"content":{"rendered":"\n<p>En aquesta sessi\u00f3, ja que no hi havia en Luis,&nbsp; ens vam quedar a la sala d&#8217;inform\u00e0tica. Vam crear un Canva en el qual hav\u00edem de crear un disseny de cartell per informar del que farem a la Fabra i Coats, l&#8217;hora en qu\u00e8 actuem i l&#8217;artista resident, en el nostre cas, en Lu\u00eds Tabuenca.&nbsp;&nbsp;<\/p>\n\n\n\n<p>Un dia d&#8217;aquests haurem d&#8217;escollir un o dos dels dissenys per veure quins s\u00f3n els que enganxem per l\u2019institut.&nbsp;<\/p>\n\n\n\n<p>Seguidament, vam veure el v\u00eddeo del meu somni ( soc la Nerea)&nbsp; amb tots els efectes i les transicions que havia fet en Le\u00f3n. A aquest v\u00eddeo li haurem de posar m\u00fasica en directe a la Fabra i Coats. A principi de curs i a la contaminaci\u00f3 vam musicar un v\u00eddeo que ja estava tret d&#8217;una pel\u00b7l\u00edcula, per\u00f2 en aquest cas \u00e9s un v\u00eddeo nostre tret del nostre somni.<\/p>\n\n\n\n<p>Jo crec que amb els efectes i les transicions pot sortir una creaci\u00f3 bastant interessant i el musicarem amb m\u00e9s il\u00b7lusi\u00f3, ja que el v\u00eddeo \u00e9s nostre.<\/p>\n\n\n\n<figure class=\"wp-block-image size-large\"><img loading=\"lazy\" decoding=\"async\" width=\"724\" height=\"1024\" src=\"https:\/\/blocsenresidencia.bcn.cat\/antaviana2023\/wp-content\/uploads\/2023\/05\/Creadors-en-residencia-1-1-724x1024.png\" alt=\"\" class=\"wp-image-140\" srcset=\"https:\/\/blocsenresidencia.bcn.cat\/antaviana2023\/wp-content\/uploads\/2023\/05\/Creadors-en-residencia-1-1-724x1024.png 724w, https:\/\/blocsenresidencia.bcn.cat\/antaviana2023\/wp-content\/uploads\/2023\/05\/Creadors-en-residencia-1-1-212x300.png 212w, https:\/\/blocsenresidencia.bcn.cat\/antaviana2023\/wp-content\/uploads\/2023\/05\/Creadors-en-residencia-1-1-768x1086.png 768w, https:\/\/blocsenresidencia.bcn.cat\/antaviana2023\/wp-content\/uploads\/2023\/05\/Creadors-en-residencia-1-1-1086x1536.png 1086w, https:\/\/blocsenresidencia.bcn.cat\/antaviana2023\/wp-content\/uploads\/2023\/05\/Creadors-en-residencia-1-1-1448x2048.png 1448w, https:\/\/blocsenresidencia.bcn.cat\/antaviana2023\/wp-content\/uploads\/2023\/05\/Creadors-en-residencia-1-1.png 1587w\" sizes=\"auto, (max-width: 724px) 100vw, 724px\" \/><\/figure>\n\n\n\n<p>Un exemple de cartell que vam crear en la passada sessi\u00f3.<\/p>\n","protected":false},"excerpt":{"rendered":"<p>En aquesta sessi\u00f3, ja que no hi havia en Luis,&nbsp; ens vam quedar a la sala d&#8217;inform\u00e0tica. Vam crear un Canva en el qual hav\u00edem de crear un disseny de cartell per informar del que farem a la Fabra i Coats, l&#8217;hora en qu\u00e8 actuem i l&#8217;artista resident, en el nostre cas, en Lu\u00eds Tabuenca.&nbsp;&nbsp; &hellip; <\/p>\n<p class=\"link-more\"><a href=\"https:\/\/blocsenresidencia.bcn.cat\/antaviana2023\/2023\/05\/15\/creacio-de-cartells\/\" class=\"more-link\">Continua llegint <span class=\"screen-reader-text\">\u00abCreaci\u00f3 de cartells\u00bb<\/span><\/a><\/p>\n","protected":false},"author":5,"featured_media":0,"comment_status":"open","ping_status":"open","sticky":false,"template":"","format":"standard","meta":{"footnotes":""},"categories":[1],"tags":[],"class_list":["post-136","post","type-post","status-publish","format-standard","hentry","category-general"],"_links":{"self":[{"href":"https:\/\/blocsenresidencia.bcn.cat\/antaviana2023\/wp-json\/wp\/v2\/posts\/136","targetHints":{"allow":["GET"]}}],"collection":[{"href":"https:\/\/blocsenresidencia.bcn.cat\/antaviana2023\/wp-json\/wp\/v2\/posts"}],"about":[{"href":"https:\/\/blocsenresidencia.bcn.cat\/antaviana2023\/wp-json\/wp\/v2\/types\/post"}],"author":[{"embeddable":true,"href":"https:\/\/blocsenresidencia.bcn.cat\/antaviana2023\/wp-json\/wp\/v2\/users\/5"}],"replies":[{"embeddable":true,"href":"https:\/\/blocsenresidencia.bcn.cat\/antaviana2023\/wp-json\/wp\/v2\/comments?post=136"}],"version-history":[{"count":1,"href":"https:\/\/blocsenresidencia.bcn.cat\/antaviana2023\/wp-json\/wp\/v2\/posts\/136\/revisions"}],"predecessor-version":[{"id":141,"href":"https:\/\/blocsenresidencia.bcn.cat\/antaviana2023\/wp-json\/wp\/v2\/posts\/136\/revisions\/141"}],"wp:attachment":[{"href":"https:\/\/blocsenresidencia.bcn.cat\/antaviana2023\/wp-json\/wp\/v2\/media?parent=136"}],"wp:term":[{"taxonomy":"category","embeddable":true,"href":"https:\/\/blocsenresidencia.bcn.cat\/antaviana2023\/wp-json\/wp\/v2\/categories?post=136"},{"taxonomy":"post_tag","embeddable":true,"href":"https:\/\/blocsenresidencia.bcn.cat\/antaviana2023\/wp-json\/wp\/v2\/tags?post=136"}],"curies":[{"name":"wp","href":"https:\/\/api.w.org\/{rel}","templated":true}]}}