{"id":36,"date":"2022-11-28T13:30:00","date_gmt":"2022-11-28T11:30:00","guid":{"rendered":"https:\/\/blocsenresidencia.bcn.cat\/antaviana2023\/?p=36"},"modified":"2023-03-07T20:12:30","modified_gmt":"2023-03-07T18:12:30","slug":"primer-dia-lartista-arriba-a-lantaviana","status":"publish","type":"post","link":"https:\/\/blocsenresidencia.bcn.cat\/antaviana2023\/2022\/11\/28\/primer-dia-lartista-arriba-a-lantaviana\/","title":{"rendered":"Primer dia: L&#8217;artista arriba a l&#8217;Antaviana."},"content":{"rendered":"\n<p>SETEMBRE 2022<\/p>\n\n\n\n<p>Aquest curs, els alumnes i les alumnes de l&#8217;optativa de tercer d\u2019ESO <em>Creadors EN RESID\u00c8NCIA <\/em>de l&#8217;<a href=\"https:\/\/escolantaviana.org\/\">Institut Escola Antaviana<\/a>, al barri barcelon\u00ed de <a href=\"https:\/\/ajuntament.barcelona.cat\/noubarris\/ca\/el-districte-i-els-seus-barris\/les-roquetes\">Roquetes<\/a>, estem treballant amb l&#8217;artista aragon\u00e8s <a href=\"https:\/\/www.luistabuenca.com\/\">Lu\u00eds Tabuenca<\/a>.  Al llarg d&#8217;aquest proc\u00e9s de creaci\u00f3 ens acompanyar\u00e0 el professor de llengua catalana Quim Cubars\u00ed. L&#8217;objectiu \u00e9s crear a partir de l&#8217;experimentaci\u00f3 sonora, ja que el creador-resident al nostre centre, es defineix com a m\u00fasic, percussionista i compositor.\u00a0<\/p>\n\n\n\n<figure class=\"wp-block-gallery has-nested-images columns-default is-cropped wp-block-gallery-1 is-layout-flex wp-block-gallery-is-layout-flex\">\n<figure class=\"wp-block-image size-large\"><img loading=\"lazy\" decoding=\"async\" width=\"1024\" height=\"768\" data-id=\"59\" src=\"https:\/\/blocsenresidencia.bcn.cat\/antaviana2023\/wp-content\/uploads\/2023\/03\/20220921_162928-1024x768.jpg\" alt=\"\" class=\"wp-image-59\" srcset=\"https:\/\/blocsenresidencia.bcn.cat\/antaviana2023\/wp-content\/uploads\/2023\/03\/20220921_162928-1024x768.jpg 1024w, https:\/\/blocsenresidencia.bcn.cat\/antaviana2023\/wp-content\/uploads\/2023\/03\/20220921_162928-300x225.jpg 300w, https:\/\/blocsenresidencia.bcn.cat\/antaviana2023\/wp-content\/uploads\/2023\/03\/20220921_162928-768x576.jpg 768w, https:\/\/blocsenresidencia.bcn.cat\/antaviana2023\/wp-content\/uploads\/2023\/03\/20220921_162928-1536x1152.jpg 1536w, https:\/\/blocsenresidencia.bcn.cat\/antaviana2023\/wp-content\/uploads\/2023\/03\/20220921_162928-2048x1536.jpg 2048w\" sizes=\"auto, (max-width: 767px) 89vw, (max-width: 1000px) 54vw, (max-width: 1071px) 543px, 580px\" \/><figcaption class=\"wp-element-caption\">Primers contactes amb el so<\/figcaption><\/figure>\n\n\n\n<figure class=\"wp-block-image size-large\"><img loading=\"lazy\" decoding=\"async\" width=\"768\" height=\"1024\" data-id=\"60\" src=\"https:\/\/blocsenresidencia.bcn.cat\/antaviana2023\/wp-content\/uploads\/2023\/03\/20220928_150635-768x1024.jpg\" alt=\"\" class=\"wp-image-60\" srcset=\"https:\/\/blocsenresidencia.bcn.cat\/antaviana2023\/wp-content\/uploads\/2023\/03\/20220928_150635-768x1024.jpg 768w, https:\/\/blocsenresidencia.bcn.cat\/antaviana2023\/wp-content\/uploads\/2023\/03\/20220928_150635-225x300.jpg 225w, https:\/\/blocsenresidencia.bcn.cat\/antaviana2023\/wp-content\/uploads\/2023\/03\/20220928_150635-1152x1536.jpg 1152w, https:\/\/blocsenresidencia.bcn.cat\/antaviana2023\/wp-content\/uploads\/2023\/03\/20220928_150635-1536x2048.jpg 1536w, https:\/\/blocsenresidencia.bcn.cat\/antaviana2023\/wp-content\/uploads\/2023\/03\/20220928_150635-scaled.jpg 1920w\" sizes=\"auto, (max-width: 767px) 89vw, (max-width: 1000px) 54vw, (max-width: 1071px) 543px, 580px\" \/><\/figure>\n<\/figure>\n\n\n\n<p>En aquesta primera sessi\u00f3 d\u2019aterratge, hem comen\u00e7at investigant sons amb diferents objectes que hem trobat a l&#8217;aula com : un esprai, un martell, unes tisores, un full de paper\u2026 per a descobrir nous sons fets amb objectes o elements que no siguin instruments.<\/p>\n\n\n\n<div class=\"wp-block-columns is-layout-flex wp-container-core-columns-is-layout-9d6595d7 wp-block-columns-is-layout-flex\">\n<div class=\"wp-block-column is-layout-flow wp-block-column-is-layout-flow\" style=\"flex-basis:100%\">\n<figure class=\"wp-block-image is-resized\"><img loading=\"lazy\" decoding=\"async\" src=\"https:\/\/blocsenresidencia.bcn.cat\/antaviana2023\/wp-content\/uploads\/2022\/11\/20220921_163351-768x1024.jpg\" alt=\"\" width=\"278\" height=\"370\"\/><figcaption class=\"wp-element-caption\"><strong>Tres conceptes treballats en aquesta primera sessi\u00f3<\/strong><\/figcaption><\/figure>\n<\/div>\n<\/div>\n\n\n\n<p class=\"has-text-align-left\">Amb cada objecte hav\u00edem d&#8217;aconseguir produir tres sons que no escolt\u00e0vem di\u00e0riament o que no hagu\u00e9ssim escoltat mai. Un cop cadasc\u00fa de nosaltres havia obtingut els tres sons, l&#8217;exercici proposat consistia en provar d\u2019unir-los, i aconseguir aix\u00ed, un nou so homogeni.<\/p>\n\n\n\n<p>Hem treballat conceptes te\u00f2rics com la duraci\u00f3, el volum i el timbre aplicats al so i la m\u00fasica.<\/p>\n\n\n\n<p><\/p>\n\n\n\n<p><\/p>\n","protected":false},"excerpt":{"rendered":"<p>SETEMBRE 2022 Aquest curs, els alumnes i les alumnes de l&#8217;optativa de tercer d\u2019ESO Creadors EN RESID\u00c8NCIA de l&#8217;Institut Escola Antaviana, al barri barcelon\u00ed de Roquetes, estem treballant amb l&#8217;artista aragon\u00e8s Lu\u00eds Tabuenca. Al llarg d&#8217;aquest proc\u00e9s de creaci\u00f3 ens acompanyar\u00e0 el professor de llengua catalana Quim Cubars\u00ed. L&#8217;objectiu \u00e9s crear a partir de l&#8217;experimentaci\u00f3 &hellip; <\/p>\n<p class=\"link-more\"><a href=\"https:\/\/blocsenresidencia.bcn.cat\/antaviana2023\/2022\/11\/28\/primer-dia-lartista-arriba-a-lantaviana\/\" class=\"more-link\">Continua llegint <span class=\"screen-reader-text\">\u00abPrimer dia: L&#8217;artista arriba a l&#8217;Antaviana.\u00bb<\/span><\/a><\/p>\n","protected":false},"author":5,"featured_media":0,"comment_status":"open","ping_status":"open","sticky":false,"template":"","format":"standard","meta":{"footnotes":""},"categories":[1],"tags":[4,6,5],"class_list":["post-36","post","type-post","status-publish","format-standard","hentry","category-general","tag-antaviana","tag-en-residencia","tag-luis-tabuenca"],"_links":{"self":[{"href":"https:\/\/blocsenresidencia.bcn.cat\/antaviana2023\/wp-json\/wp\/v2\/posts\/36","targetHints":{"allow":["GET"]}}],"collection":[{"href":"https:\/\/blocsenresidencia.bcn.cat\/antaviana2023\/wp-json\/wp\/v2\/posts"}],"about":[{"href":"https:\/\/blocsenresidencia.bcn.cat\/antaviana2023\/wp-json\/wp\/v2\/types\/post"}],"author":[{"embeddable":true,"href":"https:\/\/blocsenresidencia.bcn.cat\/antaviana2023\/wp-json\/wp\/v2\/users\/5"}],"replies":[{"embeddable":true,"href":"https:\/\/blocsenresidencia.bcn.cat\/antaviana2023\/wp-json\/wp\/v2\/comments?post=36"}],"version-history":[{"count":8,"href":"https:\/\/blocsenresidencia.bcn.cat\/antaviana2023\/wp-json\/wp\/v2\/posts\/36\/revisions"}],"predecessor-version":[{"id":61,"href":"https:\/\/blocsenresidencia.bcn.cat\/antaviana2023\/wp-json\/wp\/v2\/posts\/36\/revisions\/61"}],"wp:attachment":[{"href":"https:\/\/blocsenresidencia.bcn.cat\/antaviana2023\/wp-json\/wp\/v2\/media?parent=36"}],"wp:term":[{"taxonomy":"category","embeddable":true,"href":"https:\/\/blocsenresidencia.bcn.cat\/antaviana2023\/wp-json\/wp\/v2\/categories?post=36"},{"taxonomy":"post_tag","embeddable":true,"href":"https:\/\/blocsenresidencia.bcn.cat\/antaviana2023\/wp-json\/wp\/v2\/tags?post=36"}],"curies":[{"name":"wp","href":"https:\/\/api.w.org\/{rel}","templated":true}]}}