{"id":42,"date":"2023-01-23T13:52:00","date_gmt":"2023-01-23T11:52:00","guid":{"rendered":"https:\/\/blocsenresidencia.bcn.cat\/antaviana2023\/?p=42"},"modified":"2023-03-02T17:11:19","modified_gmt":"2023-03-02T15:11:19","slug":"42","status":"publish","type":"post","link":"https:\/\/blocsenresidencia.bcn.cat\/antaviana2023\/2023\/01\/23\/42\/","title":{"rendered":"Segona sessi\u00f3 a l&#8217;\u00c0gora."},"content":{"rendered":"\n<p>En aquesta sessi\u00f3, que la vam fer per segon cop a la Sala \u00c0gora, primer vam explicar els nostres somnis. Hav\u00edem escrit els nostres somnis en paper i ara tocava explicar-los en veu alta.<\/p>\n\n\n\n<p>Vam entregar les nostres partitures creatives al Lu\u00eds. Un cop recollides, vam formar dos grups i cada grup va escollir dues partitures per a interpretar-les. La persona propiet\u00e0ria de la partitura en seria la directora. Seria la persona encarregada de dirigir-nos, ens hauria de donar l\u2019entrada i ens hauria d\u2019indicar quin instrument i quin no-instrument tocava cadasc\u00fa. Quan vam acabar de practicar-ho, vam escoltar la composici\u00f3 que havia interpretat l\u2019altre grup. La veritat \u00e9s que ens va sortir bastant b\u00e9 als dos grups.<\/p>\n\n\n\n<p>Seguidament, amb les baquetes, en Lu\u00eds feia un ritme i nosaltres l\u2019hav\u00edem de seguir. Primer ho f\u00e8iem tots junts, despr\u00e9s de manera alternada i finalment, en parelles. Quan en Lu\u00eds canviava el ritme, nosaltres tamb\u00e9 l\u2019hav\u00edem de canviar. Al principi ens va costar for\u00e7a perqu\u00e8 els ritmes ens confonien una mica, per\u00f2 despr\u00e9s ens va acabar sortint bastant b\u00e9.<\/p>\n\n\n\n<p>Crec que des de fora s&#8217;escoltava b\u00e9<\/p>\n","protected":false},"excerpt":{"rendered":"<p>En aquesta sessi\u00f3, que la vam fer per segon cop a la Sala \u00c0gora, primer vam explicar els nostres somnis. Hav\u00edem escrit els nostres somnis en paper i ara tocava explicar-los en veu alta. Vam entregar les nostres partitures creatives al Lu\u00eds. Un cop recollides, vam formar dos grups i cada grup va escollir dues &hellip; <\/p>\n<p class=\"link-more\"><a href=\"https:\/\/blocsenresidencia.bcn.cat\/antaviana2023\/2023\/01\/23\/42\/\" class=\"more-link\">Continua llegint <span class=\"screen-reader-text\">\u00abSegona sessi\u00f3 a l&#8217;\u00c0gora.\u00bb<\/span><\/a><\/p>\n","protected":false},"author":5,"featured_media":0,"comment_status":"open","ping_status":"open","sticky":false,"template":"","format":"standard","meta":{"footnotes":""},"categories":[1],"tags":[10,7,8,9],"class_list":["post-42","post","type-post","status-publish","format-standard","hentry","category-general","tag-agora","tag-partitures-creatives","tag-ritmes","tag-somnis"],"_links":{"self":[{"href":"https:\/\/blocsenresidencia.bcn.cat\/antaviana2023\/wp-json\/wp\/v2\/posts\/42","targetHints":{"allow":["GET"]}}],"collection":[{"href":"https:\/\/blocsenresidencia.bcn.cat\/antaviana2023\/wp-json\/wp\/v2\/posts"}],"about":[{"href":"https:\/\/blocsenresidencia.bcn.cat\/antaviana2023\/wp-json\/wp\/v2\/types\/post"}],"author":[{"embeddable":true,"href":"https:\/\/blocsenresidencia.bcn.cat\/antaviana2023\/wp-json\/wp\/v2\/users\/5"}],"replies":[{"embeddable":true,"href":"https:\/\/blocsenresidencia.bcn.cat\/antaviana2023\/wp-json\/wp\/v2\/comments?post=42"}],"version-history":[{"count":3,"href":"https:\/\/blocsenresidencia.bcn.cat\/antaviana2023\/wp-json\/wp\/v2\/posts\/42\/revisions"}],"predecessor-version":[{"id":45,"href":"https:\/\/blocsenresidencia.bcn.cat\/antaviana2023\/wp-json\/wp\/v2\/posts\/42\/revisions\/45"}],"wp:attachment":[{"href":"https:\/\/blocsenresidencia.bcn.cat\/antaviana2023\/wp-json\/wp\/v2\/media?parent=42"}],"wp:term":[{"taxonomy":"category","embeddable":true,"href":"https:\/\/blocsenresidencia.bcn.cat\/antaviana2023\/wp-json\/wp\/v2\/categories?post=42"},{"taxonomy":"post_tag","embeddable":true,"href":"https:\/\/blocsenresidencia.bcn.cat\/antaviana2023\/wp-json\/wp\/v2\/tags?post=42"}],"curies":[{"name":"wp","href":"https:\/\/api.w.org\/{rel}","templated":true}]}}