{"id":46,"date":"2023-01-16T14:05:00","date_gmt":"2023-01-16T12:05:00","guid":{"rendered":"https:\/\/blocsenresidencia.bcn.cat\/antaviana2023\/?p=46"},"modified":"2023-03-07T21:28:53","modified_gmt":"2023-03-07T19:28:53","slug":"els-alumnes-i-les-alumnes-reflexionen-i-escriuen-sobre-el-so-la-melodia-i-el-moviment","status":"publish","type":"post","link":"https:\/\/blocsenresidencia.bcn.cat\/antaviana2023\/2023\/01\/16\/els-alumnes-i-les-alumnes-reflexionen-i-escriuen-sobre-el-so-la-melodia-i-el-moviment\/","title":{"rendered":"Els alumnes i les alumnes reflexionen i escriuen sobre el so, la melodia i el moviment."},"content":{"rendered":"\n<div class=\"wp-block-cover is-light\"><span aria-hidden=\"true\" class=\"wp-block-cover__background has-background-dim\"><\/span><img loading=\"lazy\" decoding=\"async\" width=\"1024\" height=\"768\" class=\"wp-block-cover__image-background wp-image-77\" alt=\"\" src=\"https:\/\/blocsenresidencia.bcn.cat\/antaviana2023\/wp-content\/uploads\/2023\/03\/20221102_155848-1024x768.jpg\" data-object-fit=\"cover\" srcset=\"https:\/\/blocsenresidencia.bcn.cat\/antaviana2023\/wp-content\/uploads\/2023\/03\/20221102_155848-1024x768.jpg 1024w, https:\/\/blocsenresidencia.bcn.cat\/antaviana2023\/wp-content\/uploads\/2023\/03\/20221102_155848-300x225.jpg 300w, https:\/\/blocsenresidencia.bcn.cat\/antaviana2023\/wp-content\/uploads\/2023\/03\/20221102_155848-768x576.jpg 768w, https:\/\/blocsenresidencia.bcn.cat\/antaviana2023\/wp-content\/uploads\/2023\/03\/20221102_155848-1536x1152.jpg 1536w, https:\/\/blocsenresidencia.bcn.cat\/antaviana2023\/wp-content\/uploads\/2023\/03\/20221102_155848-2048x1536.jpg 2048w\" sizes=\"auto, (max-width: 767px) 89vw, (max-width: 1000px) 54vw, (max-width: 1071px) 543px, 580px\" \/><div class=\"wp-block-cover__inner-container is-layout-flow wp-block-cover-is-layout-flow\">\n<p class=\"has-text-align-center has-large-font-size\">Juan:<p>El<strong> so<\/strong> pot ser de qualsevol tipus, per exemple, el so d\u2019un ocell, el so de la televisi\u00f3,&#8230; i moltes m\u00e9s exemples. El so \u00e9s vibratiu.\u00a0<\/p><span style=\"color: inherit; font-size: revert;\">La <\/span><strong style=\"color: inherit; font-size: revert;\">melodia\u00a0<\/strong><span style=\"color: inherit; font-size: revert;\"> \u00e9s un soroll musical amb ritme, pot ser relaxant i algunes melodies poden fer-te sentir millor.<\/span><\/p>\n\n\n\n<p class=\"has-text-align-center has-large-font-size\"> El <strong>moviment<\/strong> \u00e9s el canvi de la posici\u00f3 del cos de qualsevol \u00e9sser viu.<\/p>\n<\/div><\/div>\n\n\n\n<div class=\"wp-block-group\"><div class=\"wp-block-group__inner-container is-layout-constrained wp-block-group-is-layout-constrained\">\n<div class=\"wp-block-columns is-layout-flex wp-container-core-columns-is-layout-9d6595d7 wp-block-columns-is-layout-flex\">\n<div class=\"wp-block-column is-layout-flow wp-block-column-is-layout-flow\" style=\"flex-basis:100%\">\n<div class=\"wp-block-cover\"><span aria-hidden=\"true\" class=\"wp-block-cover__background has-background-dim\"><\/span><img loading=\"lazy\" decoding=\"async\" width=\"768\" height=\"1024\" class=\"wp-block-cover__image-background wp-image-75\" alt=\"\" src=\"https:\/\/blocsenresidencia.bcn.cat\/antaviana2023\/wp-content\/uploads\/2023\/03\/20221102_094942-768x1024.jpg\" data-object-fit=\"cover\" srcset=\"https:\/\/blocsenresidencia.bcn.cat\/antaviana2023\/wp-content\/uploads\/2023\/03\/20221102_094942-768x1024.jpg 768w, https:\/\/blocsenresidencia.bcn.cat\/antaviana2023\/wp-content\/uploads\/2023\/03\/20221102_094942-225x300.jpg 225w, https:\/\/blocsenresidencia.bcn.cat\/antaviana2023\/wp-content\/uploads\/2023\/03\/20221102_094942-1152x1536.jpg 1152w, https:\/\/blocsenresidencia.bcn.cat\/antaviana2023\/wp-content\/uploads\/2023\/03\/20221102_094942-1536x2048.jpg 1536w, https:\/\/blocsenresidencia.bcn.cat\/antaviana2023\/wp-content\/uploads\/2023\/03\/20221102_094942-scaled.jpg 1920w\" sizes=\"auto, (max-width: 767px) 89vw, (max-width: 1000px) 54vw, (max-width: 1071px) 543px, 580px\" \/><div class=\"wp-block-cover__inner-container is-layout-flow wp-block-cover-is-layout-flow\">\n<p>Kenneth:<\/p>\n\n\n\n<p>El <strong>so <\/strong>\u00e9s una\u00a0 sensaci\u00f3 o impressi\u00f3 produ\u00efda a l&#8217;orella, o una manera especial i pr\u00f2pia de sonar que t\u00e9 una determinada cosa. Per exemple: quan dues persones es donen un cop a la m\u00e0.<\/p>\n\n\n\n<p>La <strong>melodia<\/strong> \u00e9s una successi\u00f3 lineal, ordenada i coherent de sons musicals de diferent al\u00e7ada que formen una unitat estructurada amb sentit musical, independent de l&#8217;acompanyament o tamb\u00e9 una successi\u00f3 de sons que per la meva manera de combinar-se \u00e9s musical o agradable d&#8217;escoltar.<\/p>\n\n\n\n<p>El <strong>moviment<\/strong> \u00e9s un canvi de la posici\u00f3 d&#8217;un cos al llarg del temps<\/p>\n<\/div><\/div>\n<\/div>\n<\/div>\n\n\n\n<div class=\"wp-block-cover is-light\"><span aria-hidden=\"true\" class=\"wp-block-cover__background has-background-dim\"><\/span><img loading=\"lazy\" decoding=\"async\" width=\"1024\" height=\"768\" class=\"wp-block-cover__image-background wp-image-78\" alt=\"\" src=\"https:\/\/blocsenresidencia.bcn.cat\/antaviana2023\/wp-content\/uploads\/2023\/03\/20221123_161511-1024x768.jpg\" data-object-fit=\"cover\" srcset=\"https:\/\/blocsenresidencia.bcn.cat\/antaviana2023\/wp-content\/uploads\/2023\/03\/20221123_161511-1024x768.jpg 1024w, https:\/\/blocsenresidencia.bcn.cat\/antaviana2023\/wp-content\/uploads\/2023\/03\/20221123_161511-300x225.jpg 300w, https:\/\/blocsenresidencia.bcn.cat\/antaviana2023\/wp-content\/uploads\/2023\/03\/20221123_161511-768x576.jpg 768w, https:\/\/blocsenresidencia.bcn.cat\/antaviana2023\/wp-content\/uploads\/2023\/03\/20221123_161511-1536x1152.jpg 1536w, https:\/\/blocsenresidencia.bcn.cat\/antaviana2023\/wp-content\/uploads\/2023\/03\/20221123_161511-2048x1536.jpg 2048w\" sizes=\"auto, (max-width: 767px) 89vw, (max-width: 1000px) 54vw, (max-width: 1071px) 543px, 580px\" \/><div class=\"wp-block-cover__inner-container is-layout-flow wp-block-cover-is-layout-flow\">\n<p>Aitana:<\/p>\n\n\n\n<p>Penso, que el<strong> so<\/strong> s\u00f3n vibracions interpretades per l&#8217;o\u00efda, i causades pel moviment d&#8217;algun cos, viu o no. Cal un xoc, un cop, un fregament, una vibraci\u00f3, un lliscament&#8230; per tal que es produeixi un so, sigui fort o fluix, continuat o intermitent, m\u00e9s agut o m\u00e9s greu\u2026<\/p>\n\n\n\n<p>Una <strong>melodia<\/strong> est\u00e0 formada per un conjunt de notes i ritmes. Pot ser interpretada de diferents maneres, amb diferents instruments, en diferents espais&#8230;Tot i que no sempre una melodia t\u00e9 un ordre, un sentit, una estructura&#8230; Qui la compon pot seguir unes pautes per tal que aquella melodia soni &#8220;b\u00e9&#8221;, les melodies s&#8217;acostumen a regir per una harmonia.<\/p>\n\n\n\n<p>El <strong>moviment<\/strong> \u00e9s una acci\u00f3 que, volunt\u00e0riament o involunt\u00e0riament, fa un cos, sigui viu o no. Un moviment pot causar-ne un altre, pot causar un so&#8230; En el nostre dia a dia fem incomptables moviments pels quals necessitem energia, i, que alhora aquests poden produir-ne.<\/p>\n<\/div><\/div>\n<\/div><\/div>\n\n\n\n<div class=\"wp-block-cover\"><span aria-hidden=\"true\" class=\"wp-block-cover__background has-background-dim\"><\/span><img loading=\"lazy\" decoding=\"async\" width=\"768\" height=\"1024\" class=\"wp-block-cover__image-background wp-image-79\" alt=\"\" src=\"https:\/\/blocsenresidencia.bcn.cat\/antaviana2023\/wp-content\/uploads\/2023\/03\/20221102_094942-1-768x1024.jpg\" data-object-fit=\"cover\" srcset=\"https:\/\/blocsenresidencia.bcn.cat\/antaviana2023\/wp-content\/uploads\/2023\/03\/20221102_094942-1-768x1024.jpg 768w, https:\/\/blocsenresidencia.bcn.cat\/antaviana2023\/wp-content\/uploads\/2023\/03\/20221102_094942-1-225x300.jpg 225w, https:\/\/blocsenresidencia.bcn.cat\/antaviana2023\/wp-content\/uploads\/2023\/03\/20221102_094942-1-1152x1536.jpg 1152w, https:\/\/blocsenresidencia.bcn.cat\/antaviana2023\/wp-content\/uploads\/2023\/03\/20221102_094942-1-1536x2048.jpg 1536w, https:\/\/blocsenresidencia.bcn.cat\/antaviana2023\/wp-content\/uploads\/2023\/03\/20221102_094942-1-scaled.jpg 1920w\" sizes=\"auto, (max-width: 767px) 89vw, (max-width: 1000px) 54vw, (max-width: 1071px) 543px, 580px\" \/><div class=\"wp-block-cover__inner-container is-layout-flow wp-block-cover-is-layout-flow\">\n<p>Arnau:<\/p>\n\n\n\n<p>El <strong>moviment<\/strong> \u00e9s l\u2019acci\u00f3 de moure o moure&#8217;s, tamb\u00e9 pot ser un canvi de lloc o una posici\u00f3 del cos.<\/p>\n\n\n\n<p>Qu\u00e8 en podem fer?<\/p>\n\n\n\n<p>Amb el <strong>so<\/strong> pots fer moltes coses com , per exemple, fer una percussi\u00f3 amb alguns tipus de so o tamb\u00e9 fer el que vulguis amb el so, fer un \u00e0udio al Reaper o fer un v\u00eddeo al YouTube fent una can\u00e7\u00f3, o fer el que tu vulguis.<\/p>\n\n\n\n<p>Amb el <strong>moviment<\/strong> pots fer tamb\u00e9 moltes coses com, per exemple, amb el moviment pots fer so o tamb\u00e9 pots fer una cursa de cent metres llisos, pots fer moltes coses.<\/p>\n\n\n\n<p>Amb la <strong>melodia<\/strong> tamb\u00e9 pots fer moltes coses com fer una melodia amb so i moviment o fer una melodia i editar-la al Reaper i fer un \u00e0udio i despr\u00e9s fer un v\u00eddeo. Pots fer moltes coses tamb\u00e9.<\/p>\n<\/div><\/div>\n\n\n\n<div class=\"wp-block-cover is-light\"><span aria-hidden=\"true\" class=\"wp-block-cover__background has-background-dim\"><\/span><img loading=\"lazy\" decoding=\"async\" width=\"2560\" height=\"1920\" class=\"wp-block-cover__image-background wp-image-80\" alt=\"\" src=\"https:\/\/blocsenresidencia.bcn.cat\/antaviana2023\/wp-content\/uploads\/2023\/03\/20221102_155848-1-scaled.jpg\" data-object-fit=\"cover\" srcset=\"https:\/\/blocsenresidencia.bcn.cat\/antaviana2023\/wp-content\/uploads\/2023\/03\/20221102_155848-1-scaled.jpg 2560w, https:\/\/blocsenresidencia.bcn.cat\/antaviana2023\/wp-content\/uploads\/2023\/03\/20221102_155848-1-300x225.jpg 300w, https:\/\/blocsenresidencia.bcn.cat\/antaviana2023\/wp-content\/uploads\/2023\/03\/20221102_155848-1-1024x768.jpg 1024w, https:\/\/blocsenresidencia.bcn.cat\/antaviana2023\/wp-content\/uploads\/2023\/03\/20221102_155848-1-768x576.jpg 768w, https:\/\/blocsenresidencia.bcn.cat\/antaviana2023\/wp-content\/uploads\/2023\/03\/20221102_155848-1-1536x1152.jpg 1536w, https:\/\/blocsenresidencia.bcn.cat\/antaviana2023\/wp-content\/uploads\/2023\/03\/20221102_155848-1-2048x1536.jpg 2048w\" sizes=\"auto, (max-width: 767px) 89vw, (max-width: 1000px) 54vw, (max-width: 1071px) 543px, 580px\" \/><div class=\"wp-block-cover__inner-container is-layout-flow wp-block-cover-is-layout-flow\">\n<p>Serhii:<\/p>\n\n\n\n<p>Per a mi el <strong>so<\/strong> \u00e9s tot el que escoltem, tot el que fa soroll com, per exemple, parlar o menjar patates o el so de la tele, el motor d&#8217;un cotxe, els animals quan parlen&#8230; Gaireb\u00e9 tot produeix so.<\/p>\n\n\n\n<p>Amb el so es pot fer tot el que sigui, can\u00e7ons \u00e9s el que m\u00e9s es fa, per\u00f2 sempre nosaltres parlem, i \u00e9s so, tamb\u00e9 es pot utilitzar el so com una arma per fer mal a les orelles.<\/p>\n\n\n\n<p>Per a mi la <strong>melodia<\/strong> \u00e9s m\u00fasica, per\u00f2 sense cantar, com un ritme, per\u00f2 tamb\u00e9 penso que la melodia \u00e9s m\u00fasica que \u00e9s com relaxant ,que \u00e9s molt tranquil\u00b7la i que \u00e9s bona per les orelles<\/p>\n\n\n\n<p>Amb la melodia es poden fer moltes coses com, per exemple, utilitzar una melodia de banda sonora d&#8217;una pel\u00b7licula o d&#8217;una actuaci\u00f3. Tamb\u00e9 utilitzem melodies per a poder relaxar-nos.<\/p>\n\n\n\n<p>Per a mi el <strong>moviment<\/strong> \u00e9s quan el nostre cos fa alguna cosa f\u00edsica. No t\u00e9 perqu\u00e8 ser el nostre cos, pot ser qualsevol cosa que faci un moviment f\u00edsic, mec\u00e0nic o qualsevol moviment.<\/p>\n\n\n\n<p>I amb el moviment es poden fer moltes coses, el millor \u00e9s, per exemple, el futbol, el b\u00e0squet i moltes m\u00e9s coses. Tamb\u00e9 amb el moviment es graven pelis i moltes de les actuacions de circ, teatre, etc. s\u00f3n amb moviment.<\/p>\n<\/div><\/div>\n\n\n\n<p> <\/p>\n\n\n\n<div class=\"wp-block-cover is-light\"><span aria-hidden=\"true\" class=\"wp-block-cover__background has-background-dim\"><\/span><img loading=\"lazy\" decoding=\"async\" width=\"2560\" height=\"1920\" class=\"wp-block-cover__image-background wp-image-81\" alt=\"\" src=\"https:\/\/blocsenresidencia.bcn.cat\/antaviana2023\/wp-content\/uploads\/2023\/03\/20221123_161511-1-scaled.jpg\" data-object-fit=\"cover\" srcset=\"https:\/\/blocsenresidencia.bcn.cat\/antaviana2023\/wp-content\/uploads\/2023\/03\/20221123_161511-1-scaled.jpg 2560w, https:\/\/blocsenresidencia.bcn.cat\/antaviana2023\/wp-content\/uploads\/2023\/03\/20221123_161511-1-300x225.jpg 300w, https:\/\/blocsenresidencia.bcn.cat\/antaviana2023\/wp-content\/uploads\/2023\/03\/20221123_161511-1-1024x768.jpg 1024w, https:\/\/blocsenresidencia.bcn.cat\/antaviana2023\/wp-content\/uploads\/2023\/03\/20221123_161511-1-768x576.jpg 768w, https:\/\/blocsenresidencia.bcn.cat\/antaviana2023\/wp-content\/uploads\/2023\/03\/20221123_161511-1-1536x1152.jpg 1536w, https:\/\/blocsenresidencia.bcn.cat\/antaviana2023\/wp-content\/uploads\/2023\/03\/20221123_161511-1-2048x1536.jpg 2048w\" sizes=\"auto, (max-width: 767px) 89vw, (max-width: 1000px) 54vw, (max-width: 1071px) 543px, 580px\" \/><div class=\"wp-block-cover__inner-container is-layout-flow wp-block-cover-is-layout-flow\">\n<p><strong>Nerea<\/strong>:<\/p>\n\n\n\n<p> El <strong>so<\/strong> per mi \u00e9s un soroll que produ\u00efm o que poden tenir tots els objectes. Jo crec que el so, en gaireb\u00e9\u00a0 tots els casos, \u00e9s bastant desagradable. Amb el so es pot fer xivarri, ritmes de diferents pulsacions, agafar diferents objectes que produeixin so i fer dos ritmes que sonin b\u00e9\u2026<\/p>\n\n\n\n<p>Per a mi la <strong>melodia<\/strong> \u00e9s un soroll que podem sentir i que en gaireb\u00e9 tots els casos \u00e9s agradable i no molesta. Amb el so podem fer la base d\u2019una can\u00e7\u00f3, la melodia d\u2019una pel\u00b7l\u00edcula, la melodia d\u2019un v\u00eddeoclip\u2026 I comparada amb el so, la melodia \u00e9s bonica de sentir.<\/p>\n\n\n\n<p>El <strong>moviment<\/strong> \u00e9s activitat f\u00edsica que produ\u00efm amb el cos o que fem en agafar objectes o en moure coses. Tamb\u00e9, encara que \u00e9s inconscient, quan el cor batega tamb\u00e9 es produeix moviment ,o quan respirem. Amb el moviment podem crear coreografies de ball, respirar, cuinar , fer diferents danses\u2026 Jo crec que el moviment tamb\u00e9 pot ser una forma d&#8217;expressar-se molt maca i de fer-ho d&#8217;una forma diferent que no sigui amb paraules. De vegades, quan no t&#8217;atreveixes a parlar, amb el moviment pots expressar tot el que sents i fer-ho d\u2019una forma art\u00edstica.<\/p>\n<\/div><\/div>\n\n\n\n<div class=\"wp-block-cover\"><span aria-hidden=\"true\" class=\"wp-block-cover__background has-background-dim\"><\/span><img loading=\"lazy\" decoding=\"async\" width=\"1920\" height=\"2560\" class=\"wp-block-cover__image-background wp-image-82\" alt=\"\" src=\"https:\/\/blocsenresidencia.bcn.cat\/antaviana2023\/wp-content\/uploads\/2023\/03\/20221102_094942-2-scaled.jpg\" data-object-fit=\"cover\" srcset=\"https:\/\/blocsenresidencia.bcn.cat\/antaviana2023\/wp-content\/uploads\/2023\/03\/20221102_094942-2-scaled.jpg 1920w, https:\/\/blocsenresidencia.bcn.cat\/antaviana2023\/wp-content\/uploads\/2023\/03\/20221102_094942-2-225x300.jpg 225w, https:\/\/blocsenresidencia.bcn.cat\/antaviana2023\/wp-content\/uploads\/2023\/03\/20221102_094942-2-768x1024.jpg 768w, https:\/\/blocsenresidencia.bcn.cat\/antaviana2023\/wp-content\/uploads\/2023\/03\/20221102_094942-2-1152x1536.jpg 1152w, https:\/\/blocsenresidencia.bcn.cat\/antaviana2023\/wp-content\/uploads\/2023\/03\/20221102_094942-2-1536x2048.jpg 1536w\" sizes=\"auto, (max-width: 767px) 89vw, (max-width: 1000px) 54vw, (max-width: 1071px) 543px, 580px\" \/><div class=\"wp-block-cover__inner-container is-layout-flow wp-block-cover-is-layout-flow\">\n<p><strong>Paula<\/strong>:<\/p>\n\n\n\n<p>El <strong>so<\/strong> \u00e9s una cosa que sona, gr\u00e0cies als sons podem fer moltes coses. El so \u00e9s una cosa quotidiana, que menys els sords, tothom escolta cada dia, perqu\u00e8 parlar ja \u00e9s un so. La majoria de gent reprodueix sons amb la boca i amb qualsevol part del cos es poden reproduir sons. Amb els sons podem comunicar-nos\u2026 i amb un conjunt de sons podem aconseguir una melodia, una can\u00e7\u00f3, etc\u2026 El so \u00e9s el principi de tot el que sona.&nbsp;<\/p>\n\n\n\n<p>La <strong>melodia<\/strong> \u00e9s un conjunt de sons que conjuntament fan una melodia. La melodia la podem trobar en can\u00e7ons, la melodia \u00e9s una cosa que gr\u00e0cies als sons la podem fer servir. Amb la melodia podem fer can\u00e7ons, ritmes\u2026<\/p>\n\n\n\n<p>El <strong>moviment<\/strong> \u00e9s un despla\u00e7ament en qu\u00e8 es canvia de posici\u00f3. Un cos en moviment es pot despla\u00e7ar. Amb el moviment podem moure&#8217;ns i, a vegades, tamb\u00e9 comunicar-nos, ballar\u2026<\/p>\n\n\n\n<p>Tamb\u00e9 podem ajuntar les tres coses, si ajuntem el so i el moviment podem fer expressi\u00f3 corporal, si ajuntem la melodia i el moviment podem fer un ball amb la m\u00fasica de la melodia.<\/p>\n\n\n\n<p>El so i el moviment s\u00f3n coses quotidianes i&nbsp; la melodia \u00e9s quotidiana, per\u00f2 no del tot.&nbsp;<\/p>\n<\/div><\/div>\n\n\n\n<div class=\"wp-block-cover is-light\"><span aria-hidden=\"true\" class=\"wp-block-cover__background has-background-dim\"><\/span><img loading=\"lazy\" decoding=\"async\" width=\"2560\" height=\"1920\" class=\"wp-block-cover__image-background wp-image-83\" alt=\"\" src=\"https:\/\/blocsenresidencia.bcn.cat\/antaviana2023\/wp-content\/uploads\/2023\/03\/20221102_155848-2-scaled.jpg\" data-object-fit=\"cover\" srcset=\"https:\/\/blocsenresidencia.bcn.cat\/antaviana2023\/wp-content\/uploads\/2023\/03\/20221102_155848-2-scaled.jpg 2560w, https:\/\/blocsenresidencia.bcn.cat\/antaviana2023\/wp-content\/uploads\/2023\/03\/20221102_155848-2-300x225.jpg 300w, https:\/\/blocsenresidencia.bcn.cat\/antaviana2023\/wp-content\/uploads\/2023\/03\/20221102_155848-2-1024x768.jpg 1024w, https:\/\/blocsenresidencia.bcn.cat\/antaviana2023\/wp-content\/uploads\/2023\/03\/20221102_155848-2-768x576.jpg 768w, https:\/\/blocsenresidencia.bcn.cat\/antaviana2023\/wp-content\/uploads\/2023\/03\/20221102_155848-2-1536x1152.jpg 1536w, https:\/\/blocsenresidencia.bcn.cat\/antaviana2023\/wp-content\/uploads\/2023\/03\/20221102_155848-2-2048x1536.jpg 2048w\" sizes=\"auto, (max-width: 767px) 89vw, (max-width: 1000px) 54vw, (max-width: 1071px) 543px, 580px\" \/><div class=\"wp-block-cover__inner-container is-layout-flow wp-block-cover-is-layout-flow\">\n<p><strong>Ona<\/strong>:<\/p>\n\n\n\n<p>El <strong>so<\/strong> \u00e9s qualsevol moviment que contacta un objecte amb un altre. Quan compons sons i experimentes amb ells pots desenvolupar sons coneguts i quotidians o sons nous que mai hav\u00edem escoltat, sons de totes les maneres. Sons m\u00e9s forts, m\u00e9s baixets, m\u00e9s concentrats, o no tant&#8230; Quan, a partir d&#8217;aquest desenvolupament, ajuntant els diferents sons descoberts a aquests els acompanyem encara amb m\u00e9s sons, ens dona una<strong> melodia<\/strong>. La melodia \u00e9s un conjunt de sons, de notes, de cops&#8230; que donen pas a una can\u00e7\u00f3, una pe\u00e7a o una composici\u00f3. Igual que de sons, de melodia n&#8217;hi ha de tota mena. Ja tenint una melodia composta per tota mena de sons, podem donar pas a la interpretaci\u00f3 d&#8217;aquella pe\u00e7a&#8230;Els <strong>moviments<\/strong> que fem amb el cos, com ens movem i com ens expressem amb el cos. <\/p>\n\n\n\n<p>Tots aquests moviments, junts amb un sentit, que tingui a veure amb la melodia, amb la manera d&#8217;expressar el contingut d&#8217;aquella pe\u00e7a, aix\u00ed transmetem els nostres sentiments, o no. Tot aix\u00f2 junt dona una pe\u00e7a o una obra molt bonica, amb expressivitat, sentiment,&#8230; <\/p>\n\n\n\n<p>Hi ha mil maneres de fer una pe\u00e7a amb sons, melodia i moviment, expressant alguna cosa o sense fer-ho.<\/p>\n<\/div><\/div>\n\n\n\n<p><\/p>\n","protected":false},"excerpt":{"rendered":"","protected":false},"author":5,"featured_media":0,"comment_status":"open","ping_status":"open","sticky":false,"template":"","format":"standard","meta":{"footnotes":""},"categories":[1],"tags":[],"class_list":["post-46","post","type-post","status-publish","format-standard","hentry","category-general"],"_links":{"self":[{"href":"https:\/\/blocsenresidencia.bcn.cat\/antaviana2023\/wp-json\/wp\/v2\/posts\/46","targetHints":{"allow":["GET"]}}],"collection":[{"href":"https:\/\/blocsenresidencia.bcn.cat\/antaviana2023\/wp-json\/wp\/v2\/posts"}],"about":[{"href":"https:\/\/blocsenresidencia.bcn.cat\/antaviana2023\/wp-json\/wp\/v2\/types\/post"}],"author":[{"embeddable":true,"href":"https:\/\/blocsenresidencia.bcn.cat\/antaviana2023\/wp-json\/wp\/v2\/users\/5"}],"replies":[{"embeddable":true,"href":"https:\/\/blocsenresidencia.bcn.cat\/antaviana2023\/wp-json\/wp\/v2\/comments?post=46"}],"version-history":[{"count":3,"href":"https:\/\/blocsenresidencia.bcn.cat\/antaviana2023\/wp-json\/wp\/v2\/posts\/46\/revisions"}],"predecessor-version":[{"id":84,"href":"https:\/\/blocsenresidencia.bcn.cat\/antaviana2023\/wp-json\/wp\/v2\/posts\/46\/revisions\/84"}],"wp:attachment":[{"href":"https:\/\/blocsenresidencia.bcn.cat\/antaviana2023\/wp-json\/wp\/v2\/media?parent=46"}],"wp:term":[{"taxonomy":"category","embeddable":true,"href":"https:\/\/blocsenresidencia.bcn.cat\/antaviana2023\/wp-json\/wp\/v2\/categories?post=46"},{"taxonomy":"post_tag","embeddable":true,"href":"https:\/\/blocsenresidencia.bcn.cat\/antaviana2023\/wp-json\/wp\/v2\/tags?post=46"}],"curies":[{"name":"wp","href":"https:\/\/api.w.org\/{rel}","templated":true}]}}