{"id":96,"date":"2022-12-05T13:45:00","date_gmt":"2022-12-05T11:45:00","guid":{"rendered":"https:\/\/blocsenresidencia.bcn.cat\/antaviana2023\/?p=96"},"modified":"2023-03-07T22:53:55","modified_gmt":"2023-03-07T20:53:55","slug":"segona-sessio","status":"publish","type":"post","link":"https:\/\/blocsenresidencia.bcn.cat\/antaviana2023\/2022\/12\/05\/segona-sessio\/","title":{"rendered":"Segona sessi\u00f3"},"content":{"rendered":"\n<p>a la segona sessi\u00f3 vam anar als m\u00f2duls que hi ha a l\u2019institut, on hav\u00edem fet classe el primer dia. Vam fer un breu rep\u00e0s d\u2019algunes coses que ja hav\u00edem fet en la sessi\u00f3 anterior. Vam agafar uns objectes (tub de pl\u00e0stic, tisores, xinxetes,&#8230;)&nbsp; i amb aquests objectes vam fer tres sons i vam mostrar-los als altres.&nbsp;<\/p>\n\n\n\n<p>Despr\u00e9s vam buscar uns altres sons amb els objectes que hav\u00edem triat o amb d\u2019altres. Despr\u00e9s d&#8217;aix\u00f2, ens vam posar en parelles o en grup per fer una esp\u00e8cie de conversa amb els sons dels objectes per m\u00e9s tard tornar a mostrar-les.&nbsp;<\/p>\n\n\n\n<figure class=\"wp-block-gallery has-nested-images columns-default is-cropped wp-block-gallery-1 is-layout-flex wp-block-gallery-is-layout-flex\">\n<figure class=\"wp-block-image size-large\"><img loading=\"lazy\" decoding=\"async\" width=\"768\" height=\"1024\" data-id=\"97\" src=\"https:\/\/blocsenresidencia.bcn.cat\/antaviana2023\/wp-content\/uploads\/2023\/03\/20220928_150648-768x1024.jpg\" alt=\"\" class=\"wp-image-97\" srcset=\"https:\/\/blocsenresidencia.bcn.cat\/antaviana2023\/wp-content\/uploads\/2023\/03\/20220928_150648-768x1024.jpg 768w, https:\/\/blocsenresidencia.bcn.cat\/antaviana2023\/wp-content\/uploads\/2023\/03\/20220928_150648-225x300.jpg 225w, https:\/\/blocsenresidencia.bcn.cat\/antaviana2023\/wp-content\/uploads\/2023\/03\/20220928_150648-1152x1536.jpg 1152w, https:\/\/blocsenresidencia.bcn.cat\/antaviana2023\/wp-content\/uploads\/2023\/03\/20220928_150648-1536x2048.jpg 1536w, https:\/\/blocsenresidencia.bcn.cat\/antaviana2023\/wp-content\/uploads\/2023\/03\/20220928_150648-scaled.jpg 1920w\" sizes=\"auto, (max-width: 767px) 89vw, (max-width: 1000px) 54vw, (max-width: 1071px) 543px, 580px\" \/><\/figure>\n\n\n\n<figure class=\"wp-block-image size-large\"><img loading=\"lazy\" decoding=\"async\" width=\"1024\" height=\"768\" data-id=\"98\" src=\"https:\/\/blocsenresidencia.bcn.cat\/antaviana2023\/wp-content\/uploads\/2023\/03\/20221102_155848-3-1024x768.jpg\" alt=\"\" class=\"wp-image-98\" srcset=\"https:\/\/blocsenresidencia.bcn.cat\/antaviana2023\/wp-content\/uploads\/2023\/03\/20221102_155848-3-1024x768.jpg 1024w, https:\/\/blocsenresidencia.bcn.cat\/antaviana2023\/wp-content\/uploads\/2023\/03\/20221102_155848-3-300x225.jpg 300w, https:\/\/blocsenresidencia.bcn.cat\/antaviana2023\/wp-content\/uploads\/2023\/03\/20221102_155848-3-768x576.jpg 768w, https:\/\/blocsenresidencia.bcn.cat\/antaviana2023\/wp-content\/uploads\/2023\/03\/20221102_155848-3-1536x1152.jpg 1536w, https:\/\/blocsenresidencia.bcn.cat\/antaviana2023\/wp-content\/uploads\/2023\/03\/20221102_155848-3-2048x1536.jpg 2048w\" sizes=\"auto, (max-width: 767px) 89vw, (max-width: 1000px) 54vw, (max-width: 1071px) 543px, 580px\" \/><\/figure>\n<\/figure>\n\n\n\n<p>Posteriorment, vam posar-nos en altres grups per fer una melodia en grups m\u00e9s amplis. Vam tenir bastant temps per fer-ho i practicar-ho.&nbsp;<\/p>\n\n\n\n<p>En acabar vam mostrar les peces a la resta dels grups. La melodia que va fer el nostre grup, va sortir b\u00e9, per\u00f2 al final vam tenir uns problemes i no vam poder fer el final com el ten\u00edem pensat.&nbsp;<\/p>\n\n\n\n<p>Al final de la classe vam fer un rep\u00e0s de tots els nous conceptes que hi hav\u00edem apr\u00e8s.&nbsp;<\/p>\n\n\n\n<p>La classe ens va resultar una mica avorrida ja que vam fer el mateix que a l\u2019anterior.<\/p>\n","protected":false},"excerpt":{"rendered":"<p>a la segona sessi\u00f3 vam anar als m\u00f2duls que hi ha a l\u2019institut, on hav\u00edem fet classe el primer dia. Vam fer un breu rep\u00e0s d\u2019algunes coses que ja hav\u00edem fet en la sessi\u00f3 anterior. Vam agafar uns objectes (tub de pl\u00e0stic, tisores, xinxetes,&#8230;)&nbsp; i amb aquests objectes vam fer tres sons i vam mostrar-los &hellip; <\/p>\n<p class=\"link-more\"><a href=\"https:\/\/blocsenresidencia.bcn.cat\/antaviana2023\/2022\/12\/05\/segona-sessio\/\" class=\"more-link\">Continua llegint <span class=\"screen-reader-text\">\u00abSegona sessi\u00f3\u00bb<\/span><\/a><\/p>\n","protected":false},"author":5,"featured_media":0,"comment_status":"open","ping_status":"open","sticky":false,"template":"","format":"standard","meta":{"footnotes":""},"categories":[1],"tags":[],"class_list":["post-96","post","type-post","status-publish","format-standard","hentry","category-general"],"_links":{"self":[{"href":"https:\/\/blocsenresidencia.bcn.cat\/antaviana2023\/wp-json\/wp\/v2\/posts\/96","targetHints":{"allow":["GET"]}}],"collection":[{"href":"https:\/\/blocsenresidencia.bcn.cat\/antaviana2023\/wp-json\/wp\/v2\/posts"}],"about":[{"href":"https:\/\/blocsenresidencia.bcn.cat\/antaviana2023\/wp-json\/wp\/v2\/types\/post"}],"author":[{"embeddable":true,"href":"https:\/\/blocsenresidencia.bcn.cat\/antaviana2023\/wp-json\/wp\/v2\/users\/5"}],"replies":[{"embeddable":true,"href":"https:\/\/blocsenresidencia.bcn.cat\/antaviana2023\/wp-json\/wp\/v2\/comments?post=96"}],"version-history":[{"count":2,"href":"https:\/\/blocsenresidencia.bcn.cat\/antaviana2023\/wp-json\/wp\/v2\/posts\/96\/revisions"}],"predecessor-version":[{"id":100,"href":"https:\/\/blocsenresidencia.bcn.cat\/antaviana2023\/wp-json\/wp\/v2\/posts\/96\/revisions\/100"}],"wp:attachment":[{"href":"https:\/\/blocsenresidencia.bcn.cat\/antaviana2023\/wp-json\/wp\/v2\/media?parent=96"}],"wp:term":[{"taxonomy":"category","embeddable":true,"href":"https:\/\/blocsenresidencia.bcn.cat\/antaviana2023\/wp-json\/wp\/v2\/categories?post=96"},{"taxonomy":"post_tag","embeddable":true,"href":"https:\/\/blocsenresidencia.bcn.cat\/antaviana2023\/wp-json\/wp\/v2\/tags?post=96"}],"curies":[{"name":"wp","href":"https:\/\/api.w.org\/{rel}","templated":true}]}}