{"id":298,"date":"2023-10-09T14:00:00","date_gmt":"2023-10-09T12:00:00","guid":{"rendered":"https:\/\/blocsenresidencia.bcn.cat\/antaviana2024\/?p=298"},"modified":"2024-06-11T21:26:13","modified_gmt":"2024-06-11T19:26:13","slug":"comenca-el-moviment","status":"publish","type":"post","link":"https:\/\/blocsenresidencia.bcn.cat\/antaviana2024\/comenca-el-moviment\/","title":{"rendered":"Comen\u00e7a el moviment"},"content":{"rendered":"\n<p class=\"has-text-align-left\">Aquest any l&#8217;alumnat de l&#8217;IE Antaviana a l&#8217;optativa de 3r d&#8217;ESO EN RESID\u00c8NCIA treballarem el moviment i la dansa amb el Mercat de les Flors, amb la Milagros i la Valentina que s\u00f3n les artistes integrants del col\u00b7lectiu SLMFV ( <a href=\"https:\/\/www.silosmartesfueranviernes.com\/\">Si los Martes fueran Viernes<\/a>). Cada dimecres a la tarda ens trobarem a l&#8217;espai \u00c0gora de l&#8217;institut per entendre el moviment com una art esc\u00e8nica i de creaci\u00f3.<\/p>\n\n\n\n<figure class=\"wp-block-image size-full\"><img loading=\"lazy\" decoding=\"async\" width=\"390\" height=\"560\" src=\"https:\/\/blocsenresidencia.bcn.cat\/antaviana2024\/wp-content\/uploads\/2023\/11\/CARTELLTEATRE-BARCELONA-2022-MERCAT-DE-LES-FLORS-SI-LOS-MARTES-FUERAN-VIERNES_casa_nostra-1.webp\" alt=\"\" class=\"wp-image-310\" srcset=\"https:\/\/blocsenresidencia.bcn.cat\/antaviana2024\/wp-content\/uploads\/2023\/11\/CARTELLTEATRE-BARCELONA-2022-MERCAT-DE-LES-FLORS-SI-LOS-MARTES-FUERAN-VIERNES_casa_nostra-1.webp 390w, https:\/\/blocsenresidencia.bcn.cat\/antaviana2024\/wp-content\/uploads\/2023\/11\/CARTELLTEATRE-BARCELONA-2022-MERCAT-DE-LES-FLORS-SI-LOS-MARTES-FUERAN-VIERNES_casa_nostra-1-209x300.webp 209w\" sizes=\"auto, (max-width: 390px) 100vw, 390px\" \/><\/figure>\n","protected":false},"excerpt":{"rendered":"<p>Aquest any l&#8217;alumnat de l&#8217;IE Antaviana a l&#8217;optativa de 3r d&#8217;ESO EN RESID\u00c8NCIA treballarem el moviment i la dansa amb el Mercat de les Flors, amb la Milagros i la Valentina que s\u00f3n les artistes integrants del col\u00b7lectiu SLMFV ( Si los Martes fueran Viernes). Cada dimecres a la tarda ens trobarem a l&#8217;espai \u00c0gora &hellip; <\/p>\n<p class=\"link-more\"><a href=\"https:\/\/blocsenresidencia.bcn.cat\/antaviana2024\/comenca-el-moviment\/\" class=\"more-link\">Continua llegint <span class=\"screen-reader-text\">\u00abComen\u00e7a el moviment\u00bb<\/span><\/a><\/p>\n","protected":false},"author":9,"featured_media":0,"comment_status":"open","ping_status":"open","sticky":false,"template":"","format":"standard","meta":{"footnotes":""},"categories":[1],"tags":[4,5],"class_list":["post-298","post","type-post","status-publish","format-standard","hentry","category-general","tag-dansa","tag-mercat-de-les-flors"],"_links":{"self":[{"href":"https:\/\/blocsenresidencia.bcn.cat\/antaviana2024\/wp-json\/wp\/v2\/posts\/298","targetHints":{"allow":["GET"]}}],"collection":[{"href":"https:\/\/blocsenresidencia.bcn.cat\/antaviana2024\/wp-json\/wp\/v2\/posts"}],"about":[{"href":"https:\/\/blocsenresidencia.bcn.cat\/antaviana2024\/wp-json\/wp\/v2\/types\/post"}],"author":[{"embeddable":true,"href":"https:\/\/blocsenresidencia.bcn.cat\/antaviana2024\/wp-json\/wp\/v2\/users\/9"}],"replies":[{"embeddable":true,"href":"https:\/\/blocsenresidencia.bcn.cat\/antaviana2024\/wp-json\/wp\/v2\/comments?post=298"}],"version-history":[{"count":4,"href":"https:\/\/blocsenresidencia.bcn.cat\/antaviana2024\/wp-json\/wp\/v2\/posts\/298\/revisions"}],"predecessor-version":[{"id":474,"href":"https:\/\/blocsenresidencia.bcn.cat\/antaviana2024\/wp-json\/wp\/v2\/posts\/298\/revisions\/474"}],"wp:attachment":[{"href":"https:\/\/blocsenresidencia.bcn.cat\/antaviana2024\/wp-json\/wp\/v2\/media?parent=298"}],"wp:term":[{"taxonomy":"category","embeddable":true,"href":"https:\/\/blocsenresidencia.bcn.cat\/antaviana2024\/wp-json\/wp\/v2\/categories?post=298"},{"taxonomy":"post_tag","embeddable":true,"href":"https:\/\/blocsenresidencia.bcn.cat\/antaviana2024\/wp-json\/wp\/v2\/tags?post=298"}],"curies":[{"name":"wp","href":"https:\/\/api.w.org\/{rel}","templated":true}]}}