{"id":349,"date":"2024-03-04T14:00:00","date_gmt":"2024-03-04T12:00:00","guid":{"rendered":"https:\/\/blocsenresidencia.bcn.cat\/antaviana2024\/?p=349"},"modified":"2024-03-12T17:31:14","modified_gmt":"2024-03-12T15:31:14","slug":"tot-un-dia-al-graner-fem-un-residencia-tecnica","status":"publish","type":"post","link":"https:\/\/blocsenresidencia.bcn.cat\/antaviana2024\/tot-un-dia-al-graner-fem-un-residencia-tecnica\/","title":{"rendered":"Tot un dia al Graner \/ Fem un resid\u00e8ncia t\u00e8cnica"},"content":{"rendered":"\n<p>En aquesta sessi\u00f3 ha tocat anar d\u2019excursi\u00f3 al Graner. El Graner \u00e9s un espai de creaci\u00f3 i resid\u00e8ncia per a artistes esc\u00e8nics situat a la ciutat de Barcelona. Fundat el 2010, el Graner ofereix suport a artistes i companyies de dansa i altres disciplines esc\u00e8niques per al desenvolupament dels seus projectes.&nbsp;<\/p>\n\n\n\n<p>A m\u00e9s a m\u00e9s, de les resid\u00e8ncies art\u00edstiques, ofereix diverses activitats com tallers, confer\u00e8ncies i espectacles oberts al p\u00fablic. L&#8217;objectiu principal del Graner \u00e9s fomentar la creaci\u00f3 i la innovaci\u00f3 en les arts esc\u00e8niques, oferint un espai f\u00edsic i recursos per al desenvolupament de nous treballs i la investigaci\u00f3 en l&#8217;\u00e0mbit de la dansa i el teatre contemporanis. ( Tot aix\u00f2 \u00e9s la informaci\u00f3 que he trobat a Mr. Google sobre El Graner).<\/p>\n\n\n\n<p>Hem agafat la l\u00ednia 3 de metro i hem baixat a Pla\u00e7a Espanya on hem agafat un autob\u00fas que ens ha portat fins al Graner. Un cop all\u00e0, abans d\u2019entrar a ballar i coreografiar, ens hem assegut en uns bancs&nbsp; que hi havia al parc del davant per a esmorzar.&nbsp;<\/p>\n\n\n\n<p>Hem entrat i hem comen\u00e7at a fer la sessi\u00f3 amb la Milagros i la Valentina. Hem estat en una sala que tenia una taula de llums i una taula de so. Hem comen\u00e7at fent una passada a la \u201citaliana\u201d de tota la pe\u00e7a que ja ten\u00edem creada. Despr\u00e9s de fer la passada a la \u201citaliana\u201d, hem fet la pe\u00e7a a un ritme normal.&nbsp;<\/p>\n\n\n\n<p>Quan hem acabat la part de dansa i de la pe\u00e7a que estem creant i millorant, ens han deixat programar llums i so de la sala amb les taules que hi havia per a l\u2019obra. Alguns hem apr\u00e8s a fer servir la taula de llums, ja que estem involucrats en el grup d\u2019il\u00b7luminaci\u00f3 o de so. Hem posat filtres de colors amb diferents intensitats lluminoses. Ten\u00edem llums frontals (venen del davant), laterals (venen dels costats), panor\u00e0miques (llums que venen del sostre i il\u00b7luminen poc, per\u00f2 tota la sala),\u00a0 retalls (un tros de la sala s&#8217;il\u00b7lumina) i carrerons ( s\u00f3n uns focus al terra que dibuixen un cam\u00ed de llum).\u00a0<\/p>\n\n\n\n<figure class=\"wp-block-gallery has-nested-images columns-default is-cropped wp-block-gallery-1 is-layout-flex wp-block-gallery-is-layout-flex\">\n<figure class=\"wp-block-image size-large\"><img loading=\"lazy\" decoding=\"async\" width=\"1024\" height=\"577\" data-id=\"354\" src=\"https:\/\/blocsenresidencia.bcn.cat\/antaviana2024\/wp-content\/uploads\/2024\/03\/IMG_20240228_102229-1024x577.jpg\" alt=\"\" class=\"wp-image-354\" srcset=\"https:\/\/blocsenresidencia.bcn.cat\/antaviana2024\/wp-content\/uploads\/2024\/03\/IMG_20240228_102229-1024x577.jpg 1024w, https:\/\/blocsenresidencia.bcn.cat\/antaviana2024\/wp-content\/uploads\/2024\/03\/IMG_20240228_102229-300x169.jpg 300w, https:\/\/blocsenresidencia.bcn.cat\/antaviana2024\/wp-content\/uploads\/2024\/03\/IMG_20240228_102229-768x432.jpg 768w, https:\/\/blocsenresidencia.bcn.cat\/antaviana2024\/wp-content\/uploads\/2024\/03\/IMG_20240228_102229-1536x865.jpg 1536w, https:\/\/blocsenresidencia.bcn.cat\/antaviana2024\/wp-content\/uploads\/2024\/03\/IMG_20240228_102229-2048x1153.jpg 2048w\" sizes=\"auto, (max-width: 767px) 89vw, (max-width: 1000px) 54vw, (max-width: 1071px) 543px, 580px\" \/><\/figure>\n\n\n\n<figure class=\"wp-block-image size-large\"><img loading=\"lazy\" decoding=\"async\" width=\"1024\" height=\"577\" data-id=\"355\" src=\"https:\/\/blocsenresidencia.bcn.cat\/antaviana2024\/wp-content\/uploads\/2024\/03\/IMG_20240228_102335-1024x577.jpg\" alt=\"\" class=\"wp-image-355\" srcset=\"https:\/\/blocsenresidencia.bcn.cat\/antaviana2024\/wp-content\/uploads\/2024\/03\/IMG_20240228_102335-1024x577.jpg 1024w, https:\/\/blocsenresidencia.bcn.cat\/antaviana2024\/wp-content\/uploads\/2024\/03\/IMG_20240228_102335-300x169.jpg 300w, https:\/\/blocsenresidencia.bcn.cat\/antaviana2024\/wp-content\/uploads\/2024\/03\/IMG_20240228_102335-768x432.jpg 768w, https:\/\/blocsenresidencia.bcn.cat\/antaviana2024\/wp-content\/uploads\/2024\/03\/IMG_20240228_102335-1536x865.jpg 1536w, https:\/\/blocsenresidencia.bcn.cat\/antaviana2024\/wp-content\/uploads\/2024\/03\/IMG_20240228_102335-2048x1153.jpg 2048w\" sizes=\"auto, (max-width: 767px) 89vw, (max-width: 1000px) 54vw, (max-width: 1071px) 543px, 580px\" \/><\/figure>\n\n\n\n<figure class=\"wp-block-image size-large\"><img loading=\"lazy\" decoding=\"async\" width=\"1024\" height=\"577\" data-id=\"357\" src=\"https:\/\/blocsenresidencia.bcn.cat\/antaviana2024\/wp-content\/uploads\/2024\/03\/IMG_20240228_120222-1024x577.jpg\" alt=\"\" class=\"wp-image-357\" srcset=\"https:\/\/blocsenresidencia.bcn.cat\/antaviana2024\/wp-content\/uploads\/2024\/03\/IMG_20240228_120222-1024x577.jpg 1024w, https:\/\/blocsenresidencia.bcn.cat\/antaviana2024\/wp-content\/uploads\/2024\/03\/IMG_20240228_120222-300x169.jpg 300w, https:\/\/blocsenresidencia.bcn.cat\/antaviana2024\/wp-content\/uploads\/2024\/03\/IMG_20240228_120222-768x432.jpg 768w, https:\/\/blocsenresidencia.bcn.cat\/antaviana2024\/wp-content\/uploads\/2024\/03\/IMG_20240228_120222-1536x865.jpg 1536w, https:\/\/blocsenresidencia.bcn.cat\/antaviana2024\/wp-content\/uploads\/2024\/03\/IMG_20240228_120222-2048x1153.jpg 2048w\" sizes=\"auto, (max-width: 767px) 89vw, (max-width: 1000px) 54vw, (max-width: 1071px) 543px, 580px\" \/><\/figure>\n\n\n\n<figure class=\"wp-block-image size-large\"><img loading=\"lazy\" decoding=\"async\" width=\"1024\" height=\"577\" data-id=\"356\" src=\"https:\/\/blocsenresidencia.bcn.cat\/antaviana2024\/wp-content\/uploads\/2024\/03\/IMG_20240228_121111-1024x577.jpg\" alt=\"\" class=\"wp-image-356\" srcset=\"https:\/\/blocsenresidencia.bcn.cat\/antaviana2024\/wp-content\/uploads\/2024\/03\/IMG_20240228_121111-1024x577.jpg 1024w, https:\/\/blocsenresidencia.bcn.cat\/antaviana2024\/wp-content\/uploads\/2024\/03\/IMG_20240228_121111-300x169.jpg 300w, https:\/\/blocsenresidencia.bcn.cat\/antaviana2024\/wp-content\/uploads\/2024\/03\/IMG_20240228_121111-768x432.jpg 768w, https:\/\/blocsenresidencia.bcn.cat\/antaviana2024\/wp-content\/uploads\/2024\/03\/IMG_20240228_121111-1536x865.jpg 1536w, https:\/\/blocsenresidencia.bcn.cat\/antaviana2024\/wp-content\/uploads\/2024\/03\/IMG_20240228_121111-2048x1153.jpg 2048w\" sizes=\"auto, (max-width: 767px) 89vw, (max-width: 1000px) 54vw, (max-width: 1071px) 543px, 580px\" \/><\/figure>\n\n\n\n<figure class=\"wp-block-image size-large\"><img loading=\"lazy\" decoding=\"async\" width=\"1024\" height=\"577\" data-id=\"358\" src=\"https:\/\/blocsenresidencia.bcn.cat\/antaviana2024\/wp-content\/uploads\/2024\/03\/IMG_20240228_142548-1024x577.jpg\" alt=\"\" class=\"wp-image-358\" srcset=\"https:\/\/blocsenresidencia.bcn.cat\/antaviana2024\/wp-content\/uploads\/2024\/03\/IMG_20240228_142548-1024x577.jpg 1024w, https:\/\/blocsenresidencia.bcn.cat\/antaviana2024\/wp-content\/uploads\/2024\/03\/IMG_20240228_142548-300x169.jpg 300w, https:\/\/blocsenresidencia.bcn.cat\/antaviana2024\/wp-content\/uploads\/2024\/03\/IMG_20240228_142548-768x432.jpg 768w, https:\/\/blocsenresidencia.bcn.cat\/antaviana2024\/wp-content\/uploads\/2024\/03\/IMG_20240228_142548-1536x865.jpg 1536w, https:\/\/blocsenresidencia.bcn.cat\/antaviana2024\/wp-content\/uploads\/2024\/03\/IMG_20240228_142548-2048x1153.jpg 2048w\" sizes=\"auto, (max-width: 767px) 89vw, (max-width: 1000px) 54vw, (max-width: 1071px) 543px, 580px\" \/><\/figure>\n<\/figure>\n\n\n\n<p>Despr\u00e9s d\u2019aquest mat\u00ed intens, hem fet una pausa per dinar a la terrassa del Graner on hi havia unes taules. Hem dinat i per postres la Milagros i la Valentina ens han portat galetes i brioixeria.\u00a0<\/p>\n\n\n\n<figure class=\"wp-block-gallery has-nested-images columns-default is-cropped wp-block-gallery-2 is-layout-flex wp-block-gallery-is-layout-flex\">\n<figure class=\"wp-block-image size-large\"><img loading=\"lazy\" decoding=\"async\" width=\"1024\" height=\"577\" data-id=\"360\" src=\"https:\/\/blocsenresidencia.bcn.cat\/antaviana2024\/wp-content\/uploads\/2024\/03\/IMG_20240228_114605-1024x577.jpg\" alt=\"\" class=\"wp-image-360\" srcset=\"https:\/\/blocsenresidencia.bcn.cat\/antaviana2024\/wp-content\/uploads\/2024\/03\/IMG_20240228_114605-1024x577.jpg 1024w, https:\/\/blocsenresidencia.bcn.cat\/antaviana2024\/wp-content\/uploads\/2024\/03\/IMG_20240228_114605-300x169.jpg 300w, https:\/\/blocsenresidencia.bcn.cat\/antaviana2024\/wp-content\/uploads\/2024\/03\/IMG_20240228_114605-768x432.jpg 768w, https:\/\/blocsenresidencia.bcn.cat\/antaviana2024\/wp-content\/uploads\/2024\/03\/IMG_20240228_114605-1536x865.jpg 1536w, https:\/\/blocsenresidencia.bcn.cat\/antaviana2024\/wp-content\/uploads\/2024\/03\/IMG_20240228_114605-2048x1153.jpg 2048w\" sizes=\"auto, (max-width: 767px) 89vw, (max-width: 1000px) 54vw, (max-width: 1071px) 543px, 580px\" \/><\/figure>\n\n\n\n<figure class=\"wp-block-image size-large\"><img loading=\"lazy\" decoding=\"async\" width=\"1024\" height=\"858\" data-id=\"359\" src=\"https:\/\/blocsenresidencia.bcn.cat\/antaviana2024\/wp-content\/uploads\/2024\/03\/IMG_20240228_115545-1024x858.jpg\" alt=\"\" class=\"wp-image-359\" srcset=\"https:\/\/blocsenresidencia.bcn.cat\/antaviana2024\/wp-content\/uploads\/2024\/03\/IMG_20240228_115545-1024x858.jpg 1024w, https:\/\/blocsenresidencia.bcn.cat\/antaviana2024\/wp-content\/uploads\/2024\/03\/IMG_20240228_115545-300x251.jpg 300w, https:\/\/blocsenresidencia.bcn.cat\/antaviana2024\/wp-content\/uploads\/2024\/03\/IMG_20240228_115545-768x643.jpg 768w, https:\/\/blocsenresidencia.bcn.cat\/antaviana2024\/wp-content\/uploads\/2024\/03\/IMG_20240228_115545-1536x1286.jpg 1536w, https:\/\/blocsenresidencia.bcn.cat\/antaviana2024\/wp-content\/uploads\/2024\/03\/IMG_20240228_115545-2048x1715.jpg 2048w\" sizes=\"auto, (max-width: 767px) 89vw, (max-width: 1000px) 54vw, (max-width: 1071px) 543px, 580px\" \/><\/figure>\n\n\n\n<figure class=\"wp-block-image size-large\"><img loading=\"lazy\" decoding=\"async\" width=\"1024\" height=\"577\" data-id=\"362\" src=\"https:\/\/blocsenresidencia.bcn.cat\/antaviana2024\/wp-content\/uploads\/2024\/03\/IMG_20240228_120711-1024x577.jpg\" alt=\"\" class=\"wp-image-362\" srcset=\"https:\/\/blocsenresidencia.bcn.cat\/antaviana2024\/wp-content\/uploads\/2024\/03\/IMG_20240228_120711-1024x577.jpg 1024w, https:\/\/blocsenresidencia.bcn.cat\/antaviana2024\/wp-content\/uploads\/2024\/03\/IMG_20240228_120711-300x169.jpg 300w, https:\/\/blocsenresidencia.bcn.cat\/antaviana2024\/wp-content\/uploads\/2024\/03\/IMG_20240228_120711-768x432.jpg 768w, https:\/\/blocsenresidencia.bcn.cat\/antaviana2024\/wp-content\/uploads\/2024\/03\/IMG_20240228_120711-1536x865.jpg 1536w, https:\/\/blocsenresidencia.bcn.cat\/antaviana2024\/wp-content\/uploads\/2024\/03\/IMG_20240228_120711-2048x1153.jpg 2048w\" sizes=\"auto, (max-width: 767px) 89vw, (max-width: 1000px) 54vw, (max-width: 1071px) 543px, 580px\" \/><\/figure>\n\n\n\n<figure class=\"wp-block-image size-large\"><img loading=\"lazy\" decoding=\"async\" width=\"1024\" height=\"577\" data-id=\"361\" src=\"https:\/\/blocsenresidencia.bcn.cat\/antaviana2024\/wp-content\/uploads\/2024\/03\/IMG_20240228_120858-1024x577.jpg\" alt=\"\" class=\"wp-image-361\" srcset=\"https:\/\/blocsenresidencia.bcn.cat\/antaviana2024\/wp-content\/uploads\/2024\/03\/IMG_20240228_120858-1024x577.jpg 1024w, https:\/\/blocsenresidencia.bcn.cat\/antaviana2024\/wp-content\/uploads\/2024\/03\/IMG_20240228_120858-300x169.jpg 300w, https:\/\/blocsenresidencia.bcn.cat\/antaviana2024\/wp-content\/uploads\/2024\/03\/IMG_20240228_120858-768x432.jpg 768w, https:\/\/blocsenresidencia.bcn.cat\/antaviana2024\/wp-content\/uploads\/2024\/03\/IMG_20240228_120858-1536x865.jpg 1536w, https:\/\/blocsenresidencia.bcn.cat\/antaviana2024\/wp-content\/uploads\/2024\/03\/IMG_20240228_120858-2048x1153.jpg 2048w\" sizes=\"auto, (max-width: 767px) 89vw, (max-width: 1000px) 54vw, (max-width: 1071px) 543px, 580px\" \/><\/figure>\n<\/figure>\n\n\n\n<p>Despr\u00e9s de dinar hem continuat jugant amb els llums i el so per quadrar-lo a l\u2019obra i finalment hem fet una visita guiada i curta al Graner: hi ha una sala gran (on hem estat durant tot el mat\u00ed), hi ha dues sales petites per a actors\/actrius que volen fer la seva creaci\u00f3 i que estan al Graner fent una resid\u00e8ncia. Tamb\u00e9 hi ha habitacions per creadors que volen passar la nit en aquest espai de creaci\u00f3. Ens han explicat que els artistes demanen habitacions al Graner i s&#8217;allotgen durant un temps all\u00e0 per a fer la seva creaci\u00f3. \u00c9s un centre obert les 24 hores del dia tot l\u2019any.<\/p>\n\n\n\n<p>Durant tot el dia en ha acompanyat un fot\u00f2graf professional que es diu Tristan que ens ha estat fent fotos. Aviat les podrem veure. Suposem . I en penjarem alguna en aquest blog.<\/p>\n\n\n\n<p><\/p>\n\n\n\n<figure class=\"wp-block-gallery has-nested-images columns-default is-cropped wp-block-gallery-3 is-layout-flex wp-block-gallery-is-layout-flex\">\n<figure class=\"wp-block-image size-large\"><img loading=\"lazy\" decoding=\"async\" width=\"1024\" height=\"577\" data-id=\"352\" src=\"https:\/\/blocsenresidencia.bcn.cat\/antaviana2024\/wp-content\/uploads\/2024\/03\/IMG_20240228_121153-1024x577.jpg\" alt=\"\" class=\"wp-image-352\" srcset=\"https:\/\/blocsenresidencia.bcn.cat\/antaviana2024\/wp-content\/uploads\/2024\/03\/IMG_20240228_121153-1024x577.jpg 1024w, https:\/\/blocsenresidencia.bcn.cat\/antaviana2024\/wp-content\/uploads\/2024\/03\/IMG_20240228_121153-300x169.jpg 300w, https:\/\/blocsenresidencia.bcn.cat\/antaviana2024\/wp-content\/uploads\/2024\/03\/IMG_20240228_121153-768x432.jpg 768w, https:\/\/blocsenresidencia.bcn.cat\/antaviana2024\/wp-content\/uploads\/2024\/03\/IMG_20240228_121153-1536x865.jpg 1536w, https:\/\/blocsenresidencia.bcn.cat\/antaviana2024\/wp-content\/uploads\/2024\/03\/IMG_20240228_121153-2048x1153.jpg 2048w\" sizes=\"auto, (max-width: 767px) 89vw, (max-width: 1000px) 54vw, (max-width: 1071px) 543px, 580px\" \/><\/figure>\n\n\n\n<figure class=\"wp-block-image size-large\"><img loading=\"lazy\" decoding=\"async\" width=\"1024\" height=\"577\" data-id=\"353\" src=\"https:\/\/blocsenresidencia.bcn.cat\/antaviana2024\/wp-content\/uploads\/2024\/03\/IMG_20240228_121219-1024x577.jpg\" alt=\"\" class=\"wp-image-353\" srcset=\"https:\/\/blocsenresidencia.bcn.cat\/antaviana2024\/wp-content\/uploads\/2024\/03\/IMG_20240228_121219-1024x577.jpg 1024w, https:\/\/blocsenresidencia.bcn.cat\/antaviana2024\/wp-content\/uploads\/2024\/03\/IMG_20240228_121219-300x169.jpg 300w, https:\/\/blocsenresidencia.bcn.cat\/antaviana2024\/wp-content\/uploads\/2024\/03\/IMG_20240228_121219-768x432.jpg 768w, https:\/\/blocsenresidencia.bcn.cat\/antaviana2024\/wp-content\/uploads\/2024\/03\/IMG_20240228_121219-1536x865.jpg 1536w, https:\/\/blocsenresidencia.bcn.cat\/antaviana2024\/wp-content\/uploads\/2024\/03\/IMG_20240228_121219-2048x1153.jpg 2048w\" sizes=\"auto, (max-width: 767px) 89vw, (max-width: 1000px) 54vw, (max-width: 1071px) 543px, 580px\" \/><\/figure>\n<\/figure>\n","protected":false},"excerpt":{"rendered":"<p>En aquesta sessi\u00f3 ha tocat anar d\u2019excursi\u00f3 al Graner. El Graner \u00e9s un espai de creaci\u00f3 i resid\u00e8ncia per a artistes esc\u00e8nics situat a la ciutat de Barcelona. Fundat el 2010, el Graner ofereix suport a artistes i companyies de dansa i altres disciplines esc\u00e8niques per al desenvolupament dels seus projectes.&nbsp; A m\u00e9s a m\u00e9s, &hellip; <\/p>\n<p class=\"link-more\"><a href=\"https:\/\/blocsenresidencia.bcn.cat\/antaviana2024\/tot-un-dia-al-graner-fem-un-residencia-tecnica\/\" class=\"more-link\">Continua llegint <span class=\"screen-reader-text\">\u00abTot un dia al Graner \/ Fem un resid\u00e8ncia t\u00e8cnica\u00bb<\/span><\/a><\/p>\n","protected":false},"author":9,"featured_media":0,"comment_status":"open","ping_status":"open","sticky":false,"template":"","format":"standard","meta":{"footnotes":""},"categories":[1],"tags":[15,16,9],"class_list":["post-349","post","type-post","status-publish","format-standard","hentry","category-general","tag-el-graner","tag-institut-escola-antaviana","tag-si-los-martes-fueran-viernes"],"_links":{"self":[{"href":"https:\/\/blocsenresidencia.bcn.cat\/antaviana2024\/wp-json\/wp\/v2\/posts\/349","targetHints":{"allow":["GET"]}}],"collection":[{"href":"https:\/\/blocsenresidencia.bcn.cat\/antaviana2024\/wp-json\/wp\/v2\/posts"}],"about":[{"href":"https:\/\/blocsenresidencia.bcn.cat\/antaviana2024\/wp-json\/wp\/v2\/types\/post"}],"author":[{"embeddable":true,"href":"https:\/\/blocsenresidencia.bcn.cat\/antaviana2024\/wp-json\/wp\/v2\/users\/9"}],"replies":[{"embeddable":true,"href":"https:\/\/blocsenresidencia.bcn.cat\/antaviana2024\/wp-json\/wp\/v2\/comments?post=349"}],"version-history":[{"count":3,"href":"https:\/\/blocsenresidencia.bcn.cat\/antaviana2024\/wp-json\/wp\/v2\/posts\/349\/revisions"}],"predecessor-version":[{"id":363,"href":"https:\/\/blocsenresidencia.bcn.cat\/antaviana2024\/wp-json\/wp\/v2\/posts\/349\/revisions\/363"}],"wp:attachment":[{"href":"https:\/\/blocsenresidencia.bcn.cat\/antaviana2024\/wp-json\/wp\/v2\/media?parent=349"}],"wp:term":[{"taxonomy":"category","embeddable":true,"href":"https:\/\/blocsenresidencia.bcn.cat\/antaviana2024\/wp-json\/wp\/v2\/categories?post=349"},{"taxonomy":"post_tag","embeddable":true,"href":"https:\/\/blocsenresidencia.bcn.cat\/antaviana2024\/wp-json\/wp\/v2\/tags?post=349"}],"curies":[{"name":"wp","href":"https:\/\/api.w.org\/{rel}","templated":true}]}}