{"id":364,"date":"2024-02-19T13:50:00","date_gmt":"2024-02-19T11:50:00","guid":{"rendered":"https:\/\/blocsenresidencia.bcn.cat\/antaviana2024\/?p=364"},"modified":"2024-05-07T22:57:17","modified_gmt":"2024-05-07T20:57:17","slug":"sessio-oberta","status":"publish","type":"post","link":"https:\/\/blocsenresidencia.bcn.cat\/antaviana2024\/sessio-oberta\/","title":{"rendered":"Sessi\u00f3 Oberta"},"content":{"rendered":"\n<p>El dia 13 de febrer ha sigut el dia de  la Sessi\u00f3 Oberta. La Sessi\u00f3 Oberta \u00e9s una sessi\u00f3 on presentem a tot el claustre de professors i professores que estem fent a En Resid\u00e8ncia i en quin punt estem del proc\u00e9s creatiu.<\/p>\n\n\n\n<p>A les onze, despr\u00e9s del pati, hem pujat a la Sala Atenea tots els alumnes de En Resid\u00e8ncia. Hav\u00edem parlat d&#8217;anar tots de negre per a la sessi\u00f3 d&#8217;avui, amb un petit complement blau que ens havia de portar la Milagros quan arrib\u00e9s. A la una del migdia era l&#8217;hora de la veritat. Hem aprofitat les dues hores que queden per la Sessi\u00f3 Oberta per assajar les peces que mostrarem al claustre. La primera part t\u00e9 lloc a la Sala Atenea i la segona part a la Sala AAsf\u00e0ltica.<\/p>\n\n\n\n<figure class=\"wp-block-gallery has-nested-images columns-default is-cropped wp-block-gallery-1 is-layout-flex wp-block-gallery-is-layout-flex\">\n<figure class=\"wp-block-image size-large\"><img loading=\"lazy\" decoding=\"async\" width=\"1024\" height=\"768\" data-id=\"378\" src=\"https:\/\/blocsenresidencia.bcn.cat\/antaviana2024\/wp-content\/uploads\/2024\/05\/IMG-20240213-WA0042-1024x768.jpg\" alt=\"\" class=\"wp-image-378\" srcset=\"https:\/\/blocsenresidencia.bcn.cat\/antaviana2024\/wp-content\/uploads\/2024\/05\/IMG-20240213-WA0042-1024x768.jpg 1024w, https:\/\/blocsenresidencia.bcn.cat\/antaviana2024\/wp-content\/uploads\/2024\/05\/IMG-20240213-WA0042-300x225.jpg 300w, https:\/\/blocsenresidencia.bcn.cat\/antaviana2024\/wp-content\/uploads\/2024\/05\/IMG-20240213-WA0042-768x576.jpg 768w, https:\/\/blocsenresidencia.bcn.cat\/antaviana2024\/wp-content\/uploads\/2024\/05\/IMG-20240213-WA0042-1536x1152.jpg 1536w, https:\/\/blocsenresidencia.bcn.cat\/antaviana2024\/wp-content\/uploads\/2024\/05\/IMG-20240213-WA0042-2048x1536.jpg 2048w\" sizes=\"auto, (max-width: 767px) 89vw, (max-width: 1000px) 54vw, (max-width: 1071px) 543px, 580px\" \/><\/figure>\n\n\n\n<figure class=\"wp-block-image size-large\"><img loading=\"lazy\" decoding=\"async\" width=\"1024\" height=\"768\" data-id=\"379\" src=\"https:\/\/blocsenresidencia.bcn.cat\/antaviana2024\/wp-content\/uploads\/2024\/05\/IMG-20240213-WA0048-1024x768.jpg\" alt=\"\" class=\"wp-image-379\" srcset=\"https:\/\/blocsenresidencia.bcn.cat\/antaviana2024\/wp-content\/uploads\/2024\/05\/IMG-20240213-WA0048-1024x768.jpg 1024w, https:\/\/blocsenresidencia.bcn.cat\/antaviana2024\/wp-content\/uploads\/2024\/05\/IMG-20240213-WA0048-300x225.jpg 300w, https:\/\/blocsenresidencia.bcn.cat\/antaviana2024\/wp-content\/uploads\/2024\/05\/IMG-20240213-WA0048-768x576.jpg 768w, https:\/\/blocsenresidencia.bcn.cat\/antaviana2024\/wp-content\/uploads\/2024\/05\/IMG-20240213-WA0048-1536x1152.jpg 1536w, https:\/\/blocsenresidencia.bcn.cat\/antaviana2024\/wp-content\/uploads\/2024\/05\/IMG-20240213-WA0048-2048x1536.jpg 2048w\" sizes=\"auto, (max-width: 767px) 89vw, (max-width: 1000px) 54vw, (max-width: 1071px) 543px, 580px\" \/><\/figure>\n<\/figure>\n\n\n\n<p>A la Sala Atenea hem practicat la primera pe\u00e7a en qu\u00e8 utilitzem cadires. Tots ten\u00edem una posici\u00f3 o uns moviments per fer amb cadires. Alg\u00fa es movia abra\u00e7ada a una cadira, un altre estava al terra assegut en una cadira, una altra es despla\u00e7ava entre dues cadira, un altre feia servir una cadira com si fos un caminador, &#8230; Mentre sonava Es wird wieder gut de Max Raabe.<\/p>\n\n\n\n<figure class=\"wp-block-embed is-type-video is-provider-youtube wp-block-embed-youtube wp-embed-aspect-16-9 wp-has-aspect-ratio\"><div class=\"wp-block-embed__wrapper\">\n<iframe loading=\"lazy\" title=\"Max Raabe, Palast Orchester - Es wird wieder gut (Official Music Video)\" width=\"525\" height=\"295\" src=\"https:\/\/www.youtube.com\/embed\/IOSn8xH7xPE?feature=oembed\" frameborder=\"0\" allow=\"accelerometer; autoplay; clipboard-write; encrypted-media; gyroscope; picture-in-picture; web-share\" referrerpolicy=\"strict-origin-when-cross-origin\" allowfullscreen><\/iframe>\n<\/div><\/figure>\n\n\n\n<p> Despr\u00e9s de practicar-ho quatre vegades,  ha arribat la Milagros amb el complement blau que eren uns mitjons. Hem practicat per \u00faltima vegada l&#8217;escena de les cadires i la consigna que hav\u00edem de cridar als professors al final de la pe\u00e7a: Agafeu una cadira!<\/p>\n\n\n\n<p>Finalment hem baixat a la Sala AAsf\u00e0ltica. \u00c9s una de les primeres actuacions que es fan en aquest espai, \u00e9s a dir, estrenem la sala.  Ens hem posat el mitjons blaus i hem fet una primera passada a la italiana, que vol dir assajar la pe\u00e7a des del comen\u00e7ament marcant els punts importants on hi ha canvis.  Seguidament hem fet la pe\u00e7a tota sencera per a veure com quedaria dins de l&#8217;AAsf\u00e0ltica.  I ha arribat l&#8217;hora de la Sessi\u00f3 Oberta.  \u00c9s la una.<\/p>\n\n\n\n<p>Hem pujat a la Sala Atenea, ens hem posat a les posicions que ens tocava a cadasc\u00fa. Han comen\u00e7at a entrar els professors i les professores.  I nosaltres hem comen\u00e7at a fer moviments amb les cadires. Quan m&#8217;han sentit cridar &#8221; Agafeu una cadira&#8221;, han agafat una cadira i ens han seguit a la Sala AAsf\u00e0ltica. <\/p>\n\n\n\n<figure class=\"wp-block-gallery has-nested-images columns-default is-cropped wp-block-gallery-2 is-layout-flex wp-block-gallery-is-layout-flex\">\n<figure class=\"wp-block-image size-large\"><img loading=\"lazy\" decoding=\"async\" width=\"1024\" height=\"768\" data-id=\"381\" src=\"https:\/\/blocsenresidencia.bcn.cat\/antaviana2024\/wp-content\/uploads\/2024\/05\/IMG-20240213-WA0010-1024x768.jpg\" alt=\"\" class=\"wp-image-381\" srcset=\"https:\/\/blocsenresidencia.bcn.cat\/antaviana2024\/wp-content\/uploads\/2024\/05\/IMG-20240213-WA0010-1024x768.jpg 1024w, https:\/\/blocsenresidencia.bcn.cat\/antaviana2024\/wp-content\/uploads\/2024\/05\/IMG-20240213-WA0010-300x225.jpg 300w, https:\/\/blocsenresidencia.bcn.cat\/antaviana2024\/wp-content\/uploads\/2024\/05\/IMG-20240213-WA0010-768x576.jpg 768w, https:\/\/blocsenresidencia.bcn.cat\/antaviana2024\/wp-content\/uploads\/2024\/05\/IMG-20240213-WA0010-1536x1152.jpg 1536w, https:\/\/blocsenresidencia.bcn.cat\/antaviana2024\/wp-content\/uploads\/2024\/05\/IMG-20240213-WA0010-2048x1536.jpg 2048w\" sizes=\"auto, (max-width: 767px) 89vw, (max-width: 1000px) 54vw, (max-width: 1071px) 543px, 580px\" \/><\/figure>\n\n\n\n<figure class=\"wp-block-image size-large\"><img loading=\"lazy\" decoding=\"async\" width=\"1024\" height=\"768\" data-id=\"383\" src=\"https:\/\/blocsenresidencia.bcn.cat\/antaviana2024\/wp-content\/uploads\/2024\/05\/IMG-20240213-WA0014-1024x768.jpg\" alt=\"\" class=\"wp-image-383\" srcset=\"https:\/\/blocsenresidencia.bcn.cat\/antaviana2024\/wp-content\/uploads\/2024\/05\/IMG-20240213-WA0014-1024x768.jpg 1024w, https:\/\/blocsenresidencia.bcn.cat\/antaviana2024\/wp-content\/uploads\/2024\/05\/IMG-20240213-WA0014-300x225.jpg 300w, https:\/\/blocsenresidencia.bcn.cat\/antaviana2024\/wp-content\/uploads\/2024\/05\/IMG-20240213-WA0014-768x576.jpg 768w, https:\/\/blocsenresidencia.bcn.cat\/antaviana2024\/wp-content\/uploads\/2024\/05\/IMG-20240213-WA0014-1536x1152.jpg 1536w, https:\/\/blocsenresidencia.bcn.cat\/antaviana2024\/wp-content\/uploads\/2024\/05\/IMG-20240213-WA0014-2048x1536.jpg 2048w\" sizes=\"auto, (max-width: 767px) 89vw, (max-width: 1000px) 54vw, (max-width: 1071px) 543px, 580px\" \/><\/figure>\n\n\n\n<figure class=\"wp-block-image size-large\"><img loading=\"lazy\" decoding=\"async\" width=\"1024\" height=\"768\" data-id=\"380\" src=\"https:\/\/blocsenresidencia.bcn.cat\/antaviana2024\/wp-content\/uploads\/2024\/05\/IMG-20240213-WA0023-1024x768.jpg\" alt=\"\" class=\"wp-image-380\" srcset=\"https:\/\/blocsenresidencia.bcn.cat\/antaviana2024\/wp-content\/uploads\/2024\/05\/IMG-20240213-WA0023-1024x768.jpg 1024w, https:\/\/blocsenresidencia.bcn.cat\/antaviana2024\/wp-content\/uploads\/2024\/05\/IMG-20240213-WA0023-300x225.jpg 300w, https:\/\/blocsenresidencia.bcn.cat\/antaviana2024\/wp-content\/uploads\/2024\/05\/IMG-20240213-WA0023-768x576.jpg 768w, https:\/\/blocsenresidencia.bcn.cat\/antaviana2024\/wp-content\/uploads\/2024\/05\/IMG-20240213-WA0023-1536x1152.jpg 1536w, https:\/\/blocsenresidencia.bcn.cat\/antaviana2024\/wp-content\/uploads\/2024\/05\/IMG-20240213-WA0023-2048x1536.jpg 2048w\" sizes=\"auto, (max-width: 767px) 89vw, (max-width: 1000px) 54vw, (max-width: 1071px) 543px, 580px\" \/><\/figure>\n\n\n\n<figure class=\"wp-block-image size-large\"><img loading=\"lazy\" decoding=\"async\" width=\"1024\" height=\"768\" data-id=\"384\" src=\"https:\/\/blocsenresidencia.bcn.cat\/antaviana2024\/wp-content\/uploads\/2024\/05\/IMG-20240213-WA0031-1024x768.jpg\" alt=\"\" class=\"wp-image-384\" srcset=\"https:\/\/blocsenresidencia.bcn.cat\/antaviana2024\/wp-content\/uploads\/2024\/05\/IMG-20240213-WA0031-1024x768.jpg 1024w, https:\/\/blocsenresidencia.bcn.cat\/antaviana2024\/wp-content\/uploads\/2024\/05\/IMG-20240213-WA0031-300x225.jpg 300w, https:\/\/blocsenresidencia.bcn.cat\/antaviana2024\/wp-content\/uploads\/2024\/05\/IMG-20240213-WA0031-768x576.jpg 768w, https:\/\/blocsenresidencia.bcn.cat\/antaviana2024\/wp-content\/uploads\/2024\/05\/IMG-20240213-WA0031-1536x1152.jpg 1536w, https:\/\/blocsenresidencia.bcn.cat\/antaviana2024\/wp-content\/uploads\/2024\/05\/IMG-20240213-WA0031-2048x1536.jpg 2048w\" sizes=\"auto, (max-width: 767px) 89vw, (max-width: 1000px) 54vw, (max-width: 1071px) 543px, 580px\" \/><\/figure>\n\n\n\n<figure class=\"wp-block-image size-large\"><img loading=\"lazy\" decoding=\"async\" width=\"1024\" height=\"576\" data-id=\"382\" src=\"https:\/\/blocsenresidencia.bcn.cat\/antaviana2024\/wp-content\/uploads\/2024\/05\/IMG-20240213-WA0059-1024x576.jpg\" alt=\"\" class=\"wp-image-382\" srcset=\"https:\/\/blocsenresidencia.bcn.cat\/antaviana2024\/wp-content\/uploads\/2024\/05\/IMG-20240213-WA0059-1024x576.jpg 1024w, https:\/\/blocsenresidencia.bcn.cat\/antaviana2024\/wp-content\/uploads\/2024\/05\/IMG-20240213-WA0059-300x169.jpg 300w, https:\/\/blocsenresidencia.bcn.cat\/antaviana2024\/wp-content\/uploads\/2024\/05\/IMG-20240213-WA0059-768x432.jpg 768w, https:\/\/blocsenresidencia.bcn.cat\/antaviana2024\/wp-content\/uploads\/2024\/05\/IMG-20240213-WA0059-1536x864.jpg 1536w, https:\/\/blocsenresidencia.bcn.cat\/antaviana2024\/wp-content\/uploads\/2024\/05\/IMG-20240213-WA0059.jpg 2048w\" sizes=\"auto, (max-width: 767px) 89vw, (max-width: 1000px) 54vw, (max-width: 1071px) 543px, 580px\" \/><\/figure>\n<\/figure>\n\n\n\n<p>A  la sessi\u00f3 oberta, despr\u00e9s d&#8217;acabar la sessi\u00f3 vam estar una estona parlant amb els professors, si hi havia dubtes i vam parlar dels procediments i tot el que vam aprendre, i per exemple, jo vaig parlar de com em va semblar fer aix\u00f2 i el treball en grup, i tamb\u00e9 vaig parlar que jo soc la directora de producci\u00f3.<\/p>\n","protected":false},"excerpt":{"rendered":"<p>El dia 13 de febrer ha sigut el dia de la Sessi\u00f3 Oberta. La Sessi\u00f3 Oberta \u00e9s una sessi\u00f3 on presentem a tot el claustre de professors i professores que estem fent a En Resid\u00e8ncia i en quin punt estem del proc\u00e9s creatiu. A les onze, despr\u00e9s del pati, hem pujat a la Sala Atenea &hellip; <\/p>\n<p class=\"link-more\"><a href=\"https:\/\/blocsenresidencia.bcn.cat\/antaviana2024\/sessio-oberta\/\" class=\"more-link\">Continua llegint <span class=\"screen-reader-text\">\u00abSessi\u00f3 Oberta\u00bb<\/span><\/a><\/p>\n","protected":false},"author":9,"featured_media":0,"comment_status":"open","ping_status":"open","sticky":false,"template":"","format":"standard","meta":{"footnotes":""},"categories":[1],"tags":[17,18],"class_list":["post-364","post","type-post","status-publish","format-standard","hentry","category-general","tag-es-wird-wieder-gut","tag-max-raabe"],"_links":{"self":[{"href":"https:\/\/blocsenresidencia.bcn.cat\/antaviana2024\/wp-json\/wp\/v2\/posts\/364","targetHints":{"allow":["GET"]}}],"collection":[{"href":"https:\/\/blocsenresidencia.bcn.cat\/antaviana2024\/wp-json\/wp\/v2\/posts"}],"about":[{"href":"https:\/\/blocsenresidencia.bcn.cat\/antaviana2024\/wp-json\/wp\/v2\/types\/post"}],"author":[{"embeddable":true,"href":"https:\/\/blocsenresidencia.bcn.cat\/antaviana2024\/wp-json\/wp\/v2\/users\/9"}],"replies":[{"embeddable":true,"href":"https:\/\/blocsenresidencia.bcn.cat\/antaviana2024\/wp-json\/wp\/v2\/comments?post=364"}],"version-history":[{"count":2,"href":"https:\/\/blocsenresidencia.bcn.cat\/antaviana2024\/wp-json\/wp\/v2\/posts\/364\/revisions"}],"predecessor-version":[{"id":385,"href":"https:\/\/blocsenresidencia.bcn.cat\/antaviana2024\/wp-json\/wp\/v2\/posts\/364\/revisions\/385"}],"wp:attachment":[{"href":"https:\/\/blocsenresidencia.bcn.cat\/antaviana2024\/wp-json\/wp\/v2\/media?parent=364"}],"wp:term":[{"taxonomy":"category","embeddable":true,"href":"https:\/\/blocsenresidencia.bcn.cat\/antaviana2024\/wp-json\/wp\/v2\/categories?post=364"},{"taxonomy":"post_tag","embeddable":true,"href":"https:\/\/blocsenresidencia.bcn.cat\/antaviana2024\/wp-json\/wp\/v2\/tags?post=364"}],"curies":[{"name":"wp","href":"https:\/\/api.w.org\/{rel}","templated":true}]}}