{"id":367,"date":"2024-04-22T14:10:00","date_gmt":"2024-04-22T12:10:00","guid":{"rendered":"https:\/\/blocsenresidencia.bcn.cat\/antaviana2024\/?p=367"},"modified":"2024-05-05T20:33:40","modified_gmt":"2024-05-05T18:33:40","slug":"via-kathelong-via-injabulo-mercat-de-les-flors","status":"publish","type":"post","link":"https:\/\/blocsenresidencia.bcn.cat\/antaviana2024\/via-kathelong-via-injabulo-mercat-de-les-flors\/","title":{"rendered":"VIA KATHELONG- VIA INJABULO (MERCAT DE LES FLORS)"},"content":{"rendered":"\n<p>15-04-2024         Opinions sobre dues peces de dansa<\/p>\n\n\n\n<p><\/p>\n\n\n\n<p>La pe\u00e7a de Via Injabulo que hem anat a veure al Mercat de les Flors constava de dues parts molt marcades i diferents.<\/p>\n\n\n\n<p>Al principi de la coreografia, quan una de les noies va ha comen\u00e7at a fer moviments com a solista no m\u2019ha agradat, ja que la m\u00fasica que acompanyava els seus moviments ni em cridava l&#8217;atenci\u00f3 ni feia moviments que al meu entendre no lligaven amb la m\u00fasica i eren estranys per a mi. M\u2019ha agradat&nbsp; com s&#8217;animaven entre ells quan li tocava ballar alg\u00fa sol, i com gaudien aquell moment ballant.&nbsp;<\/p>\n\n\n\n<p>A la segona part de la pe\u00e7a han comen\u00e7at a interactuar amb nosaltres i a mostrar-nos passos de ball. El que m\u00e9s m&#8217;ha agradat ha sigut el flow que&nbsp; tenien. Els moviments eren perfectes, precisos, amb molta precisi\u00f3 com una part en que s\u2019ha utilitzat el claqu\u00e9, no s&#8217;han equivocat en cap dels passos, i es notava que sentien la m\u00fasica, que portaven el ritme a l\u2019interior. Crec que en aquesta segona part, que representaven com si estiguessin en una festa, \u00e9s com m&#8217;imaginaria una festa al seu pa\u00eds, a Sud-\u00c0frica. All\u00e0 me les imagino molt diferents i les persones s\u00f3n molt humils. Un dels tipus de balls que han ballat, ja el coneixia i l\u2019he practicat. \u00c9s el House i, de veritat, que \u00e9s molt dif\u00edcil perqu\u00e8 has de fer tots els passos sense gaireb\u00e9 tocar el terra i ells ho feien perfecte.<\/p>\n\n\n\n<p>M\u2019ha encantat.<\/p>\n\n\n\n<p>&#8212;&#8212;&#8212;&#8212;&#8212;&#8212;&#8212;&#8212;&#8212;&#8212;&#8212;&#8212;&#8212;&#8212;&#8212;&#8212;&#8212;&#8212;&#8212;&#8212;&#8212;&#8212;&#8212;&#8212;&#8212;&#8212;&#8212;&#8212;&#8212;&#8212;&#8212;&#8212;&#8212;&#8212;&#8212;&#8212;&#8211;<\/p>\n\n\n\n<figure class=\"wp-block-image size-large\"><img loading=\"lazy\" decoding=\"async\" width=\"768\" height=\"1024\" src=\"https:\/\/blocsenresidencia.bcn.cat\/antaviana2024\/wp-content\/uploads\/2024\/05\/20240505_191333-768x1024.jpg\" alt=\"\" class=\"wp-image-368\" srcset=\"https:\/\/blocsenresidencia.bcn.cat\/antaviana2024\/wp-content\/uploads\/2024\/05\/20240505_191333-768x1024.jpg 768w, https:\/\/blocsenresidencia.bcn.cat\/antaviana2024\/wp-content\/uploads\/2024\/05\/20240505_191333-225x300.jpg 225w, https:\/\/blocsenresidencia.bcn.cat\/antaviana2024\/wp-content\/uploads\/2024\/05\/20240505_191333-1152x1536.jpg 1152w, https:\/\/blocsenresidencia.bcn.cat\/antaviana2024\/wp-content\/uploads\/2024\/05\/20240505_191333-1536x2048.jpg 1536w, https:\/\/blocsenresidencia.bcn.cat\/antaviana2024\/wp-content\/uploads\/2024\/05\/20240505_191333-scaled.jpg 1920w\" sizes=\"auto, (max-width: 767px) 89vw, (max-width: 1000px) 54vw, (max-width: 1071px) 543px, 580px\" \/><\/figure>\n\n\n\n<p>Dilluns 15 d&#8217;abril hem anat al Mercat de les Flors a veure un espectacle que es diu Via Injabulo,  d&#8217;una companyia sud-africana.  L&#8217;espectacle estava dividit en dues parts.  La primera part de l&#8217;espectacle de dansa es deia <em>Form Informs<\/em> on ballaven una dansa que es diu pantsula. Eren diferents balls com el house dance i altres balls de carrer. La segona pe\u00e7a es basava en les hist\u00f2ries dels ballarins i les ballarines de la companyia.  El ball com un espai on es poden trobar les persones, un espai com\u00fa.<\/p>\n\n\n\n<p>A mi em va agradar molt la primera pe\u00e7a,  se&#8217;m va passar molt de pressa. A la segona pe\u00e7a se&#8217;ns dirigien al p\u00fablic, i com que cada vegada que ballaven es dirigien a nosaltres, es trencava la quarta paret. M&#8217;ho vaig passar molt b\u00e9 i en volia m\u00e9s. <\/p>\n\n\n\n<p>L&#8217;escenografia que hi havia era com una discoteca i tots com que anaven a la seva bola cadasc\u00fa ballava com volia, per\u00f2 hi havia vegades que tots ballaven alhora. Vull tornar a anar-hi. Ho vaig explicar a la meva cosina i voldr\u00edem anar-hi una altra vegada.<\/p>\n\n\n\n<p>&#8212;&#8212;&#8212;&#8212;&#8212;&#8212;&#8212;&#8212;&#8212;&#8212;&#8212;&#8212;&#8212;&#8212;&#8212;&#8212;&#8212;&#8212;&#8212;&#8212;&#8212;&#8212;&#8212;&#8212;&#8212;&#8212;&#8212;&#8212;&#8212;&#8212;&#8212;&#8212;&#8212;&#8212;&#8212;&#8212;&#8211;<\/p>\n\n\n\n<p>El 15 d&#8217;abril hem anat a veure un espectacle al Mercat de les Flors de la companyia sud-africana Via Kathelong i que es deia Via Injabulo. En aquest espectacle hi havia set ballarines: quatre noies i tres nois. La companyia era sud-africana, com ja he dit, ballaven amb un estil urb\u00e0, per\u00f2 no tota l&#8217;estona era urb\u00e0, tamb\u00e9 hi havia un moment en qu\u00e8 ballaven pantsula que \u00e9s un ball tradicional afric\u00e0. <\/p>\n\n\n\n<p>Hi havia dues parts a la pe\u00e7a, eren els mateixos ballarins,  per\u00f2 en diferents escenes.  en aquestes dues parts, una part era m\u00e9s tradicional d&#8217;\u00c0frica i l&#8217;altra, la segona part,  era m\u00e9s propera al p\u00fablic, que \u00e9rem nosaltres.  Quan va acabar l&#8217;obra que tenia dues parts de trenta minuts ha vingut el director a explicar com funcionava tota l&#8217;obra i els or\u00edgens de la companyia.<\/p>\n\n\n\n<p>A mi m&#8217;ha agradat bastant, sobretot la segona part que m&#8217;ha semblat m\u00e9s xula. M&#8217;ha agradat molt l&#8217;estil de m\u00fasica  i com ballaven. Tamb\u00e9 m&#8217;he fixat que utilitzaven recursos com nosaltres,  com les pauses que feien.<\/p>\n","protected":false},"excerpt":{"rendered":"<p>15-04-2024 Opinions sobre dues peces de dansa La pe\u00e7a de Via Injabulo que hem anat a veure al Mercat de les Flors constava de dues parts molt marcades i diferents. Al principi de la coreografia, quan una de les noies va ha comen\u00e7at a fer moviments com a solista no m\u2019ha agradat, ja que la &hellip; <\/p>\n<p class=\"link-more\"><a href=\"https:\/\/blocsenresidencia.bcn.cat\/antaviana2024\/via-kathelong-via-injabulo-mercat-de-les-flors\/\" class=\"more-link\">Continua llegint <span class=\"screen-reader-text\">\u00abVIA KATHELONG- VIA INJABULO (MERCAT DE LES FLORS)\u00bb<\/span><\/a><\/p>\n","protected":false},"author":9,"featured_media":0,"comment_status":"open","ping_status":"open","sticky":false,"template":"","format":"standard","meta":{"footnotes":""},"categories":[1],"tags":[5,20,19],"class_list":["post-367","post","type-post","status-publish","format-standard","hentry","category-general","tag-mercat-de-les-flors","tag-pantsula","tag-via-kathelong"],"_links":{"self":[{"href":"https:\/\/blocsenresidencia.bcn.cat\/antaviana2024\/wp-json\/wp\/v2\/posts\/367","targetHints":{"allow":["GET"]}}],"collection":[{"href":"https:\/\/blocsenresidencia.bcn.cat\/antaviana2024\/wp-json\/wp\/v2\/posts"}],"about":[{"href":"https:\/\/blocsenresidencia.bcn.cat\/antaviana2024\/wp-json\/wp\/v2\/types\/post"}],"author":[{"embeddable":true,"href":"https:\/\/blocsenresidencia.bcn.cat\/antaviana2024\/wp-json\/wp\/v2\/users\/9"}],"replies":[{"embeddable":true,"href":"https:\/\/blocsenresidencia.bcn.cat\/antaviana2024\/wp-json\/wp\/v2\/comments?post=367"}],"version-history":[{"count":1,"href":"https:\/\/blocsenresidencia.bcn.cat\/antaviana2024\/wp-json\/wp\/v2\/posts\/367\/revisions"}],"predecessor-version":[{"id":369,"href":"https:\/\/blocsenresidencia.bcn.cat\/antaviana2024\/wp-json\/wp\/v2\/posts\/367\/revisions\/369"}],"wp:attachment":[{"href":"https:\/\/blocsenresidencia.bcn.cat\/antaviana2024\/wp-json\/wp\/v2\/media?parent=367"}],"wp:term":[{"taxonomy":"category","embeddable":true,"href":"https:\/\/blocsenresidencia.bcn.cat\/antaviana2024\/wp-json\/wp\/v2\/categories?post=367"},{"taxonomy":"post_tag","embeddable":true,"href":"https:\/\/blocsenresidencia.bcn.cat\/antaviana2024\/wp-json\/wp\/v2\/tags?post=367"}],"curies":[{"name":"wp","href":"https:\/\/api.w.org\/{rel}","templated":true}]}}