{"id":370,"date":"2024-01-15T14:01:00","date_gmt":"2024-01-15T12:01:00","guid":{"rendered":"https:\/\/blocsenresidencia.bcn.cat\/antaviana2024\/?p=370"},"modified":"2024-05-05T22:50:04","modified_gmt":"2024-05-05T20:50:04","slug":"la-veronal-firmamento-mercat-de-flors-11-01-2024","status":"publish","type":"post","link":"https:\/\/blocsenresidencia.bcn.cat\/antaviana2024\/la-veronal-firmamento-mercat-de-flors-11-01-2024\/","title":{"rendered":"LA VERONAL- FIRMAMENTO\/ Mercat de Flors ( 11\/01\/2024)"},"content":{"rendered":"\n<p>Opinions sobre l&#8217;espectacle<\/p>\n\n\n\n<p>Hem anat a veure <a href=\"https:\/\/mercatflors.cat\/espectacle\/firmamento\/\">Firmamento<\/a> de la Veronal al Mercat de les Flors, un espectacle que parla de l&#8217;adolesc\u00e8ncia i els canvis de la nostra vida.\u00a0<\/p>\n\n\n\n<p>A mi m&#8217;ha agradat. \u00c9s veritat que no he ent\u00e8s algunes coses, per\u00f2 m&#8217;ha agradat com estava organitzat i l\u2019escenari. Els ballarins han fet un tipus de moviment que es diu dissociaci\u00f3. Tots anaven vestits iguals. La m\u00fasica estava molt alta.  L\u2019escenari m&#8217;ha agradat i la taula,  com de so amb un tambor xin\u00e8s,  m&#8217;ha agradat, per\u00f2 algunes coses m&#8217;han sobrat. La veritat \u00e9s que el tren que feia com de muntanya russa era estrany. Les llums estaven ben posades, per\u00f2 les persones que s&#8217;havien assegut a les primeres files al comen\u00e7ament de l&#8217;espectacle havien quedat encegades. En general va ser molt xulo, i quan va acabar, vam poder parlar amb el productor de l&#8217;espectacle. Li vam poder fer preguntes, dels nostres companys nom\u00e9s va parlar un company. Va ser molt interessant i es reflexionava de tot el que havia passat, per qu\u00e8 passava tot molt r\u00e0pid.<\/p>\n\n\n\n<figure class=\"wp-block-embed is-type-video is-provider-youtube wp-block-embed-youtube wp-embed-aspect-16-9 wp-has-aspect-ratio\"><div class=\"wp-block-embed__wrapper\">\n<iframe loading=\"lazy\" title=\"LA VERONAL - &#039;Firmamento&#039;\" width=\"525\" height=\"295\" src=\"https:\/\/www.youtube.com\/embed\/kVEKmcLnEOc?feature=oembed\" frameborder=\"0\" allow=\"accelerometer; autoplay; clipboard-write; encrypted-media; gyroscope; picture-in-picture; web-share\" referrerpolicy=\"strict-origin-when-cross-origin\" allowfullscreen><\/iframe>\n<\/div><\/figure>\n\n\n\n<p>&#8212;&#8212;&#8212;&#8212;&#8212;&#8212;&#8212;&#8212;&#8212;&#8212;&#8212;&#8212;&#8212;&#8212;&#8212;&#8212;&#8212;&#8212;&#8212;&#8212;&#8212;&#8212;&#8212;&#8212;&#8212;&#8212;&#8212;&#8212;&#8212;&#8212;&#8212;&#8212;&#8212;&#8212;&#8212;&#8212;<\/p>\n\n\n\n<p>A mi m&#8217;ha agradat molt perqu\u00e8 era molt t\u00e8tric i aix\u00f2 m\u2019agrada.  Em va impressionar molt com es movien tan r\u00e0pid els ballarins i quan els ballarins es movien per agafar el titella i es coordinaven molt b\u00e9 amb la m\u00fasica. I la can\u00e7\u00f3 que han utilitzat pel ninot m&#8217;ha agradat molt\u00edssim perqu\u00e8 era molt t\u00e8trica. El ping\u00fc\u00ed i l&#8217;esquimal no he ent\u00e8s qu\u00e8 feien all\u00e0, per mi no hi pintaven res.<\/p>\n\n\n\n<p>M&#8217;ha impactat la part en qu\u00e8 surten molts dibuixos a la pantalla i explica com una hist\u00f2ria i m&#8217;ha agradat perqu\u00e8 no he ent\u00e8s res. Ha sigut la primera vegada que he anat al teatre amb l&#8217;institut. M&#8217;ha agradat tamb\u00e9  quan han posat llums als CDs i ens il\u00b7luminaven a nosaltres. Ho he trobat molt creatiu. I la tela del fons de l&#8217;escenari amb forats amb llums al darrere i que gr\u00e0cies al fum que havien tirat abans es veien les tires de llum.<\/p>\n\n\n\n<p>L&#8217;he trobat original i m&#8217;ha agradat molt.<\/p>\n\n\n\n<figure class=\"wp-block-image size-full is-resized\"><img loading=\"lazy\" decoding=\"async\" width=\"289\" height=\"175\" src=\"https:\/\/blocsenresidencia.bcn.cat\/antaviana2024\/wp-content\/uploads\/2024\/05\/baixa.jpg\" alt=\"\" class=\"wp-image-371\" style=\"width:674px;height:auto\"\/><\/figure>\n\n\n\n<p>&#8212;&#8212;&#8212;&#8212;&#8212;&#8212;&#8212;&#8212;&#8212;&#8212;&#8212;&#8212;&#8212;&#8212;&#8212;&#8212;&#8212;&#8212;&#8212;&#8212;&#8212;&#8212;&#8212;&#8212;&#8212;&#8212;&#8212;&#8212;&#8212;&#8212;&#8212;&#8212;&#8212;&#8212;&#8212;&#8212;\u00a0<\/p>\n\n\n\n<p>A mi aquesta pe\u00e7a de dansa no m&#8217;ha agradat molt perqu\u00e8 quan vaig a veure un espectacle m&#8217;agrada entendre l&#8217;espectacle i, en aquest, no he ent\u00e8s gaireb\u00e9 res. Els ballarins ballaven molt b\u00e9, per\u00f2 era estrany i no s&#8217;entenia la hist\u00f2ria. Tots anaven vestits iguals, i el vestuari que portaven no m&#8217;ha agradat perqu\u00e8 portaven roba de dos colors: blau i taronja,  dos colors que junts a mi no m&#8217;agrada com queden. Portaven un mono blau amb part del mono taronja. L&#8217;escenari i l&#8217;atrezzo era molt maco, i va ser molt impressionant quan, de cop,  va caure una paret de l&#8217;escenari. <\/p>\n\n\n\n<p>La m\u00fasica era com m\u00fasica japonesa i a mi la m\u00fasica japonesa no m&#8217;agrada. El que m\u00e9s em va agradar van ser les llums, que van ser molt boniques, sobretot el final que van posar com una tela amb forats i per darrere un raig de llum i feien un efecte superxulo, i quan van sortir el ping\u00fc\u00ed i l&#8217;esquimal.<\/p>\n","protected":false},"excerpt":{"rendered":"<p>Opinions sobre l&#8217;espectacle Hem anat a veure Firmamento de la Veronal al Mercat de les Flors, un espectacle que parla de l&#8217;adolesc\u00e8ncia i els canvis de la nostra vida.\u00a0 A mi m&#8217;ha agradat. \u00c9s veritat que no he ent\u00e8s algunes coses, per\u00f2 m&#8217;ha agradat com estava organitzat i l\u2019escenari. Els ballarins han fet un tipus &hellip; <\/p>\n<p class=\"link-more\"><a href=\"https:\/\/blocsenresidencia.bcn.cat\/antaviana2024\/la-veronal-firmamento-mercat-de-flors-11-01-2024\/\" class=\"more-link\">Continua llegint <span class=\"screen-reader-text\">\u00abLA VERONAL- FIRMAMENTO\/ Mercat de Flors ( 11\/01\/2024)\u00bb<\/span><\/a><\/p>\n","protected":false},"author":9,"featured_media":0,"comment_status":"open","ping_status":"open","sticky":false,"template":"","format":"standard","meta":{"footnotes":""},"categories":[1],"tags":[22,21,5],"class_list":["post-370","post","type-post","status-publish","format-standard","hentry","category-general","tag-firmamento","tag-la-veronal","tag-mercat-de-les-flors"],"_links":{"self":[{"href":"https:\/\/blocsenresidencia.bcn.cat\/antaviana2024\/wp-json\/wp\/v2\/posts\/370","targetHints":{"allow":["GET"]}}],"collection":[{"href":"https:\/\/blocsenresidencia.bcn.cat\/antaviana2024\/wp-json\/wp\/v2\/posts"}],"about":[{"href":"https:\/\/blocsenresidencia.bcn.cat\/antaviana2024\/wp-json\/wp\/v2\/types\/post"}],"author":[{"embeddable":true,"href":"https:\/\/blocsenresidencia.bcn.cat\/antaviana2024\/wp-json\/wp\/v2\/users\/9"}],"replies":[{"embeddable":true,"href":"https:\/\/blocsenresidencia.bcn.cat\/antaviana2024\/wp-json\/wp\/v2\/comments?post=370"}],"version-history":[{"count":1,"href":"https:\/\/blocsenresidencia.bcn.cat\/antaviana2024\/wp-json\/wp\/v2\/posts\/370\/revisions"}],"predecessor-version":[{"id":372,"href":"https:\/\/blocsenresidencia.bcn.cat\/antaviana2024\/wp-json\/wp\/v2\/posts\/370\/revisions\/372"}],"wp:attachment":[{"href":"https:\/\/blocsenresidencia.bcn.cat\/antaviana2024\/wp-json\/wp\/v2\/media?parent=370"}],"wp:term":[{"taxonomy":"category","embeddable":true,"href":"https:\/\/blocsenresidencia.bcn.cat\/antaviana2024\/wp-json\/wp\/v2\/categories?post=370"},{"taxonomy":"post_tag","embeddable":true,"href":"https:\/\/blocsenresidencia.bcn.cat\/antaviana2024\/wp-json\/wp\/v2\/tags?post=370"}],"curies":[{"name":"wp","href":"https:\/\/api.w.org\/{rel}","templated":true}]}}