{"id":373,"date":"2024-04-29T13:52:00","date_gmt":"2024-04-29T11:52:00","guid":{"rendered":"https:\/\/blocsenresidencia.bcn.cat\/antaviana2024\/?p=373"},"modified":"2024-05-07T22:07:13","modified_gmt":"2024-05-07T20:07:13","slug":"6a-sessio-sala-aasfaltica","status":"publish","type":"post","link":"https:\/\/blocsenresidencia.bcn.cat\/antaviana2024\/6a-sessio-sala-aasfaltica\/","title":{"rendered":"6a Sessi\u00f3 Sala AAsf\u00e0ltica"},"content":{"rendered":"\n<p>En aquesta sessi\u00f3 hem comen\u00e7at en rotllana com en totes les sessions.  La Valentina no hi era perqu\u00e8 estava comprant fustes per a l&#8217;escenografia.  Ha vingut tamb\u00e9 una fot\u00f2grafa que es diu Anna F\u00e0bregas i treballa contractada pel Mercat de les Flors. Durant la sessi\u00f3 ha anat fent fotografies que il\u00b7lustraran segurament la invitaci\u00f3 del dia de l&#8217;actuaci\u00f3. 16 de maig. Mercat de les Flors. Ja falta poc.<\/p>\n\n\n\n<p>Hem comen\u00e7at escalfant com f\u00e8iem abans,  ens posaven una can\u00e7\u00f3 i hav\u00edem d&#8217;escalfar el cos i l\u2019espai.  Despr\u00e9s de l\u2019escalfament, hem assajat tota la pe\u00e7a , revisant els errors que fem per millorar-los i aix\u00ed retocar unes parts per a millorar-les tamb\u00e9.\u00a0 Ara estem fent parts en parella, duos.  Jo vaig amb el Dylan i som els primers en fer-ne un,  despr\u00e9s el grup del Jose i l&#8217;Erik, el grup de l&#8217;Aitor i l&#8217;Adam i, per \u00faltim, el grup del Hassiel , el Toni i el Samuel. Aquesta \u00e9s l&#8217;\u00faltima escena que hem creat i per aix\u00f2 la practiquem molt.  <\/p>\n\n\n\n<p>Despr\u00e9s de tornar a repassar tota la pe\u00e7a i corregint coses,  ho hem tornat a fer de nou, sense errors i ha quedat molt xulo.  Hem acabat en rotllana  com sempre per a  acomiadar-nos. Aix\u00ed ha sigut aquesta sessi\u00f3. \u00a0<\/p>\n","protected":false},"excerpt":{"rendered":"<p>En aquesta sessi\u00f3 hem comen\u00e7at en rotllana com en totes les sessions. La Valentina no hi era perqu\u00e8 estava comprant fustes per a l&#8217;escenografia. Ha vingut tamb\u00e9 una fot\u00f2grafa que es diu Anna F\u00e0bregas i treballa contractada pel Mercat de les Flors. Durant la sessi\u00f3 ha anat fent fotografies que il\u00b7lustraran segurament la invitaci\u00f3 del &hellip; <\/p>\n<p class=\"link-more\"><a href=\"https:\/\/blocsenresidencia.bcn.cat\/antaviana2024\/6a-sessio-sala-aasfaltica\/\" class=\"more-link\">Continua llegint <span class=\"screen-reader-text\">\u00ab6a Sessi\u00f3 Sala AAsf\u00e0ltica\u00bb<\/span><\/a><\/p>\n","protected":false},"author":9,"featured_media":0,"comment_status":"open","ping_status":"open","sticky":false,"template":"","format":"standard","meta":{"footnotes":""},"categories":[1],"tags":[24,23],"class_list":["post-373","post","type-post","status-publish","format-standard","hentry","category-general","tag-duos","tag-sala-aasfaltica"],"_links":{"self":[{"href":"https:\/\/blocsenresidencia.bcn.cat\/antaviana2024\/wp-json\/wp\/v2\/posts\/373","targetHints":{"allow":["GET"]}}],"collection":[{"href":"https:\/\/blocsenresidencia.bcn.cat\/antaviana2024\/wp-json\/wp\/v2\/posts"}],"about":[{"href":"https:\/\/blocsenresidencia.bcn.cat\/antaviana2024\/wp-json\/wp\/v2\/types\/post"}],"author":[{"embeddable":true,"href":"https:\/\/blocsenresidencia.bcn.cat\/antaviana2024\/wp-json\/wp\/v2\/users\/9"}],"replies":[{"embeddable":true,"href":"https:\/\/blocsenresidencia.bcn.cat\/antaviana2024\/wp-json\/wp\/v2\/comments?post=373"}],"version-history":[{"count":1,"href":"https:\/\/blocsenresidencia.bcn.cat\/antaviana2024\/wp-json\/wp\/v2\/posts\/373\/revisions"}],"predecessor-version":[{"id":374,"href":"https:\/\/blocsenresidencia.bcn.cat\/antaviana2024\/wp-json\/wp\/v2\/posts\/373\/revisions\/374"}],"wp:attachment":[{"href":"https:\/\/blocsenresidencia.bcn.cat\/antaviana2024\/wp-json\/wp\/v2\/media?parent=373"}],"wp:term":[{"taxonomy":"category","embeddable":true,"href":"https:\/\/blocsenresidencia.bcn.cat\/antaviana2024\/wp-json\/wp\/v2\/categories?post=373"},{"taxonomy":"post_tag","embeddable":true,"href":"https:\/\/blocsenresidencia.bcn.cat\/antaviana2024\/wp-json\/wp\/v2\/tags?post=373"}],"curies":[{"name":"wp","href":"https:\/\/api.w.org\/{rel}","templated":true}]}}