{"id":101,"date":"2023-02-28T20:56:12","date_gmt":"2023-02-28T18:56:12","guid":{"rendered":"https:\/\/blocsenresidencia.bcn.cat\/barribesos2023\/?p=101"},"modified":"2023-02-28T20:56:12","modified_gmt":"2023-02-28T18:56:12","slug":"sessio-continua","status":"publish","type":"post","link":"https:\/\/blocsenresidencia.bcn.cat\/barribesos2023\/2023\/02\/28\/sessio-continua\/","title":{"rendered":"SESSI\u00d3 CONT\u00cdNUA&#8230;"},"content":{"rendered":"\n<p>Avui farem Sessi\u00f3 Cont\u00ednua al Blog&#8230;<\/p>\n\n\n\n<p>S\u00ed ja s\u00e9 que alguns de vosaltres NO sabeu que vol dir sessi\u00f3 cont\u00ednua. <\/p>\n\n\n\n<p>Dons,  abans, anar al Cinema, era anar a veure una Sessi\u00f3 Cont\u00ednua, es a dir dues pel\u00b7l\u00edcules i aix\u00ed feies la tarda sencera&#8230;<\/p>\n\n\n\n<figure class=\"wp-block-image size-full\"><img loading=\"lazy\" decoding=\"async\" width=\"692\" height=\"464\" src=\"https:\/\/blocsenresidencia.bcn.cat\/barribesos2023\/wp-content\/uploads\/2023\/02\/sessiocontinua-1.jpg\" alt=\"\" class=\"wp-image-102\" srcset=\"https:\/\/blocsenresidencia.bcn.cat\/barribesos2023\/wp-content\/uploads\/2023\/02\/sessiocontinua-1.jpg 692w, https:\/\/blocsenresidencia.bcn.cat\/barribesos2023\/wp-content\/uploads\/2023\/02\/sessiocontinua-1-300x201.jpg 300w\" sizes=\"auto, (max-width: 692px) 100vw, 692px\" \/><\/figure>\n\n\n\n<p>Aix\u00ed dons,  avui <strong><em>inaugurem aquesta modalitat<\/em><\/strong> al nostre blog, avui assistirem a dues sessions&#8230;<\/p>\n\n\n\n<p>SESSI\u00d3 1<\/p>\n\n\n\n<p>Avui ens acompanya en la sessi\u00f3 de treball la X\u00e8nia Vedia, estudiant de 1er de Batxillerat Art\u00edstic d&#8217;Arts Esc\u00e8niques, qui sap si futura actriu, escriptora o dramaturga. <\/p>\n\n\n\n<p>Assisteix per tal  d&#8217;analitzar el nostre projecte, con\u00e8ixer el que estem fent en directe i treure conclusions sobre el que estem treballant i construint i&#8230; aix\u00f2 \u00e9s el que ha vist&#8230;<\/p>\n\n\n\n<p><em>Empieza la sesi\u00f3n y los alumnos hacen un c\u00edrculo en el centro de la sala, Oriol Puig, que es el profesor que est\u00e1 dirigiendo, es un actor profesional, adem\u00e1s de dramaturgo y director y est\u00e1 actualmente trabajando en \u201cKaraoke Elusa\u201d\u00a0 una obra de teatro que estrena en Madrid, en el Centro Dram\u00e1tico Nacional, despu\u00e9s de haber pasado por la Sala Beckett en Barcelona. <\/em><\/p>\n\n\n\n<figure class=\"wp-block-image size-large\"><img loading=\"lazy\" decoding=\"async\" width=\"717\" height=\"1024\" src=\"https:\/\/blocsenresidencia.bcn.cat\/barribesos2023\/wp-content\/uploads\/2023\/02\/KARAOKEELUSIA_CARTEL_ONLINE_1-scaled-1-717x1024.jpg\" alt=\"\" class=\"wp-image-103\" srcset=\"https:\/\/blocsenresidencia.bcn.cat\/barribesos2023\/wp-content\/uploads\/2023\/02\/KARAOKEELUSIA_CARTEL_ONLINE_1-scaled-1-717x1024.jpg 717w, https:\/\/blocsenresidencia.bcn.cat\/barribesos2023\/wp-content\/uploads\/2023\/02\/KARAOKEELUSIA_CARTEL_ONLINE_1-scaled-1-210x300.jpg 210w, https:\/\/blocsenresidencia.bcn.cat\/barribesos2023\/wp-content\/uploads\/2023\/02\/KARAOKEELUSIA_CARTEL_ONLINE_1-scaled-1-768x1097.jpg 768w, https:\/\/blocsenresidencia.bcn.cat\/barribesos2023\/wp-content\/uploads\/2023\/02\/KARAOKEELUSIA_CARTEL_ONLINE_1-scaled-1-1075x1536.jpg 1075w, https:\/\/blocsenresidencia.bcn.cat\/barribesos2023\/wp-content\/uploads\/2023\/02\/KARAOKEELUSIA_CARTEL_ONLINE_1-scaled-1-1434x2048.jpg 1434w, https:\/\/blocsenresidencia.bcn.cat\/barribesos2023\/wp-content\/uploads\/2023\/02\/KARAOKEELUSIA_CARTEL_ONLINE_1-scaled-1.jpg 1792w\" sizes=\"auto, (max-width: 717px) 100vw, 717px\" \/><\/figure>\n\n\n\n<p><\/p>\n\n\n\n<p><em>Les da la bienvenida e introduce la clase.<\/em><\/p>\n\n\n\n<p><em>El primer ejercicio que ejecutan consiste en decir ciertas palabras en clave (espi, espa y espo) atribuyendo a cada una de ellas una maniobra diferente, como un cambio de direcci\u00f3n o introducir a otro compa\u00f1ero, lanzando un gesto con las manos que indique que es su turno. <\/em><\/p>\n\n\n\n<p><em>Con este ejercicio se\u00a0trabaja la coordinaci\u00f3n del gesto y la palabra. Aumentan progresivamente la energ\u00eda conforme el juego avanza.\u00a0<\/em><\/p>\n\n\n\n<p><em>Cuando el ejercicio est\u00e1 acabando van quedando menos jugadores hasta que solo quedan dos personas, el ejercicio finaliza y Oriol da paso al siguiente ejercicio. <\/em><\/p>\n\n\n\n<p><em>Este consistir\u00e1 en un juego de no solaparse unos con los otros, mientras de uno en uno, sin un orden espec\u00edfico cuentan m\u00ednimo hasta el n\u00famero veinte en voz alta. Trabajan de nuevo, la concentraci\u00f3n y la conexi\u00f3n grupal. Los alumnos son capaces de llegar con gran facilidad al n\u00famero veinte en poco tiempo.<\/em><\/p>\n\n\n\n<figure class=\"wp-block-image size-full\"><img loading=\"lazy\" decoding=\"async\" width=\"768\" height=\"1024\" src=\"https:\/\/blocsenresidencia.bcn.cat\/barribesos2023\/wp-content\/uploads\/2023\/02\/WhatsApp-Image-2023-02-13-at-18.53.42.jpeg\" alt=\"\" class=\"wp-image-104\" srcset=\"https:\/\/blocsenresidencia.bcn.cat\/barribesos2023\/wp-content\/uploads\/2023\/02\/WhatsApp-Image-2023-02-13-at-18.53.42.jpeg 768w, https:\/\/blocsenresidencia.bcn.cat\/barribesos2023\/wp-content\/uploads\/2023\/02\/WhatsApp-Image-2023-02-13-at-18.53.42-225x300.jpeg 225w\" sizes=\"auto, (max-width: 767px) 89vw, (max-width: 1000px) 54vw, (max-width: 1071px) 543px, 580px\" \/><\/figure>\n\n\n\n<p><em>Los alumnos de cuarto construyen con las sillas, un cuadrado que queda vac\u00edo en su interior y se sientan en los laterales del mismo. En un orden no establecido, se van levantando y empiezan a caminar por el espacio, lo ocupan caminando lentamente hacia delante. Oriol, hace hincapi\u00e9 en la importancia de equilibrar y ocupar todo el espacio del cuadrado. Cada vez que un compa\u00f1ero nuevo se introduce al espacio, todos lo reciben con la mirada sin hablar. Y de nuevo consiguen concentrarse y tener una conexi\u00f3n grupal. Muy potente. Se puede notar una gran diferencia de actitud en los alumnos cuando lo repiten por segunda vez, y esta vez, mucho m\u00e1s trabajado e interesante.\u00a0<\/em><\/p>\n\n\n\n<p><em>Al parecer, los alumnos ya han estado trabajando texto y ahora est\u00e1n trabajando los materiales de los movimientos que van a utilizar en su creaci\u00f3n. que estar\u00e1 guiada por Oriol Puig.\u00a0<\/em><\/p>\n\n\n\n<p><em>Ha sido muy interesante ver como un profesional dirig\u00eda una sesi\u00f3n de teatro, donde los alumnos de verdad aprend\u00edan a conectar como grupo y a moverse con cuerpo y presencia por el espacio.<\/em><\/p>\n\n\n\n<p><strong>X\u00e8nia Vedia, 1\u00ba Bachillerato C.<\/strong><\/p>\n\n\n\n<p>B\u00e9, l&#8217;exercici ens resulta molt interessant a l&#8217;Oriol i a mi mateix, perqu\u00e8 \u00e9s una visi\u00f3 externa a nosaltres la que ens observa i valora, i, aix\u00f2 sempre aporta.<\/p>\n\n\n\n<p>Per acabar, despr\u00e9s de llegir el text de la X\u00e8nia, no s\u00e9 ben b\u00e9 si el Periodisme perdr\u00e0 una crack o el teatre guanyar\u00e0 en el futur una gran escriptora. Gr\u00e0cies pel teu escrit X\u00e8nia, est\u00e0 molt i molt b\u00e9 escrit.<\/p>\n\n\n\n<p><\/p>\n\n\n\n<p>SESSI\u00d3 2<\/p>\n\n\n\n<p>Avui l&#8217;Oriol no hi \u00e9s, est\u00e0 a Madrid amb el Karaoke Elusa i envia a una substituta a fer la sessi\u00f3, concretament l&#8217;ALBA SAEZ.<\/p>\n\n\n\n<figure class=\"wp-block-embed is-type-video is-provider-youtube wp-block-embed-youtube wp-embed-aspect-16-9 wp-has-aspect-ratio\"><div class=\"wp-block-embed__wrapper\">\n<iframe loading=\"lazy\" title=\"I tu, com v\u00e9ns a la Beckett? Alba S\u00e1ez\" width=\"525\" height=\"295\" src=\"https:\/\/www.youtube.com\/embed\/0vUWAvhia_Y?feature=oembed\" frameborder=\"0\" allow=\"accelerometer; autoplay; clipboard-write; encrypted-media; gyroscope; picture-in-picture; web-share\" referrerpolicy=\"strict-origin-when-cross-origin\" allowfullscreen><\/iframe>\n<\/div><\/figure>\n\n\n\n<p>L&#8217;Alba \u00e9s una de les integrants de <em><strong>Els malnascuts<\/strong><\/em> que \u00e9s una plataforma creada el 2014 per un grup de joves des de la Sala Beckett per posar en contacte altres joves interessats en la creaci\u00f3 d&#8217;un espectacle esc\u00e8nic i oferir-los les eines i l&#8217;espai per fer-ho.<br>Es tracta d\u00b4un grup obert d\u00b4experimentaci\u00f3 i producci\u00f3 d\u00b4espectacles inspirat en el model de funcionament dels grups de teatre jove de les sales d\u00b4Alemanya, on els joves emprenen la creaci\u00f3 d\u00b4un espectacle en funci\u00f3 de les seves inquietuds art\u00edstiques (dramat\u00fargia, direcci\u00f3, interpretaci\u00f3, escenografia, vestuari, etc.). No \u00e9s una companyia ni tampoc una escola, sin\u00f3 m\u00e9s aviat un espai d&#8217;experimentaci\u00f3 i creaci\u00f3 lliure deslligat de les condicions comercials. Per aix\u00f2, sigui quin sigui l&#8217;espectacle resultant de cada edici\u00f3 dels Malnascuts, entrar\u00e0 a la Sala Beckett per la porta gran i s&#8217;estrenar\u00e0 de la millor de les maneres possibles, oferint aix\u00ed al p\u00fablic del teatre una pe\u00e7a creada \u00edntegrament pels joves que formen el grup dels malnascuts.<\/p>\n\n\n\n<figure class=\"wp-block-image size-large\"><img loading=\"lazy\" decoding=\"async\" width=\"683\" height=\"1024\" src=\"https:\/\/blocsenresidencia.bcn.cat\/barribesos2023\/wp-content\/uploads\/2023\/02\/albasaez1-calabuch-683x1024.jpg\" alt=\"\" class=\"wp-image-110\" srcset=\"https:\/\/blocsenresidencia.bcn.cat\/barribesos2023\/wp-content\/uploads\/2023\/02\/albasaez1-calabuch-683x1024.jpg 683w, https:\/\/blocsenresidencia.bcn.cat\/barribesos2023\/wp-content\/uploads\/2023\/02\/albasaez1-calabuch-200x300.jpg 200w, https:\/\/blocsenresidencia.bcn.cat\/barribesos2023\/wp-content\/uploads\/2023\/02\/albasaez1-calabuch-768x1152.jpg 768w, https:\/\/blocsenresidencia.bcn.cat\/barribesos2023\/wp-content\/uploads\/2023\/02\/albasaez1-calabuch.jpg 800w\" sizes=\"auto, (max-width: 683px) 100vw, 683px\" \/><\/figure>\n\n\n\n<p>Encantadora nom\u00e9s arribar i un aut\u00e8ntic remol\u00ed d&#8217;energia i vivacitat, posa el grup a treballar, els mana amb una autoritat super-efectiva, els fa anar per on ella vol, treballen, salten, corren, la segueixen&#8230;<\/p>\n\n\n\n<figure class=\"wp-block-image size-full\"><img loading=\"lazy\" decoding=\"async\" width=\"768\" height=\"1024\" src=\"https:\/\/blocsenresidencia.bcn.cat\/barribesos2023\/wp-content\/uploads\/2023\/02\/WhatsApp-Image-2023-02-13-at-18.55.43-1.jpeg\" alt=\"\" class=\"wp-image-105\" srcset=\"https:\/\/blocsenresidencia.bcn.cat\/barribesos2023\/wp-content\/uploads\/2023\/02\/WhatsApp-Image-2023-02-13-at-18.55.43-1.jpeg 768w, https:\/\/blocsenresidencia.bcn.cat\/barribesos2023\/wp-content\/uploads\/2023\/02\/WhatsApp-Image-2023-02-13-at-18.55.43-1-225x300.jpeg 225w\" sizes=\"auto, (max-width: 767px) 89vw, (max-width: 1000px) 54vw, (max-width: 1071px) 543px, 580px\" \/><\/figure>\n\n\n\n<p>la sessi\u00f3 avan\u00e7a d&#8217;una manera que els participants si se&#8217;n recorden de fer la pausa de 5 minuts&#8230;i ni la reclamen&#8230;<\/p>\n\n\n\n<figure class=\"wp-block-image size-full\"><img loading=\"lazy\" decoding=\"async\" width=\"768\" height=\"1024\" src=\"https:\/\/blocsenresidencia.bcn.cat\/barribesos2023\/wp-content\/uploads\/2023\/02\/WhatsApp-Image-2023-02-13-at-18.55.43-2.jpeg\" alt=\"\" class=\"wp-image-106\" srcset=\"https:\/\/blocsenresidencia.bcn.cat\/barribesos2023\/wp-content\/uploads\/2023\/02\/WhatsApp-Image-2023-02-13-at-18.55.43-2.jpeg 768w, https:\/\/blocsenresidencia.bcn.cat\/barribesos2023\/wp-content\/uploads\/2023\/02\/WhatsApp-Image-2023-02-13-at-18.55.43-2-225x300.jpeg 225w\" sizes=\"auto, (max-width: 767px) 89vw, (max-width: 1000px) 54vw, (max-width: 1071px) 543px, 580px\" \/><\/figure>\n\n\n\n<p>Converteix els actors i actrius, en dobles d&#8217;ells mateixos, en esponges, en corredors d&#8217;espais imaginaris, en un banc de peixos terrestres&#8230;<\/p>\n\n\n\n<figure class=\"wp-block-image size-full\"><img loading=\"lazy\" decoding=\"async\" width=\"768\" height=\"1024\" src=\"https:\/\/blocsenresidencia.bcn.cat\/barribesos2023\/wp-content\/uploads\/2023\/02\/WhatsApp-Image-2023-02-13-at-18.55.43-3.jpeg\" alt=\"\" class=\"wp-image-107\" srcset=\"https:\/\/blocsenresidencia.bcn.cat\/barribesos2023\/wp-content\/uploads\/2023\/02\/WhatsApp-Image-2023-02-13-at-18.55.43-3.jpeg 768w, https:\/\/blocsenresidencia.bcn.cat\/barribesos2023\/wp-content\/uploads\/2023\/02\/WhatsApp-Image-2023-02-13-at-18.55.43-3-225x300.jpeg 225w\" sizes=\"auto, (max-width: 767px) 89vw, (max-width: 1000px) 54vw, (max-width: 1071px) 543px, 580px\" \/><\/figure>\n\n\n\n<figure class=\"wp-block-image size-full\"><img loading=\"lazy\" decoding=\"async\" width=\"768\" height=\"1024\" src=\"https:\/\/blocsenresidencia.bcn.cat\/barribesos2023\/wp-content\/uploads\/2023\/02\/WhatsApp-Image-2023-02-13-at-18.55.43-4.jpeg\" alt=\"\" class=\"wp-image-108\" srcset=\"https:\/\/blocsenresidencia.bcn.cat\/barribesos2023\/wp-content\/uploads\/2023\/02\/WhatsApp-Image-2023-02-13-at-18.55.43-4.jpeg 768w, https:\/\/blocsenresidencia.bcn.cat\/barribesos2023\/wp-content\/uploads\/2023\/02\/WhatsApp-Image-2023-02-13-at-18.55.43-4-225x300.jpeg 225w\" sizes=\"auto, (max-width: 767px) 89vw, (max-width: 1000px) 54vw, (max-width: 1071px) 543px, 580px\" \/><\/figure>\n\n\n\n<p>i tot amb una facilitat per a fondre autoritat amb pedagogia e idees clares&#8230; com a docent, nom\u00e9s puc dir: vull a l&#8217;Alba i l&#8217;Oriol en el meu equip de profes!!!!<\/p>\n\n\n\n<p><\/p>\n\n\n\n<figure class=\"wp-block-video\"><video controls src=\"https:\/\/blocsenresidencia.bcn.cat\/barribesos2023\/wp-content\/uploads\/2023\/02\/WhatsApp-Video-2023-02-28-at-19.01.58.mp4\"><\/video><\/figure>\n\n\n\n<p>Gr\u00e0cies Alba per aquesta magn\u00edfica sessi\u00f3!!!<\/p>\n\n\n\n<p>Jordi S\u00e1nchez.<\/p>\n\n\n\n<p>Professor. <\/p>\n\n\n\n<p>INS. BARRI BES\u00d2S. Barcelona<\/p>\n","protected":false},"excerpt":{"rendered":"<p>Avui farem Sessi\u00f3 Cont\u00ednua al Blog&#8230; S\u00ed ja s\u00e9 que alguns de vosaltres NO sabeu que vol dir sessi\u00f3 cont\u00ednua. Dons, abans, anar al Cinema, era anar a veure una Sessi\u00f3 Cont\u00ednua, es a dir dues pel\u00b7l\u00edcules i aix\u00ed feies la tarda sencera&#8230; Aix\u00ed dons, avui inaugurem aquesta modalitat al nostre blog, avui assistirem a &hellip; <\/p>\n<p class=\"link-more\"><a href=\"https:\/\/blocsenresidencia.bcn.cat\/barribesos2023\/2023\/02\/28\/sessio-continua\/\" class=\"more-link\">Continua llegint <span class=\"screen-reader-text\">\u00abSESSI\u00d3 CONT\u00cdNUA&#8230;\u00bb<\/span><\/a><\/p>\n","protected":false},"author":4,"featured_media":0,"comment_status":"open","ping_status":"open","sticky":false,"template":"","format":"standard","meta":{"footnotes":""},"categories":[1],"tags":[],"class_list":["post-101","post","type-post","status-publish","format-standard","hentry","category-general"],"_links":{"self":[{"href":"https:\/\/blocsenresidencia.bcn.cat\/barribesos2023\/wp-json\/wp\/v2\/posts\/101","targetHints":{"allow":["GET"]}}],"collection":[{"href":"https:\/\/blocsenresidencia.bcn.cat\/barribesos2023\/wp-json\/wp\/v2\/posts"}],"about":[{"href":"https:\/\/blocsenresidencia.bcn.cat\/barribesos2023\/wp-json\/wp\/v2\/types\/post"}],"author":[{"embeddable":true,"href":"https:\/\/blocsenresidencia.bcn.cat\/barribesos2023\/wp-json\/wp\/v2\/users\/4"}],"replies":[{"embeddable":true,"href":"https:\/\/blocsenresidencia.bcn.cat\/barribesos2023\/wp-json\/wp\/v2\/comments?post=101"}],"version-history":[{"count":1,"href":"https:\/\/blocsenresidencia.bcn.cat\/barribesos2023\/wp-json\/wp\/v2\/posts\/101\/revisions"}],"predecessor-version":[{"id":111,"href":"https:\/\/blocsenresidencia.bcn.cat\/barribesos2023\/wp-json\/wp\/v2\/posts\/101\/revisions\/111"}],"wp:attachment":[{"href":"https:\/\/blocsenresidencia.bcn.cat\/barribesos2023\/wp-json\/wp\/v2\/media?parent=101"}],"wp:term":[{"taxonomy":"category","embeddable":true,"href":"https:\/\/blocsenresidencia.bcn.cat\/barribesos2023\/wp-json\/wp\/v2\/categories?post=101"},{"taxonomy":"post_tag","embeddable":true,"href":"https:\/\/blocsenresidencia.bcn.cat\/barribesos2023\/wp-json\/wp\/v2\/tags?post=101"}],"curies":[{"name":"wp","href":"https:\/\/api.w.org\/{rel}","templated":true}]}}