{"id":122,"date":"2023-05-01T19:15:28","date_gmt":"2023-05-01T17:15:28","guid":{"rendered":"https:\/\/blocsenresidencia.bcn.cat\/barribesos2023\/?p=122"},"modified":"2023-05-01T19:20:22","modified_gmt":"2023-05-01T17:20:22","slug":"foto-de-grup","status":"publish","type":"post","link":"https:\/\/blocsenresidencia.bcn.cat\/barribesos2023\/2023\/05\/01\/foto-de-grup\/","title":{"rendered":"FOTO DE GRUP"},"content":{"rendered":"\n<p>Dons aix\u00f3, avui hem de fer una foto de grup, que ser\u00e0 la del cartell de presentaci\u00f3 de l&#8217;Obra que ja t\u00e9 nom, s\u00ed, aqu\u00ed teniu la prim\u00edcia, es dir\u00e0&#8230; ESTO ES UN BOSQUE.<\/p>\n\n\n\n<p>Quiets, Derek no tanquis els ulls&#8230;<\/p>\n\n\n\n<figure class=\"wp-block-image size-full\"><img loading=\"lazy\" decoding=\"async\" width=\"768\" height=\"1024\" src=\"https:\/\/blocsenresidencia.bcn.cat\/barribesos2023\/wp-content\/uploads\/2023\/05\/Foto-GRUP-1.jpeg\" alt=\"\" class=\"wp-image-123\" srcset=\"https:\/\/blocsenresidencia.bcn.cat\/barribesos2023\/wp-content\/uploads\/2023\/05\/Foto-GRUP-1.jpeg 768w, https:\/\/blocsenresidencia.bcn.cat\/barribesos2023\/wp-content\/uploads\/2023\/05\/Foto-GRUP-1-225x300.jpeg 225w\" sizes=\"auto, (max-width: 767px) 89vw, (max-width: 1000px) 54vw, (max-width: 1071px) 543px, 580px\" \/><\/figure>\n\n\n\n<p>Tania somriu&#8230;<\/p>\n\n\n\n<figure class=\"wp-block-image size-full\"><img loading=\"lazy\" decoding=\"async\" width=\"768\" height=\"1024\" src=\"https:\/\/blocsenresidencia.bcn.cat\/barribesos2023\/wp-content\/uploads\/2023\/05\/Foto-grup-2.jpeg\" alt=\"\" class=\"wp-image-124\" srcset=\"https:\/\/blocsenresidencia.bcn.cat\/barribesos2023\/wp-content\/uploads\/2023\/05\/Foto-grup-2.jpeg 768w, https:\/\/blocsenresidencia.bcn.cat\/barribesos2023\/wp-content\/uploads\/2023\/05\/Foto-grup-2-225x300.jpeg 225w\" sizes=\"auto, (max-width: 767px) 89vw, (max-width: 1000px) 54vw, (max-width: 1071px) 543px, 580px\" \/><\/figure>\n\n\n\n<p>Ra\u00fal, baixa la caputxa que sembles la caputxeta vermella&#8230;<\/p>\n\n\n\n<figure class=\"wp-block-image size-full\"><img loading=\"lazy\" decoding=\"async\" width=\"768\" height=\"1024\" src=\"https:\/\/blocsenresidencia.bcn.cat\/barribesos2023\/wp-content\/uploads\/2023\/05\/Foto-geup-3.jpeg\" alt=\"\" class=\"wp-image-125\" srcset=\"https:\/\/blocsenresidencia.bcn.cat\/barribesos2023\/wp-content\/uploads\/2023\/05\/Foto-geup-3.jpeg 768w, https:\/\/blocsenresidencia.bcn.cat\/barribesos2023\/wp-content\/uploads\/2023\/05\/Foto-geup-3-225x300.jpeg 225w\" sizes=\"auto, (max-width: 767px) 89vw, (max-width: 1000px) 54vw, (max-width: 1071px) 543px, 580px\" \/><\/figure>\n\n\n\n<p>I dale, fes el que vulguis, Ivan, la gorra, no et veiem la cara&#8230;<\/p>\n\n\n\n<figure class=\"wp-block-image size-full\"><img loading=\"lazy\" decoding=\"async\" width=\"768\" height=\"1024\" src=\"https:\/\/blocsenresidencia.bcn.cat\/barribesos2023\/wp-content\/uploads\/2023\/05\/Foto-grup-4.jpeg\" alt=\"\" class=\"wp-image-126\" srcset=\"https:\/\/blocsenresidencia.bcn.cat\/barribesos2023\/wp-content\/uploads\/2023\/05\/Foto-grup-4.jpeg 768w, https:\/\/blocsenresidencia.bcn.cat\/barribesos2023\/wp-content\/uploads\/2023\/05\/Foto-grup-4-225x300.jpeg 225w\" sizes=\"auto, (max-width: 767px) 89vw, (max-width: 1000px) 54vw, (max-width: 1071px) 543px, 580px\" \/><\/figure>\n\n\n\n<p>Una altra, TOTS ATENTS!!!&#8230;.mireu&#8230;<\/p>\n\n\n\n<figure class=\"wp-block-image size-full\"><img loading=\"lazy\" decoding=\"async\" width=\"768\" height=\"1024\" src=\"https:\/\/blocsenresidencia.bcn.cat\/barribesos2023\/wp-content\/uploads\/2023\/05\/Foto-grup-5.jpeg\" alt=\"\" class=\"wp-image-127\" srcset=\"https:\/\/blocsenresidencia.bcn.cat\/barribesos2023\/wp-content\/uploads\/2023\/05\/Foto-grup-5.jpeg 768w, https:\/\/blocsenresidencia.bcn.cat\/barribesos2023\/wp-content\/uploads\/2023\/05\/Foto-grup-5-225x300.jpeg 225w\" sizes=\"auto, (max-width: 767px) 89vw, (max-width: 1000px) 54vw, (max-width: 1071px) 543px, 580px\" \/><\/figure>\n\n\n\n<p>Aquesta \u00e9s bona, fem una altra&#8230; joo&#8230; profe qu\u00e8 pesat, va&#8230;<\/p>\n\n\n\n<p>CLICK!<\/p>\n\n\n\n<figure class=\"wp-block-image size-full\"><img loading=\"lazy\" decoding=\"async\" width=\"768\" height=\"1024\" src=\"https:\/\/blocsenresidencia.bcn.cat\/barribesos2023\/wp-content\/uploads\/2023\/05\/Foto-grup-7.jpeg\" alt=\"\" class=\"wp-image-128\" srcset=\"https:\/\/blocsenresidencia.bcn.cat\/barribesos2023\/wp-content\/uploads\/2023\/05\/Foto-grup-7.jpeg 768w, https:\/\/blocsenresidencia.bcn.cat\/barribesos2023\/wp-content\/uploads\/2023\/05\/Foto-grup-7-225x300.jpeg 225w\" sizes=\"auto, (max-width: 767px) 89vw, (max-width: 1000px) 54vw, (max-width: 1071px) 543px, 580px\" \/><\/figure>\n\n\n\n<p>I ara aTREBALLAR!!!!<\/p>\n\n\n\n<figure class=\"wp-block-image size-full\"><img loading=\"lazy\" decoding=\"async\" width=\"768\" height=\"1024\" src=\"https:\/\/blocsenresidencia.bcn.cat\/barribesos2023\/wp-content\/uploads\/2023\/05\/Foto-grup-8.jpeg\" alt=\"\" class=\"wp-image-129\" srcset=\"https:\/\/blocsenresidencia.bcn.cat\/barribesos2023\/wp-content\/uploads\/2023\/05\/Foto-grup-8.jpeg 768w, https:\/\/blocsenresidencia.bcn.cat\/barribesos2023\/wp-content\/uploads\/2023\/05\/Foto-grup-8-225x300.jpeg 225w\" sizes=\"auto, (max-width: 767px) 89vw, (max-width: 1000px) 54vw, (max-width: 1071px) 543px, 580px\" \/><\/figure>\n\n\n\n<p>Per fi !!!<\/p>\n\n\n\n<p>MIREU EL RESULTAT FINAL!!!<\/p>\n\n\n\n<p><a href=\"https:\/\/www.salabeckett.cat\/activitat-resta\/esto-es-un-bosque\/\">https:\/\/www.salabeckett.cat\/activitat-resta\/esto-es-un-bosque\/<\/a><\/p>\n\n\n\n<p><\/p>\n\n\n\n<p>Jordi S\u00e1nchez. Professor.<\/p>\n\n\n\n<p>INS. BARRI BES\u00d2S.<\/p>\n\n\n\n<p>Barcelona.<\/p>\n","protected":false},"excerpt":{"rendered":"<p>Dons aix\u00f3, avui hem de fer una foto de grup, que ser\u00e0 la del cartell de presentaci\u00f3 de l&#8217;Obra que ja t\u00e9 nom, s\u00ed, aqu\u00ed teniu la prim\u00edcia, es dir\u00e0&#8230; ESTO ES UN BOSQUE. Quiets, Derek no tanquis els ulls&#8230; Tania somriu&#8230; Ra\u00fal, baixa la caputxa que sembles la caputxeta vermella&#8230; I dale, fes el &hellip; <\/p>\n<p class=\"link-more\"><a href=\"https:\/\/blocsenresidencia.bcn.cat\/barribesos2023\/2023\/05\/01\/foto-de-grup\/\" class=\"more-link\">Continua llegint <span class=\"screen-reader-text\">\u00abFOTO DE GRUP\u00bb<\/span><\/a><\/p>\n","protected":false},"author":4,"featured_media":0,"comment_status":"open","ping_status":"open","sticky":false,"template":"","format":"standard","meta":{"footnotes":""},"categories":[1],"tags":[],"class_list":["post-122","post","type-post","status-publish","format-standard","hentry","category-general"],"_links":{"self":[{"href":"https:\/\/blocsenresidencia.bcn.cat\/barribesos2023\/wp-json\/wp\/v2\/posts\/122","targetHints":{"allow":["GET"]}}],"collection":[{"href":"https:\/\/blocsenresidencia.bcn.cat\/barribesos2023\/wp-json\/wp\/v2\/posts"}],"about":[{"href":"https:\/\/blocsenresidencia.bcn.cat\/barribesos2023\/wp-json\/wp\/v2\/types\/post"}],"author":[{"embeddable":true,"href":"https:\/\/blocsenresidencia.bcn.cat\/barribesos2023\/wp-json\/wp\/v2\/users\/4"}],"replies":[{"embeddable":true,"href":"https:\/\/blocsenresidencia.bcn.cat\/barribesos2023\/wp-json\/wp\/v2\/comments?post=122"}],"version-history":[{"count":6,"href":"https:\/\/blocsenresidencia.bcn.cat\/barribesos2023\/wp-json\/wp\/v2\/posts\/122\/revisions"}],"predecessor-version":[{"id":136,"href":"https:\/\/blocsenresidencia.bcn.cat\/barribesos2023\/wp-json\/wp\/v2\/posts\/122\/revisions\/136"}],"wp:attachment":[{"href":"https:\/\/blocsenresidencia.bcn.cat\/barribesos2023\/wp-json\/wp\/v2\/media?parent=122"}],"wp:term":[{"taxonomy":"category","embeddable":true,"href":"https:\/\/blocsenresidencia.bcn.cat\/barribesos2023\/wp-json\/wp\/v2\/categories?post=122"},{"taxonomy":"post_tag","embeddable":true,"href":"https:\/\/blocsenresidencia.bcn.cat\/barribesos2023\/wp-json\/wp\/v2\/tags?post=122"}],"curies":[{"name":"wp","href":"https:\/\/api.w.org\/{rel}","templated":true}]}}