{"id":40,"date":"2022-12-15T19:55:57","date_gmt":"2022-12-15T17:55:57","guid":{"rendered":"https:\/\/blocsenresidencia.bcn.cat\/barribesos2023\/?p=40"},"modified":"2022-12-15T19:55:57","modified_gmt":"2022-12-15T17:55:57","slug":"vamos-a-contar-un-cuento-y-no-es-el-de-maria-sarmiento","status":"publish","type":"post","link":"https:\/\/blocsenresidencia.bcn.cat\/barribesos2023\/2022\/12\/15\/vamos-a-contar-un-cuento-y-no-es-el-de-maria-sarmiento\/","title":{"rendered":"VAMOS A CONTAR UN CUENTO y&#8230; no es el de Mar\u00eda Sarmiento&#8230;"},"content":{"rendered":"\n<p>Aquesta setmana hem estat treballant les bases narratives d\u2019una historia i aix\u00f2 volia dir parlar dels contes i dels seus components\u2026 <\/p>\n\n\n\n<p>Per comen\u00e7ar vam preguntar quins contes coneixien i van sortir\u2026<\/p>\n\n\n\n<figure class=\"wp-block-image size-full is-resized\"><img loading=\"lazy\" decoding=\"async\" src=\"https:\/\/blocsenresidencia.bcn.cat\/barribesos2023\/wp-content\/uploads\/2022\/12\/image-2.png\" alt=\"\" class=\"wp-image-41\" width=\"352\" height=\"511\" srcset=\"https:\/\/blocsenresidencia.bcn.cat\/barribesos2023\/wp-content\/uploads\/2022\/12\/image-2.png 538w, https:\/\/blocsenresidencia.bcn.cat\/barribesos2023\/wp-content\/uploads\/2022\/12\/image-2-207x300.png 207w\" sizes=\"auto, (max-width: 352px) 100vw, 352px\" \/><\/figure>\n\n\n\n<figure class=\"wp-block-image size-full is-resized\"><img loading=\"lazy\" decoding=\"async\" src=\"https:\/\/blocsenresidencia.bcn.cat\/barribesos2023\/wp-content\/uploads\/2022\/12\/image-3.png\" alt=\"\" class=\"wp-image-42\" width=\"358\" height=\"233\" srcset=\"https:\/\/blocsenresidencia.bcn.cat\/barribesos2023\/wp-content\/uploads\/2022\/12\/image-3.png 575w, https:\/\/blocsenresidencia.bcn.cat\/barribesos2023\/wp-content\/uploads\/2022\/12\/image-3-300x196.png 300w\" sizes=\"auto, (max-width: 358px) 100vw, 358px\" \/><\/figure>\n\n\n\n<figure class=\"wp-block-image size-full is-resized\"><img loading=\"lazy\" decoding=\"async\" src=\"https:\/\/blocsenresidencia.bcn.cat\/barribesos2023\/wp-content\/uploads\/2022\/12\/image-4.png\" alt=\"\" class=\"wp-image-43\" width=\"349\" height=\"481\" srcset=\"https:\/\/blocsenresidencia.bcn.cat\/barribesos2023\/wp-content\/uploads\/2022\/12\/image-4.png 570w, https:\/\/blocsenresidencia.bcn.cat\/barribesos2023\/wp-content\/uploads\/2022\/12\/image-4-218x300.png 218w\" sizes=\"auto, (max-width: 349px) 100vw, 349px\" \/><\/figure>\n\n\n\n<p>Les nocions Heroi, antiheroi, conflicte, el b\u00e9 i el mal, les virtuts i els defectes\u2026 totes les cartes estaven sobre la taula\u2026 les idees brotaven, fins que va apar\u00e8ixer la factoria Disney (Com No?)&#8230;<\/p>\n\n\n\n<figure class=\"wp-block-embed is-type-video is-provider-youtube wp-block-embed-youtube wp-embed-aspect-16-9 wp-has-aspect-ratio\"><div class=\"wp-block-embed__wrapper\">\n<iframe loading=\"lazy\" title=\"Tiana y el sapo\" width=\"525\" height=\"295\" src=\"https:\/\/www.youtube.com\/embed\/3feIu2WaetM?feature=oembed\" frameborder=\"0\" allow=\"accelerometer; autoplay; clipboard-write; encrypted-media; gyroscope; picture-in-picture; web-share\" referrerpolicy=\"strict-origin-when-cross-origin\" allowfullscreen><\/iframe>\n<\/div><\/figure>\n\n\n\n<figure class=\"wp-block-embed is-type-video is-provider-youtube wp-block-embed-youtube wp-embed-aspect-16-9 wp-has-aspect-ratio\"><div class=\"wp-block-embed__wrapper\">\n<iframe loading=\"lazy\" title=\"La Bella y la Bestia | con letra | La Bella y la Bestia\" width=\"525\" height=\"295\" src=\"https:\/\/www.youtube.com\/embed\/32LVW1nVKSU?feature=oembed\" frameborder=\"0\" allow=\"accelerometer; autoplay; clipboard-write; encrypted-media; gyroscope; picture-in-picture; web-share\" referrerpolicy=\"strict-origin-when-cross-origin\" allowfullscreen><\/iframe>\n<\/div><\/figure>\n\n\n\n<p><\/p>\n\n\n\n<p>Finalment vam poder establir els elements b\u00e0sics d\u2019un text narratiu i \/ o dram\u00e0tic, per tal que els residents, sabessin amb quins elements an\u00e0vem a treballar d\u2019ara endavant&#8230;<\/p>\n\n\n\n<p>A la sessi\u00f3 de treball va assistir una alumna convidada per tal de analitzar la nostra feina. Aquesta activitat la fem sovint en aquest projecte.<\/p>\n\n\n\n<p>Estudiants de 1er de Batxillerat de la modalitat d\u2019Arts Esc\u00e8niques, segueixen una sessi\u00f3 de treball i redacten les seves impressions sobre el que han vist, en aquest cas va ser la Patricia&#8230;<\/p>\n\n\n\n<p><\/p>\n\n\n\n<p>La clase que pude presenciar consisti\u00f3 de dos partes, una parte pr\u00e1ctica y otra parte hablada, donde se hicieron diversos debates.\u00a0<\/p>\n\n\n\n<p>Los participantes empezaron definiendo qu\u00e9 es el teatro, para luego crear su propia historia, donde se basaron principalmente en leyendas o cuentos que ellos mismos conoc\u00edan para tener una cierta similitud con los mismos.<\/p>\n\n\n\n<p>Tambi\u00e9n se coment\u00f3 por encima la obra de teatro de Oriol, que es la historia que en su momento se estaba viendo en clase.<\/p>\n\n\n\n<p>Se comenz\u00f3 hablando de los 3 Cerditos, la Caperucita Roja, Blancanieves, la Bella y la Bestia y se acab\u00f3 por hablar de la factor\u00eda Disney con Tiana.<\/p>\n\n\n\n<p>Los debates entraron en juego cuando se empez\u00f3 a analizar las historias para identificar quienes eran los \u201cvillanos, las v\u00edctimas, los buenos, los malos\u2026\u201d Posteriormente se habl\u00f3 sobre mitos de brujas que estuvieran relacionados con los cuentos anteriores, donde siempre el \u201cvillano\u201d era una bruja.\u00a0<\/p>\n\n\n\n<figure class=\"wp-block-image size-full is-resized\"><img loading=\"lazy\" decoding=\"async\" src=\"https:\/\/blocsenresidencia.bcn.cat\/barribesos2023\/wp-content\/uploads\/2022\/12\/image-5.png\" alt=\"\" class=\"wp-image-44\" width=\"511\" height=\"393\"\/><\/figure>\n\n\n\n<p>Patricia Avellaneda Ortiz<\/p>\n\n\n\n<p>1\u00ba de Bachillerato, Artes Esc\u00e9nicas.<\/p>\n\n\n\n<p><\/p>\n\n\n\n<p>Dons, aix\u00f2 \u00e9s tot.<\/p>\n\n\n\n<p>Jordi S\u00e1nchez. Professor.<\/p>\n\n\n\n<p>INS. BARRI BES\u00d2S. Barcelona<\/p>\n\n\n\n<p><\/p>\n","protected":false},"excerpt":{"rendered":"<p>Aquesta setmana hem estat treballant les bases narratives d\u2019una historia i aix\u00f2 volia dir parlar dels contes i dels seus components\u2026 Per comen\u00e7ar vam preguntar quins contes coneixien i van sortir\u2026 Les nocions Heroi, antiheroi, conflicte, el b\u00e9 i el mal, les virtuts i els defectes\u2026 totes les cartes estaven sobre la taula\u2026 les idees &hellip; <\/p>\n<p class=\"link-more\"><a href=\"https:\/\/blocsenresidencia.bcn.cat\/barribesos2023\/2022\/12\/15\/vamos-a-contar-un-cuento-y-no-es-el-de-maria-sarmiento\/\" class=\"more-link\">Continua llegint <span class=\"screen-reader-text\">\u00abVAMOS A CONTAR UN CUENTO y&#8230; no es el de Mar\u00eda Sarmiento&#8230;\u00bb<\/span><\/a><\/p>\n","protected":false},"author":4,"featured_media":0,"comment_status":"open","ping_status":"open","sticky":false,"template":"","format":"standard","meta":{"footnotes":""},"categories":[1],"tags":[],"class_list":["post-40","post","type-post","status-publish","format-standard","hentry","category-general"],"_links":{"self":[{"href":"https:\/\/blocsenresidencia.bcn.cat\/barribesos2023\/wp-json\/wp\/v2\/posts\/40","targetHints":{"allow":["GET"]}}],"collection":[{"href":"https:\/\/blocsenresidencia.bcn.cat\/barribesos2023\/wp-json\/wp\/v2\/posts"}],"about":[{"href":"https:\/\/blocsenresidencia.bcn.cat\/barribesos2023\/wp-json\/wp\/v2\/types\/post"}],"author":[{"embeddable":true,"href":"https:\/\/blocsenresidencia.bcn.cat\/barribesos2023\/wp-json\/wp\/v2\/users\/4"}],"replies":[{"embeddable":true,"href":"https:\/\/blocsenresidencia.bcn.cat\/barribesos2023\/wp-json\/wp\/v2\/comments?post=40"}],"version-history":[{"count":1,"href":"https:\/\/blocsenresidencia.bcn.cat\/barribesos2023\/wp-json\/wp\/v2\/posts\/40\/revisions"}],"predecessor-version":[{"id":45,"href":"https:\/\/blocsenresidencia.bcn.cat\/barribesos2023\/wp-json\/wp\/v2\/posts\/40\/revisions\/45"}],"wp:attachment":[{"href":"https:\/\/blocsenresidencia.bcn.cat\/barribesos2023\/wp-json\/wp\/v2\/media?parent=40"}],"wp:term":[{"taxonomy":"category","embeddable":true,"href":"https:\/\/blocsenresidencia.bcn.cat\/barribesos2023\/wp-json\/wp\/v2\/categories?post=40"},{"taxonomy":"post_tag","embeddable":true,"href":"https:\/\/blocsenresidencia.bcn.cat\/barribesos2023\/wp-json\/wp\/v2\/tags?post=40"}],"curies":[{"name":"wp","href":"https:\/\/api.w.org\/{rel}","templated":true}]}}