{"id":48,"date":"2023-01-24T18:56:29","date_gmt":"2023-01-24T16:56:29","guid":{"rendered":"https:\/\/blocsenresidencia.bcn.cat\/barribesos2023\/?p=48"},"modified":"2023-01-24T18:56:29","modified_gmt":"2023-01-24T16:56:29","slug":"this-is-theater-samuel-beckett-dixit","status":"publish","type":"post","link":"https:\/\/blocsenresidencia.bcn.cat\/barribesos2023\/2023\/01\/24\/this-is-theater-samuel-beckett-dixit\/","title":{"rendered":"THIS IS&#8230;Theater!!!  Samuel Beckett dixit&#8230;"},"content":{"rendered":"\n<p>En un mat\u00ed fred i solejat de principis de desembre, el grup de treball hem visitat la Sala Beckett.<\/p>\n\n\n\n<figure class=\"wp-block-embed is-type-video is-provider-youtube wp-block-embed-youtube wp-embed-aspect-4-3 wp-has-aspect-ratio\"><div class=\"wp-block-embed__wrapper\">\n<iframe loading=\"lazy\" title=\"SALA BECKETT, 20 anys\" width=\"525\" height=\"394\" src=\"https:\/\/www.youtube.com\/embed\/G0F2JRUHemI?start=383&#038;feature=oembed\" frameborder=\"0\" allow=\"accelerometer; autoplay; clipboard-write; encrypted-media; gyroscope; picture-in-picture; web-share\" referrerpolicy=\"strict-origin-when-cross-origin\" allowfullscreen><\/iframe>\n<\/div><\/figure>\n\n\n\n<p>Els estudiants estaven emocionats pel fet de con\u00e8ixer una sala de teatre per dins i un pel excitats per veure el lloc a on presentaran la feina feta durant tot el projecte.<\/p>\n\n\n\n<p>Ens ha rebut el V\u00edctor Mu\u00f1oz que d\u2019una manera molt amena ha dirigit la visita. El V\u00edctor \u00e9s un home de teatre que viu i respira teatre i que ens ha fet un recorregut fant\u00e0stic per les instal\u00b7lacions.<\/p>\n\n\n\n<figure class=\"wp-block-image size-large\"><img loading=\"lazy\" decoding=\"async\" width=\"1024\" height=\"768\" src=\"https:\/\/blocsenresidencia.bcn.cat\/barribesos2023\/wp-content\/uploads\/2023\/01\/IMG_0756-1024x768.jpg\" alt=\"\" class=\"wp-image-49\" srcset=\"https:\/\/blocsenresidencia.bcn.cat\/barribesos2023\/wp-content\/uploads\/2023\/01\/IMG_0756-1024x768.jpg 1024w, https:\/\/blocsenresidencia.bcn.cat\/barribesos2023\/wp-content\/uploads\/2023\/01\/IMG_0756-300x225.jpg 300w, https:\/\/blocsenresidencia.bcn.cat\/barribesos2023\/wp-content\/uploads\/2023\/01\/IMG_0756-768x576.jpg 768w, https:\/\/blocsenresidencia.bcn.cat\/barribesos2023\/wp-content\/uploads\/2023\/01\/IMG_0756-1536x1152.jpg 1536w, https:\/\/blocsenresidencia.bcn.cat\/barribesos2023\/wp-content\/uploads\/2023\/01\/IMG_0756-2048x1536.jpg 2048w\" sizes=\"auto, (max-width: 767px) 89vw, (max-width: 1000px) 54vw, (max-width: 1071px) 543px, 580px\" \/><\/figure>\n\n\n\n<p>Hem comen\u00e7at per una introducci\u00f3 a la Sala Beckett: creaci\u00f3 i or\u00edgens, <\/p>\n\n\n\n<figure class=\"wp-block-image size-large\"><img loading=\"lazy\" decoding=\"async\" width=\"768\" height=\"1024\" src=\"https:\/\/blocsenresidencia.bcn.cat\/barribesos2023\/wp-content\/uploads\/2023\/01\/IMG_0757-768x1024.jpg\" alt=\"\" class=\"wp-image-54\" srcset=\"https:\/\/blocsenresidencia.bcn.cat\/barribesos2023\/wp-content\/uploads\/2023\/01\/IMG_0757-768x1024.jpg 768w, https:\/\/blocsenresidencia.bcn.cat\/barribesos2023\/wp-content\/uploads\/2023\/01\/IMG_0757-225x300.jpg 225w, https:\/\/blocsenresidencia.bcn.cat\/barribesos2023\/wp-content\/uploads\/2023\/01\/IMG_0757-1152x1536.jpg 1152w, https:\/\/blocsenresidencia.bcn.cat\/barribesos2023\/wp-content\/uploads\/2023\/01\/IMG_0757-1536x2048.jpg 1536w, https:\/\/blocsenresidencia.bcn.cat\/barribesos2023\/wp-content\/uploads\/2023\/01\/IMG_0757-scaled.jpg 1920w\" sizes=\"auto, (max-width: 767px) 89vw, (max-width: 1000px) 54vw, (max-width: 1071px) 543px, 580px\" \/><\/figure>\n\n\n\n<p>la sala al barri de Gr\u00e0cia, <\/p>\n\n\n\n<figure class=\"wp-block-embed is-type-video is-provider-youtube wp-block-embed-youtube wp-embed-aspect-4-3 wp-has-aspect-ratio\"><div class=\"wp-block-embed__wrapper\">\n<iframe loading=\"lazy\" title=\"Salvem la sala Beckett\" width=\"525\" height=\"394\" src=\"https:\/\/www.youtube.com\/embed\/1E_Rg41tbeQ?feature=oembed\" frameborder=\"0\" allow=\"accelerometer; autoplay; clipboard-write; encrypted-media; gyroscope; picture-in-picture; web-share\" referrerpolicy=\"strict-origin-when-cross-origin\" allowfullscreen><\/iframe>\n<\/div><\/figure>\n\n\n\n<p>Sanchis Sinisterra, <\/p>\n\n\n\n<figure class=\"wp-block-embed is-type-video is-provider-youtube wp-block-embed-youtube wp-embed-aspect-16-9 wp-has-aspect-ratio\"><div class=\"wp-block-embed__wrapper\">\n<iframe loading=\"lazy\" title=\"Sanchis Sinisterra \ud83c\udfad la ABOLICI\u00d3N de las FRONTERAS del TEATRO\" width=\"525\" height=\"295\" src=\"https:\/\/www.youtube.com\/embed\/abkboAZFlWc?feature=oembed\" frameborder=\"0\" allow=\"accelerometer; autoplay; clipboard-write; encrypted-media; gyroscope; picture-in-picture; web-share\" referrerpolicy=\"strict-origin-when-cross-origin\" allowfullscreen><\/iframe>\n<\/div><\/figure>\n\n\n\n<p>el trasllat al Poblenou, la cooperativa, la creaci\u00f3 de la nova sala&#8230;<\/p>\n\n\n\n<figure class=\"wp-block-embed is-type-video is-provider-youtube wp-block-embed-youtube wp-embed-aspect-16-9 wp-has-aspect-ratio\"><div class=\"wp-block-embed__wrapper\">\n<iframe loading=\"lazy\" title=\"Sala Beckett\" width=\"525\" height=\"295\" src=\"https:\/\/www.youtube.com\/embed\/KQIHTK9idzc?start=63&#038;feature=oembed\" frameborder=\"0\" allow=\"accelerometer; autoplay; clipboard-write; encrypted-media; gyroscope; picture-in-picture; web-share\" referrerpolicy=\"strict-origin-when-cross-origin\" allowfullscreen><\/iframe>\n<\/div><\/figure>\n\n\n\n<p>Tot un recital d\u2019informaci\u00f3, molt ben explicada, que tenia els estudiants amb la boca oberta\u2026<\/p>\n\n\n\n<p>V\u00e0rem poder veure, la sala d\u2019assajos, la sala Petita, la sala Gran, les aules&#8230;<\/p>\n\n\n\n<p>A la sala Gran v\u00e0rem fer parada i all\u00e0, el Victor va fer una explicaci\u00f3 <em>in situ<\/em> sobre els diferents oficis del teatre. <\/p>\n\n\n\n<figure class=\"wp-block-image size-large\"><img loading=\"lazy\" decoding=\"async\" width=\"768\" height=\"1024\" src=\"https:\/\/blocsenresidencia.bcn.cat\/barribesos2023\/wp-content\/uploads\/2023\/01\/IMG_0760-768x1024.jpg\" alt=\"\" class=\"wp-image-50\" srcset=\"https:\/\/blocsenresidencia.bcn.cat\/barribesos2023\/wp-content\/uploads\/2023\/01\/IMG_0760-768x1024.jpg 768w, https:\/\/blocsenresidencia.bcn.cat\/barribesos2023\/wp-content\/uploads\/2023\/01\/IMG_0760-225x300.jpg 225w, https:\/\/blocsenresidencia.bcn.cat\/barribesos2023\/wp-content\/uploads\/2023\/01\/IMG_0760-1152x1536.jpg 1152w, https:\/\/blocsenresidencia.bcn.cat\/barribesos2023\/wp-content\/uploads\/2023\/01\/IMG_0760-1536x2048.jpg 1536w, https:\/\/blocsenresidencia.bcn.cat\/barribesos2023\/wp-content\/uploads\/2023\/01\/IMG_0760-scaled.jpg 1920w\" sizes=\"auto, (max-width: 767px) 89vw, (max-width: 1000px) 54vw, (max-width: 1071px) 543px, 580px\" \/><\/figure>\n\n\n\n<figure class=\"wp-block-image size-large\"><img loading=\"lazy\" decoding=\"async\" width=\"768\" height=\"1024\" src=\"https:\/\/blocsenresidencia.bcn.cat\/barribesos2023\/wp-content\/uploads\/2023\/01\/IMG_0761-768x1024.jpg\" alt=\"\" class=\"wp-image-52\" srcset=\"https:\/\/blocsenresidencia.bcn.cat\/barribesos2023\/wp-content\/uploads\/2023\/01\/IMG_0761-768x1024.jpg 768w, https:\/\/blocsenresidencia.bcn.cat\/barribesos2023\/wp-content\/uploads\/2023\/01\/IMG_0761-225x300.jpg 225w, https:\/\/blocsenresidencia.bcn.cat\/barribesos2023\/wp-content\/uploads\/2023\/01\/IMG_0761-1152x1536.jpg 1152w, https:\/\/blocsenresidencia.bcn.cat\/barribesos2023\/wp-content\/uploads\/2023\/01\/IMG_0761-1536x2048.jpg 1536w, https:\/\/blocsenresidencia.bcn.cat\/barribesos2023\/wp-content\/uploads\/2023\/01\/IMG_0761-scaled.jpg 1920w\" sizes=\"auto, (max-width: 767px) 89vw, (max-width: 1000px) 54vw, (max-width: 1071px) 543px, 580px\" \/><\/figure>\n\n\n\n<figure class=\"wp-block-image size-large\"><img loading=\"lazy\" decoding=\"async\" width=\"768\" height=\"1024\" src=\"https:\/\/blocsenresidencia.bcn.cat\/barribesos2023\/wp-content\/uploads\/2023\/01\/IMG_0762-768x1024.jpg\" alt=\"\" class=\"wp-image-51\" srcset=\"https:\/\/blocsenresidencia.bcn.cat\/barribesos2023\/wp-content\/uploads\/2023\/01\/IMG_0762-768x1024.jpg 768w, https:\/\/blocsenresidencia.bcn.cat\/barribesos2023\/wp-content\/uploads\/2023\/01\/IMG_0762-225x300.jpg 225w, https:\/\/blocsenresidencia.bcn.cat\/barribesos2023\/wp-content\/uploads\/2023\/01\/IMG_0762-1152x1536.jpg 1152w, https:\/\/blocsenresidencia.bcn.cat\/barribesos2023\/wp-content\/uploads\/2023\/01\/IMG_0762-1536x2048.jpg 1536w, https:\/\/blocsenresidencia.bcn.cat\/barribesos2023\/wp-content\/uploads\/2023\/01\/IMG_0762-scaled.jpg 1920w\" sizes=\"auto, (max-width: 767px) 89vw, (max-width: 1000px) 54vw, (max-width: 1071px) 543px, 580px\" \/><\/figure>\n\n\n\n<p>D\u2019una manera molt entenedora i did\u00e0ctica, fent preguntes, que per cert els alumnes sabien respondre (quin goig d\u2019alumnes que tinc!)&#8230; despr\u00e8s, cap els camerinos&#8230;<\/p>\n\n\n\n<figure class=\"wp-block-image size-large\"><img loading=\"lazy\" decoding=\"async\" width=\"1024\" height=\"768\" src=\"https:\/\/blocsenresidencia.bcn.cat\/barribesos2023\/wp-content\/uploads\/2023\/01\/IMG_0763-1024x768.jpg\" alt=\"\" class=\"wp-image-53\" srcset=\"https:\/\/blocsenresidencia.bcn.cat\/barribesos2023\/wp-content\/uploads\/2023\/01\/IMG_0763-1024x768.jpg 1024w, https:\/\/blocsenresidencia.bcn.cat\/barribesos2023\/wp-content\/uploads\/2023\/01\/IMG_0763-300x225.jpg 300w, https:\/\/blocsenresidencia.bcn.cat\/barribesos2023\/wp-content\/uploads\/2023\/01\/IMG_0763-768x576.jpg 768w, https:\/\/blocsenresidencia.bcn.cat\/barribesos2023\/wp-content\/uploads\/2023\/01\/IMG_0763-1536x1152.jpg 1536w, https:\/\/blocsenresidencia.bcn.cat\/barribesos2023\/wp-content\/uploads\/2023\/01\/IMG_0763-2048x1536.jpg 2048w\" sizes=\"auto, (max-width: 767px) 89vw, (max-width: 1000px) 54vw, (max-width: 1071px) 543px, 580px\" \/><\/figure>\n\n\n\n<p>En definitiva, va ser una matinal que els va passar volant i segons ells&#8230;havien apr\u00e8s molt\u00edssim.<\/p>\n\n\n\n<p>Gr\u00e0cies Victor i Gr\u00e0cies Sala Beckett, sempre \u00e9s un goig visitar casa vostra!<\/p>\n\n\n\n<figure class=\"wp-block-image size-large\"><img loading=\"lazy\" decoding=\"async\" width=\"768\" height=\"1024\" src=\"https:\/\/blocsenresidencia.bcn.cat\/barribesos2023\/wp-content\/uploads\/2023\/01\/IMG_0758-768x1024.jpg\" alt=\"\" class=\"wp-image-55\" srcset=\"https:\/\/blocsenresidencia.bcn.cat\/barribesos2023\/wp-content\/uploads\/2023\/01\/IMG_0758-768x1024.jpg 768w, https:\/\/blocsenresidencia.bcn.cat\/barribesos2023\/wp-content\/uploads\/2023\/01\/IMG_0758-225x300.jpg 225w, https:\/\/blocsenresidencia.bcn.cat\/barribesos2023\/wp-content\/uploads\/2023\/01\/IMG_0758-1152x1536.jpg 1152w, https:\/\/blocsenresidencia.bcn.cat\/barribesos2023\/wp-content\/uploads\/2023\/01\/IMG_0758-1536x2048.jpg 1536w, https:\/\/blocsenresidencia.bcn.cat\/barribesos2023\/wp-content\/uploads\/2023\/01\/IMG_0758-scaled.jpg 1920w\" sizes=\"auto, (max-width: 767px) 89vw, (max-width: 1000px) 54vw, (max-width: 1071px) 543px, 580px\" \/><\/figure>\n\n\n\n<p>Jordi S\u00e1nchez<\/p>\n\n\n\n<p>INS. BARRI BES\u00d2S.<\/p>\n\n\n\n<p>Professor.<\/p>\n","protected":false},"excerpt":{"rendered":"<p>En un mat\u00ed fred i solejat de principis de desembre, el grup de treball hem visitat la Sala Beckett. Els estudiants estaven emocionats pel fet de con\u00e8ixer una sala de teatre per dins i un pel excitats per veure el lloc a on presentaran la feina feta durant tot el projecte. Ens ha rebut el &hellip; <\/p>\n<p class=\"link-more\"><a href=\"https:\/\/blocsenresidencia.bcn.cat\/barribesos2023\/2023\/01\/24\/this-is-theater-samuel-beckett-dixit\/\" class=\"more-link\">Continua llegint <span class=\"screen-reader-text\">\u00abTHIS IS&#8230;Theater!!!  Samuel Beckett dixit&#8230;\u00bb<\/span><\/a><\/p>\n","protected":false},"author":4,"featured_media":0,"comment_status":"open","ping_status":"open","sticky":false,"template":"","format":"standard","meta":{"footnotes":""},"categories":[1],"tags":[],"class_list":["post-48","post","type-post","status-publish","format-standard","hentry","category-general"],"_links":{"self":[{"href":"https:\/\/blocsenresidencia.bcn.cat\/barribesos2023\/wp-json\/wp\/v2\/posts\/48","targetHints":{"allow":["GET"]}}],"collection":[{"href":"https:\/\/blocsenresidencia.bcn.cat\/barribesos2023\/wp-json\/wp\/v2\/posts"}],"about":[{"href":"https:\/\/blocsenresidencia.bcn.cat\/barribesos2023\/wp-json\/wp\/v2\/types\/post"}],"author":[{"embeddable":true,"href":"https:\/\/blocsenresidencia.bcn.cat\/barribesos2023\/wp-json\/wp\/v2\/users\/4"}],"replies":[{"embeddable":true,"href":"https:\/\/blocsenresidencia.bcn.cat\/barribesos2023\/wp-json\/wp\/v2\/comments?post=48"}],"version-history":[{"count":1,"href":"https:\/\/blocsenresidencia.bcn.cat\/barribesos2023\/wp-json\/wp\/v2\/posts\/48\/revisions"}],"predecessor-version":[{"id":56,"href":"https:\/\/blocsenresidencia.bcn.cat\/barribesos2023\/wp-json\/wp\/v2\/posts\/48\/revisions\/56"}],"wp:attachment":[{"href":"https:\/\/blocsenresidencia.bcn.cat\/barribesos2023\/wp-json\/wp\/v2\/media?parent=48"}],"wp:term":[{"taxonomy":"category","embeddable":true,"href":"https:\/\/blocsenresidencia.bcn.cat\/barribesos2023\/wp-json\/wp\/v2\/categories?post=48"},{"taxonomy":"post_tag","embeddable":true,"href":"https:\/\/blocsenresidencia.bcn.cat\/barribesos2023\/wp-json\/wp\/v2\/tags?post=48"}],"curies":[{"name":"wp","href":"https:\/\/api.w.org\/{rel}","templated":true}]}}