{"id":299,"date":"2023-11-25T20:56:05","date_gmt":"2023-11-25T18:56:05","guid":{"rendered":"https:\/\/blocsenresidencia.bcn.cat\/barribesos2024\/?p=299"},"modified":"2023-11-25T20:56:05","modified_gmt":"2023-11-25T18:56:05","slug":"i-amb-nosaltres-loriol","status":"publish","type":"post","link":"https:\/\/blocsenresidencia.bcn.cat\/barribesos2024\/i-amb-nosaltres-loriol\/","title":{"rendered":"I amb nosaltres&#8230;l&#8217;ORIOL!!!"},"content":{"rendered":"\n<p>Aquest curs en acompanya l&#8217;Oriol Morales, amb qui conviurem durant el nostre curs escolar, per\u00f2 qui \u00e9s l&#8217;Oriol Morales?<\/p>\n\n\n\n<p>Dons&#8230;<\/p>\n\n\n\n<figure class=\"wp-block-image size-full\"><img loading=\"lazy\" decoding=\"async\" width=\"886\" height=\"531\" src=\"https:\/\/blocsenresidencia.bcn.cat\/barribesos2024\/wp-content\/uploads\/2023\/11\/image.png\" alt=\"\" class=\"wp-image-300\" srcset=\"https:\/\/blocsenresidencia.bcn.cat\/barribesos2024\/wp-content\/uploads\/2023\/11\/image.png 886w, https:\/\/blocsenresidencia.bcn.cat\/barribesos2024\/wp-content\/uploads\/2023\/11\/image-300x180.png 300w, https:\/\/blocsenresidencia.bcn.cat\/barribesos2024\/wp-content\/uploads\/2023\/11\/image-768x460.png 768w\" sizes=\"auto, (max-width: 767px) 89vw, (max-width: 1000px) 54vw, (max-width: 1071px) 543px, 580px\" \/><\/figure>\n\n\n\n<p><strong>Oriol Morales i Pujolar<\/strong>&nbsp;(Figueres 1990) \u00e9s un autor i director teatral catal\u00e0.<a href=\"https:\/\/ca.wikipedia.org\/wiki\/Oriol_Morales_i_Pujolar#cite_note-1\"><sup>[1]<\/sup><\/a><\/p>\n\n\n\n<p>La seva formaci\u00f3 teatral es realitza al Col\u00b7legi de Teatre de Barcelona on cursa interpretaci\u00f3 de text\u00a0i a l&#8217;<a href=\"https:\/\/ca.wikipedia.org\/wiki\/Institut_del_Teatre\">Institut del Teatre<\/a>\u00a0i a l&#8217;Obrador Internacional de Dramat\u00fargia de la\u00a0<a href=\"https:\/\/ca.wikipedia.org\/wiki\/Sala_Beckett\">Sala Beckett<\/a>\u00a0on curs\u00e0 direcci\u00f3 esc\u00e8nica i dramat\u00fargia.\u00a0<\/p>\n\n\n\n<p>\u00c9s fundador de Teatre Sense Sostre l&#8217;any 2012,\u00a0una companyia en qu\u00e8 ha dirigit espectacles de creaci\u00f3 pr\u00f2pia conjuntament amb l&#8217;Aleix Plana.\u00a0com\u00a0<em>Si matessim les mares<\/em>.<a href=\"https:\/\/ca.wikipedia.org\/wiki\/Oriol_Morales_i_Pujolar#cite_note-3\"><sup>]<\/sup><\/a>\u00a0i\u00a0<em>Del que mengen les b\u00e8sties<\/em>.<\/p>\n\n\n\n<p><a href=\"https:\/\/www.timeout.cat\/barcelona\/ca\/teatre\/si-matessim-les-mares\">https:\/\/www.timeout.cat\/barcelona\/ca\/teatre\/si-matessim-les-mares<\/a><\/p>\n\n\n\n<p>Ha estrenat espectacles d&#8217;autoria pr\u00f2pia al Teatre Lliure, la Sala Beckett, el\u00a0<a href=\"https:\/\/ca.wikipedia.org\/wiki\/Festival_Grec_de_Barcelona\">Festival Grec<\/a>, el Festival TNT o a La Pedrera, entre d&#8217;altres.Ha estat ajudant de direcci\u00f3 d&#8217;<a href=\"https:\/\/ca.wikipedia.org\/wiki\/Helena_Tornero_i_Brugu%C3%A9s\">Helena Tornero<\/a>\u00a0(<em>Kalimat,<\/em>\u00a0<a href=\"https:\/\/ca.wikipedia.org\/wiki\/Teatre_Nacional_de_Catalunya\">Teatre Nacional de Catalunya<\/a>, 2016\u00a0i\u00a0<em>El Futur<\/em>, Teatre Nacional de Catalunya, 2019)\u00a0i Julio Wallovits (<em>Argentinamiento<\/em>, Sala Beckett, 2017)\u00a0i assistent de direcci\u00f3 de\u00a0<a href=\"https:\/\/ca.wikipedia.org\/wiki\/Joan_Oll%C3%A9_i_Freixas\">Joan Oll\u00e9<\/a>. (<em>En la solitud dels camps de cot\u00f3<\/em>, Teatre Nacional de Catalunya, 2017).<\/p>\n\n\n\n<p>\u00c9s membre del Consell de Redacci\u00f3 de la revista\u00a0<em>Pausa.<\/em>\u00a0<\/p>\n\n\n\n<p><a href=\"https:\/\/www.revistapausa.cat\/autor\/oriol-morales\/\">https:\/\/www.revistapausa.cat\/autor\/oriol-morales\/<\/a><\/p>\n\n\n\n<p>L&#8217;any 2018, l&#8217;obra de Morales titulada\u00a0<em>Bruels<\/em>\u00a0guanya el Premi\u00a0<a href=\"https:\/\/ca.wikipedia.org\/wiki\/Adri%C3%A0_Gual_i_Queralt\">Adri\u00e0 Gual<\/a>\u00a0i s&#8217;estrena al\u00a0<a href=\"https:\/\/ca.wikipedia.org\/wiki\/Festival_Grec_de_Barcelona\">Festival Grec<\/a>\u00a0amb la companyia La Llarga.<\/p>\n\n\n\n<figure class=\"wp-block-embed is-type-video is-provider-youtube wp-block-embed-youtube wp-embed-aspect-16-9 wp-has-aspect-ratio\"><div class=\"wp-block-embed__wrapper\">\n<iframe loading=\"lazy\" title=\"Oriol Morales i Pujolar parla de &#039;Bruels&#039;\" width=\"525\" height=\"295\" src=\"https:\/\/www.youtube.com\/embed\/rraPh1E4wHE?feature=oembed\" frameborder=\"0\" allow=\"accelerometer; autoplay; clipboard-write; encrypted-media; gyroscope; picture-in-picture; web-share\" referrerpolicy=\"strict-origin-when-cross-origin\" allowfullscreen><\/iframe>\n<\/div><\/figure>\n\n\n\n<figure class=\"wp-block-embed is-type-wp-embed is-provider-entreacte wp-block-embed-entreacte\"><div class=\"wp-block-embed__wrapper\">\n<blockquote class=\"wp-embedded-content\" data-secret=\"jlMv1bhgvW\"><a href=\"https:\/\/entreacte.cat\/entrades\/personatges\/oriol-morales-i-el-teatre-real\/\">Oriol Morales i el teatre real<\/a><\/blockquote><iframe loading=\"lazy\" class=\"wp-embedded-content\" sandbox=\"allow-scripts\" security=\"restricted\" style=\"position: absolute; clip: rect(1px, 1px, 1px, 1px);\" title=\"&#8220;Oriol Morales i el teatre real&#8221; &#8212; Entreacte\" src=\"https:\/\/entreacte.cat\/entrades\/personatges\/oriol-morales-i-el-teatre-real\/embed\/#?secret=dZvwa0rRgY#?secret=jlMv1bhgvW\" data-secret=\"jlMv1bhgvW\" width=\"525\" height=\"296\" frameborder=\"0\" marginwidth=\"0\" marginheight=\"0\" scrolling=\"no\"><\/iframe>\n<\/div><figcaption class=\"wp-element-caption\"><strong>Benvingut al Barri Bes\u00f2s Oriol!!!!<\/strong><\/figcaption><\/figure>\n\n\n\n<p>Jordi S\u00e1nchez.<\/p>\n\n\n\n<p>Professor.<\/p>\n\n\n\n<p>Institut Barri Bes\u00f2s.<\/p>\n\n\n\n<p><\/p>\n","protected":false},"excerpt":{"rendered":"<p>Aquest curs en acompanya l&#8217;Oriol Morales, amb qui conviurem durant el nostre curs escolar, per\u00f2 qui \u00e9s l&#8217;Oriol Morales? Dons&#8230; Oriol Morales i Pujolar&nbsp;(Figueres 1990) \u00e9s un autor i director teatral catal\u00e0.[1] La seva formaci\u00f3 teatral es realitza al Col\u00b7legi de Teatre de Barcelona on cursa interpretaci\u00f3 de text\u00a0i a l&#8217;Institut del Teatre\u00a0i a l&#8217;Obrador &hellip; <\/p>\n<p class=\"link-more\"><a href=\"https:\/\/blocsenresidencia.bcn.cat\/barribesos2024\/i-amb-nosaltres-loriol\/\" class=\"more-link\">Continua llegint <span class=\"screen-reader-text\">\u00abI amb nosaltres&#8230;l&#8217;ORIOL!!!\u00bb<\/span><\/a><\/p>\n","protected":false},"author":9,"featured_media":0,"comment_status":"open","ping_status":"open","sticky":false,"template":"","format":"standard","meta":{"footnotes":""},"categories":[1],"tags":[],"class_list":["post-299","post","type-post","status-publish","format-standard","hentry","category-general"],"_links":{"self":[{"href":"https:\/\/blocsenresidencia.bcn.cat\/barribesos2024\/wp-json\/wp\/v2\/posts\/299","targetHints":{"allow":["GET"]}}],"collection":[{"href":"https:\/\/blocsenresidencia.bcn.cat\/barribesos2024\/wp-json\/wp\/v2\/posts"}],"about":[{"href":"https:\/\/blocsenresidencia.bcn.cat\/barribesos2024\/wp-json\/wp\/v2\/types\/post"}],"author":[{"embeddable":true,"href":"https:\/\/blocsenresidencia.bcn.cat\/barribesos2024\/wp-json\/wp\/v2\/users\/9"}],"replies":[{"embeddable":true,"href":"https:\/\/blocsenresidencia.bcn.cat\/barribesos2024\/wp-json\/wp\/v2\/comments?post=299"}],"version-history":[{"count":1,"href":"https:\/\/blocsenresidencia.bcn.cat\/barribesos2024\/wp-json\/wp\/v2\/posts\/299\/revisions"}],"predecessor-version":[{"id":301,"href":"https:\/\/blocsenresidencia.bcn.cat\/barribesos2024\/wp-json\/wp\/v2\/posts\/299\/revisions\/301"}],"wp:attachment":[{"href":"https:\/\/blocsenresidencia.bcn.cat\/barribesos2024\/wp-json\/wp\/v2\/media?parent=299"}],"wp:term":[{"taxonomy":"category","embeddable":true,"href":"https:\/\/blocsenresidencia.bcn.cat\/barribesos2024\/wp-json\/wp\/v2\/categories?post=299"},{"taxonomy":"post_tag","embeddable":true,"href":"https:\/\/blocsenresidencia.bcn.cat\/barribesos2024\/wp-json\/wp\/v2\/tags?post=299"}],"curies":[{"name":"wp","href":"https:\/\/api.w.org\/{rel}","templated":true}]}}