{"id":303,"date":"2023-12-21T19:46:33","date_gmt":"2023-12-21T17:46:33","guid":{"rendered":"https:\/\/blocsenresidencia.bcn.cat\/barribesos2024\/?p=303"},"modified":"2023-12-21T19:46:33","modified_gmt":"2023-12-21T17:46:33","slug":"buna-dimineata-si-bun-venit-la-institutul-barri-besos","status":"publish","type":"post","link":"https:\/\/blocsenresidencia.bcn.cat\/barribesos2024\/buna-dimineata-si-bun-venit-la-institutul-barri-besos\/","title":{"rendered":"Bun\u0103 diminea\u021ba \u0219i bun venit la Institutul Barri Bes\u00f2s."},"content":{"rendered":"\n<p><em>Bon dia i benvinguda a l\u2019Institut Barri Bes\u00f2s.<\/em><\/p>\n\n\n\n<p>Ens visita la Mihaela Michailov, dramaturga romanesa que participa en un intercanvi d\u2019experi\u00e8ncies dram\u00e0tiques amb l\u2019Oriol Morales, el nostre resident, dins el programa <em>Fabulamundi<\/em> de la Sala Beckett.<\/p>\n\n\n\n<p>Avui i dem\u00e0 estar\u00e0 amb nosaltres la Mihaela per fer un parell de tallers amb els estudiants, i mesos m\u00e9s tard, anir\u00e0 l\u2019Oriol a fer el mateix a Bucarest.<\/p>\n\n\n\n<figure class=\"wp-block-image size-full\"><img loading=\"lazy\" decoding=\"async\" width=\"886\" height=\"498\" src=\"https:\/\/blocsenresidencia.bcn.cat\/barribesos2024\/wp-content\/uploads\/2023\/12\/image.png\" alt=\"\" class=\"wp-image-304\" srcset=\"https:\/\/blocsenresidencia.bcn.cat\/barribesos2024\/wp-content\/uploads\/2023\/12\/image.png 886w, https:\/\/blocsenresidencia.bcn.cat\/barribesos2024\/wp-content\/uploads\/2023\/12\/image-300x169.png 300w, https:\/\/blocsenresidencia.bcn.cat\/barribesos2024\/wp-content\/uploads\/2023\/12\/image-768x432.png 768w\" sizes=\"auto, (max-width: 767px) 89vw, (max-width: 1000px) 54vw, (max-width: 1071px) 543px, 580px\" \/><\/figure>\n\n\n\n<p>I qui \u00e9s la Mihaela? Dons una don\u00e0 afable, intel\u00b7ligent, agradable, carinyosa i una gran dramaturga, aix\u00ed, en maj\u00fascules&#8230;<\/p>\n\n\n\n<p><a href=\"https:\/\/www.salabeckett.cat\/activitat-resta\/taller-per-a-adolescents-de-la-dramaturga-romanesa-mihaela-michailov\/\">https:\/\/www.salabeckett.cat\/activitat-resta\/taller-per-a-adolescents-de-la-dramaturga-romanesa-mihaela-michailov\/<\/a><\/p>\n\n\n\n<figure class=\"wp-block-embed is-type-video is-provider-youtube wp-block-embed-youtube wp-embed-aspect-16-9 wp-has-aspect-ratio\"><div class=\"wp-block-embed__wrapper\">\n<iframe loading=\"lazy\" title=\"In a New Light - conversation with Mihaela Michailov\" width=\"525\" height=\"295\" src=\"https:\/\/www.youtube.com\/embed\/TaqXlCHPKfE?feature=oembed\" frameborder=\"0\" allow=\"accelerometer; autoplay; clipboard-write; encrypted-media; gyroscope; picture-in-picture; web-share\" referrerpolicy=\"strict-origin-when-cross-origin\" allowfullscreen><\/iframe>\n<\/div><\/figure>\n\n\n\n<p>A l\u2019inici de la sessi\u00f3, la Mihaela va fer uns exercicis de cohesi\u00f3 grupal i de mutu coneixement, per anar agafant confian\u00e7a.<\/p>\n\n\n\n<figure class=\"wp-block-gallery has-nested-images columns-default is-cropped wp-block-gallery-1 is-layout-flex wp-block-gallery-is-layout-flex\">\n<figure class=\"wp-block-image size-large\"><img loading=\"lazy\" decoding=\"async\" width=\"1024\" height=\"768\" data-id=\"305\" src=\"https:\/\/blocsenresidencia.bcn.cat\/barribesos2024\/wp-content\/uploads\/2023\/12\/WhatsApp-Image-2023-12-21-at-18.09.43-1.jpeg\" alt=\"\" class=\"wp-image-305\" srcset=\"https:\/\/blocsenresidencia.bcn.cat\/barribesos2024\/wp-content\/uploads\/2023\/12\/WhatsApp-Image-2023-12-21-at-18.09.43-1.jpeg 1024w, https:\/\/blocsenresidencia.bcn.cat\/barribesos2024\/wp-content\/uploads\/2023\/12\/WhatsApp-Image-2023-12-21-at-18.09.43-1-300x225.jpeg 300w, https:\/\/blocsenresidencia.bcn.cat\/barribesos2024\/wp-content\/uploads\/2023\/12\/WhatsApp-Image-2023-12-21-at-18.09.43-1-768x576.jpeg 768w\" sizes=\"auto, (max-width: 767px) 89vw, (max-width: 1000px) 54vw, (max-width: 1071px) 543px, 580px\" \/><\/figure>\n<\/figure>\n\n\n\n<figure class=\"wp-block-image size-full\"><img loading=\"lazy\" decoding=\"async\" width=\"1024\" height=\"768\" src=\"https:\/\/blocsenresidencia.bcn.cat\/barribesos2024\/wp-content\/uploads\/2023\/12\/WhatsApp-Image-2023-12-21-at-18.09.43-2.jpeg\" alt=\"\" class=\"wp-image-306\" srcset=\"https:\/\/blocsenresidencia.bcn.cat\/barribesos2024\/wp-content\/uploads\/2023\/12\/WhatsApp-Image-2023-12-21-at-18.09.43-2.jpeg 1024w, https:\/\/blocsenresidencia.bcn.cat\/barribesos2024\/wp-content\/uploads\/2023\/12\/WhatsApp-Image-2023-12-21-at-18.09.43-2-300x225.jpeg 300w, https:\/\/blocsenresidencia.bcn.cat\/barribesos2024\/wp-content\/uploads\/2023\/12\/WhatsApp-Image-2023-12-21-at-18.09.43-2-768x576.jpeg 768w\" sizes=\"auto, (max-width: 767px) 89vw, (max-width: 1000px) 54vw, (max-width: 1071px) 543px, 580px\" \/><\/figure>\n\n\n\n<figure class=\"wp-block-image size-full\"><img loading=\"lazy\" decoding=\"async\" width=\"1024\" height=\"768\" src=\"https:\/\/blocsenresidencia.bcn.cat\/barribesos2024\/wp-content\/uploads\/2023\/12\/WhatsApp-Image-2023-12-21-at-18.09.43-3.jpeg\" alt=\"\" class=\"wp-image-307\" srcset=\"https:\/\/blocsenresidencia.bcn.cat\/barribesos2024\/wp-content\/uploads\/2023\/12\/WhatsApp-Image-2023-12-21-at-18.09.43-3.jpeg 1024w, https:\/\/blocsenresidencia.bcn.cat\/barribesos2024\/wp-content\/uploads\/2023\/12\/WhatsApp-Image-2023-12-21-at-18.09.43-3-300x225.jpeg 300w, https:\/\/blocsenresidencia.bcn.cat\/barribesos2024\/wp-content\/uploads\/2023\/12\/WhatsApp-Image-2023-12-21-at-18.09.43-3-768x576.jpeg 768w\" sizes=\"auto, (max-width: 767px) 89vw, (max-width: 1000px) 54vw, (max-width: 1071px) 543px, 580px\" \/><\/figure>\n\n\n\n<p>Per cert, en el taller hi s\u00f3n presents dues estudiants del Master de professorat de Llengua i Literatura Castellanes de la UPF, la Layla Boulaich i la Ariana Castrillo  que  compleixen la primera part del seu Practicum i que amb el seu entusiasme, es converteixen en dues actives participants m\u00e9s!<\/p>\n\n\n\n<figure class=\"wp-block-image size-full\"><img loading=\"lazy\" decoding=\"async\" width=\"768\" height=\"1024\" src=\"https:\/\/blocsenresidencia.bcn.cat\/barribesos2024\/wp-content\/uploads\/2023\/12\/WhatsApp-Image-2023-12-21-at-18.09.43-4.jpeg\" alt=\"\" class=\"wp-image-308\" srcset=\"https:\/\/blocsenresidencia.bcn.cat\/barribesos2024\/wp-content\/uploads\/2023\/12\/WhatsApp-Image-2023-12-21-at-18.09.43-4.jpeg 768w, https:\/\/blocsenresidencia.bcn.cat\/barribesos2024\/wp-content\/uploads\/2023\/12\/WhatsApp-Image-2023-12-21-at-18.09.43-4-225x300.jpeg 225w\" sizes=\"auto, (max-width: 767px) 89vw, (max-width: 1000px) 54vw, (max-width: 1071px) 543px, 580px\" \/><\/figure>\n\n\n\n<figure class=\"wp-block-image size-full\"><img loading=\"lazy\" decoding=\"async\" width=\"1024\" height=\"768\" src=\"https:\/\/blocsenresidencia.bcn.cat\/barribesos2024\/wp-content\/uploads\/2023\/12\/WhatsApp-Image-2023-12-21-at-18.09.43-5.jpeg\" alt=\"\" class=\"wp-image-309\" srcset=\"https:\/\/blocsenresidencia.bcn.cat\/barribesos2024\/wp-content\/uploads\/2023\/12\/WhatsApp-Image-2023-12-21-at-18.09.43-5.jpeg 1024w, https:\/\/blocsenresidencia.bcn.cat\/barribesos2024\/wp-content\/uploads\/2023\/12\/WhatsApp-Image-2023-12-21-at-18.09.43-5-300x225.jpeg 300w, https:\/\/blocsenresidencia.bcn.cat\/barribesos2024\/wp-content\/uploads\/2023\/12\/WhatsApp-Image-2023-12-21-at-18.09.43-5-768x576.jpeg 768w\" sizes=\"auto, (max-width: 767px) 89vw, (max-width: 1000px) 54vw, (max-width: 1071px) 543px, 580px\" \/><\/figure>\n\n\n\n<p>Preparem l&#8217;estrat\u00e8gia de treball&#8230;<\/p>\n\n\n\n<figure class=\"wp-block-image size-full\"><img loading=\"lazy\" decoding=\"async\" width=\"768\" height=\"1024\" src=\"https:\/\/blocsenresidencia.bcn.cat\/barribesos2024\/wp-content\/uploads\/2023\/12\/WhatsApp-Image-2023-12-21-at-18.09.43-6.jpeg\" alt=\"\" class=\"wp-image-310\" srcset=\"https:\/\/blocsenresidencia.bcn.cat\/barribesos2024\/wp-content\/uploads\/2023\/12\/WhatsApp-Image-2023-12-21-at-18.09.43-6.jpeg 768w, https:\/\/blocsenresidencia.bcn.cat\/barribesos2024\/wp-content\/uploads\/2023\/12\/WhatsApp-Image-2023-12-21-at-18.09.43-6-225x300.jpeg 225w\" sizes=\"auto, (max-width: 767px) 89vw, (max-width: 1000px) 54vw, (max-width: 1071px) 543px, 580px\" \/><\/figure>\n\n\n\n<p>Cal a dir que el taller havia comen\u00e7at fa uns dies, quan v\u00e0rem treballar amb els participants la premsa i, concretament, els diaris i la seva estructura.<\/p>\n\n\n\n<figure class=\"wp-block-image size-full\"><img loading=\"lazy\" decoding=\"async\" width=\"768\" height=\"1024\" src=\"https:\/\/blocsenresidencia.bcn.cat\/barribesos2024\/wp-content\/uploads\/2023\/12\/WhatsApp-Image-2023-12-21-at-18.09.43-7.jpeg\" alt=\"\" class=\"wp-image-311\" srcset=\"https:\/\/blocsenresidencia.bcn.cat\/barribesos2024\/wp-content\/uploads\/2023\/12\/WhatsApp-Image-2023-12-21-at-18.09.43-7.jpeg 768w, https:\/\/blocsenresidencia.bcn.cat\/barribesos2024\/wp-content\/uploads\/2023\/12\/WhatsApp-Image-2023-12-21-at-18.09.43-7-225x300.jpeg 225w\" sizes=\"auto, (max-width: 767px) 89vw, (max-width: 1000px) 54vw, (max-width: 1071px) 543px, 580px\" \/><\/figure>\n\n\n\n<p>Cada alumne havia d\u2019agafar un diari i seleccionar una noticia o article que consider\u00e9s interessant per tal de escriure a partir d\u2019aquest text.<\/p>\n\n\n\n<figure class=\"wp-block-image size-full\"><img loading=\"lazy\" decoding=\"async\" width=\"768\" height=\"1024\" src=\"https:\/\/blocsenresidencia.bcn.cat\/barribesos2024\/wp-content\/uploads\/2023\/12\/WhatsApp-Image-2023-12-21-at-18.09.43-8.jpeg\" alt=\"\" class=\"wp-image-312\" srcset=\"https:\/\/blocsenresidencia.bcn.cat\/barribesos2024\/wp-content\/uploads\/2023\/12\/WhatsApp-Image-2023-12-21-at-18.09.43-8.jpeg 768w, https:\/\/blocsenresidencia.bcn.cat\/barribesos2024\/wp-content\/uploads\/2023\/12\/WhatsApp-Image-2023-12-21-at-18.09.43-8-225x300.jpeg 225w\" sizes=\"auto, (max-width: 767px) 89vw, (max-width: 1000px) 54vw, (max-width: 1071px) 543px, 580px\" \/><\/figure>\n\n\n\n<figure class=\"wp-block-image size-full\"><img loading=\"lazy\" decoding=\"async\" width=\"768\" height=\"1024\" src=\"https:\/\/blocsenresidencia.bcn.cat\/barribesos2024\/wp-content\/uploads\/2023\/12\/WhatsApp-Image-2023-12-21-at-18.09.43-9.jpeg\" alt=\"\" class=\"wp-image-313\" srcset=\"https:\/\/blocsenresidencia.bcn.cat\/barribesos2024\/wp-content\/uploads\/2023\/12\/WhatsApp-Image-2023-12-21-at-18.09.43-9.jpeg 768w, https:\/\/blocsenresidencia.bcn.cat\/barribesos2024\/wp-content\/uploads\/2023\/12\/WhatsApp-Image-2023-12-21-at-18.09.43-9-225x300.jpeg 225w\" sizes=\"auto, (max-width: 767px) 89vw, (max-width: 1000px) 54vw, (max-width: 1071px) 543px, 580px\" \/><\/figure>\n\n\n\n<p>I apa!  a llegir els textos produ\u00efts&#8230;<\/p>\n\n\n\n<figure class=\"wp-block-image size-full\"><img loading=\"lazy\" decoding=\"async\" width=\"768\" height=\"1024\" src=\"https:\/\/blocsenresidencia.bcn.cat\/barribesos2024\/wp-content\/uploads\/2023\/12\/WhatsApp-Image-2023-12-21-at-18.09.43-10.jpeg\" alt=\"\" class=\"wp-image-314\" srcset=\"https:\/\/blocsenresidencia.bcn.cat\/barribesos2024\/wp-content\/uploads\/2023\/12\/WhatsApp-Image-2023-12-21-at-18.09.43-10.jpeg 768w, https:\/\/blocsenresidencia.bcn.cat\/barribesos2024\/wp-content\/uploads\/2023\/12\/WhatsApp-Image-2023-12-21-at-18.09.43-10-225x300.jpeg 225w\" sizes=\"auto, (max-width: 767px) 89vw, (max-width: 1000px) 54vw, (max-width: 1071px) 543px, 580px\" \/><\/figure>\n\n\n\n<figure class=\"wp-block-image size-full\"><img loading=\"lazy\" decoding=\"async\" width=\"768\" height=\"1024\" src=\"https:\/\/blocsenresidencia.bcn.cat\/barribesos2024\/wp-content\/uploads\/2023\/12\/WhatsApp-Image-2023-12-21-at-18.09.43-11.jpeg\" alt=\"\" class=\"wp-image-315\" srcset=\"https:\/\/blocsenresidencia.bcn.cat\/barribesos2024\/wp-content\/uploads\/2023\/12\/WhatsApp-Image-2023-12-21-at-18.09.43-11.jpeg 768w, https:\/\/blocsenresidencia.bcn.cat\/barribesos2024\/wp-content\/uploads\/2023\/12\/WhatsApp-Image-2023-12-21-at-18.09.43-11-225x300.jpeg 225w\" sizes=\"auto, (max-width: 767px) 89vw, (max-width: 1000px) 54vw, (max-width: 1071px) 543px, 580px\" \/><\/figure>\n\n\n\n<figure class=\"wp-block-image size-full\"><img loading=\"lazy\" decoding=\"async\" width=\"1024\" height=\"768\" src=\"https:\/\/blocsenresidencia.bcn.cat\/barribesos2024\/wp-content\/uploads\/2023\/12\/WhatsApp-Image-2023-12-21-at-18.09.43-12.jpeg\" alt=\"\" class=\"wp-image-316\" srcset=\"https:\/\/blocsenresidencia.bcn.cat\/barribesos2024\/wp-content\/uploads\/2023\/12\/WhatsApp-Image-2023-12-21-at-18.09.43-12.jpeg 1024w, https:\/\/blocsenresidencia.bcn.cat\/barribesos2024\/wp-content\/uploads\/2023\/12\/WhatsApp-Image-2023-12-21-at-18.09.43-12-300x225.jpeg 300w, https:\/\/blocsenresidencia.bcn.cat\/barribesos2024\/wp-content\/uploads\/2023\/12\/WhatsApp-Image-2023-12-21-at-18.09.43-12-768x576.jpeg 768w\" sizes=\"auto, (max-width: 767px) 89vw, (max-width: 1000px) 54vw, (max-width: 1071px) 543px, 580px\" \/><\/figure>\n\n\n\n<p>En una propera entrada, us ensenyo els meravellosos textos que van produir, l&#8217;Eloi, el Bruno, la Saray, la Leslie, la Maday i la Lauri&#8230; Incre\u00efbles!<\/p>\n\n\n\n<p>I gr\u00e0cies a L&#8217;Oriol i al Victor Mu\u00f1oz per les seves r\u00e0pides  i fidels traduccions!<\/p>\n\n\n\n<p>Jordi S\u00e1nchez.<\/p>\n\n\n\n<p>Professor.<\/p>\n\n\n\n<p>INS. BARRI BES\u00d2S.<\/p>\n\n\n\n<p>Barcelona.<\/p>\n\n\n\n<p><\/p>\n\n\n\n<figure class=\"wp-block-image size-full is-resized\"><img loading=\"lazy\" decoding=\"async\" width=\"800\" height=\"800\" src=\"https:\/\/blocsenresidencia.bcn.cat\/barribesos2024\/wp-content\/uploads\/2023\/12\/rumania-800x800-1.jpg\" alt=\"\" class=\"wp-image-317\" style=\"width:186px;height:auto\" srcset=\"https:\/\/blocsenresidencia.bcn.cat\/barribesos2024\/wp-content\/uploads\/2023\/12\/rumania-800x800-1.jpg 800w, https:\/\/blocsenresidencia.bcn.cat\/barribesos2024\/wp-content\/uploads\/2023\/12\/rumania-800x800-1-300x300.jpg 300w, https:\/\/blocsenresidencia.bcn.cat\/barribesos2024\/wp-content\/uploads\/2023\/12\/rumania-800x800-1-150x150.jpg 150w, https:\/\/blocsenresidencia.bcn.cat\/barribesos2024\/wp-content\/uploads\/2023\/12\/rumania-800x800-1-768x768.jpg 768w, https:\/\/blocsenresidencia.bcn.cat\/barribesos2024\/wp-content\/uploads\/2023\/12\/rumania-800x800-1-100x100.jpg 100w\" sizes=\"auto, (max-width: 767px) 89vw, (max-width: 1000px) 54vw, (max-width: 1071px) 543px, 580px\" \/><\/figure>\n\n\n\n<p>Suntem vizita\u021bi de Mihaela Michailov, o dramaturg\u0103 rom\u00e2n\u0103 care particip\u0103 la un schimb de experien\u021be dramatice cu Oriol Morales, rezidentul nostru, \u00een programul Fabulamundi de la Sala Beckett.<\/p>\n\n\n\n<p>Mihaela va fi al\u0103turi de noi azi \u0219i m\u00e2ine pentru a face c\u00e2teva ateliere cu studen\u021bii, iar luni mai t\u00e2rziu, Oriol va merge s\u0103 fac\u0103 acela\u0219i lucru la Bucure\u0219ti.<\/p>\n\n\n\n<p>\u0218i cine este Mihaela? Poart\u0103 o femeie afabil\u0103, inteligent\u0103, pl\u0103cut\u0103, afectuoas\u0103 \u0219i un mare dramaturg, a\u0219a c\u0103, cu majuscule\u2026<\/p>\n\n\n\n<p>La \u00eenceputul sesiunii, Mihaela a f\u0103cut c\u00e2teva exerci\u021bii de coeziune de grup \u0219i cunoa\u0219tere reciproc\u0103, pentru a construi \u00eencrederea.<br>Apropo, dou\u0103 studente de la Masteratul de Limb\u0103 \u0219i Literatur\u0103 Spaniol\u0103 \u00een Predare al UPF, Layla Boulaich \u0219i Ariana Castrillo, care finalizeaz\u0103 prima parte a Practicului \u0219i care, cu entuziasmul lor, au devenit \u00eenc\u0103 doi participan\u021bi activi!<br>Trebuie spus c\u0103 atelierul a \u00eenceput \u00een urm\u0103 cu c\u00e2teva zile, c\u00e2nd am lucrat cu participan\u021bii la presa \u0219i, \u00een special, la ziare \u0219i structura acestora.<br>Fiecare elev a trebuit s\u0103 ia un ziar \u0219i s\u0103 aleag\u0103 o \u0219tire sau un articol pe care \u00eel considera interesant pentru a scrie pe baza acestui text.<br>\u00centr-o postare viitoare, v\u0103 voi ar\u0103ta textele minunate produse de Eloi, Bruno, Saray, Leslie, Maday \u0219i Lauri\u2026 Uimitor!<br>\u0218i mul\u021bumiri lui L&#8217;Oriol \u0219i Victor Mu\u00f1oz pentru traducerile lor rapide \u0219i fidele!<\/p>\n\n\n\n<p><br>Jordi S\u00e1nchez<br>profesor.<br>INS. BARRI BES\u00d2S.<br>Barcelona.<\/p>\n","protected":false},"excerpt":{"rendered":"<p>Bon dia i benvinguda a l\u2019Institut Barri Bes\u00f2s. Ens visita la Mihaela Michailov, dramaturga romanesa que participa en un intercanvi d\u2019experi\u00e8ncies dram\u00e0tiques amb l\u2019Oriol Morales, el nostre resident, dins el programa Fabulamundi de la Sala Beckett. Avui i dem\u00e0 estar\u00e0 amb nosaltres la Mihaela per fer un parell de tallers amb els estudiants, i mesos &hellip; <\/p>\n<p class=\"link-more\"><a href=\"https:\/\/blocsenresidencia.bcn.cat\/barribesos2024\/buna-dimineata-si-bun-venit-la-institutul-barri-besos\/\" class=\"more-link\">Continua llegint <span class=\"screen-reader-text\">\u00abBun\u0103 diminea\u021ba \u0219i bun venit la Institutul Barri Bes\u00f2s.\u00bb<\/span><\/a><\/p>\n","protected":false},"author":9,"featured_media":0,"comment_status":"open","ping_status":"open","sticky":false,"template":"","format":"standard","meta":{"footnotes":""},"categories":[1],"tags":[],"class_list":["post-303","post","type-post","status-publish","format-standard","hentry","category-general"],"_links":{"self":[{"href":"https:\/\/blocsenresidencia.bcn.cat\/barribesos2024\/wp-json\/wp\/v2\/posts\/303","targetHints":{"allow":["GET"]}}],"collection":[{"href":"https:\/\/blocsenresidencia.bcn.cat\/barribesos2024\/wp-json\/wp\/v2\/posts"}],"about":[{"href":"https:\/\/blocsenresidencia.bcn.cat\/barribesos2024\/wp-json\/wp\/v2\/types\/post"}],"author":[{"embeddable":true,"href":"https:\/\/blocsenresidencia.bcn.cat\/barribesos2024\/wp-json\/wp\/v2\/users\/9"}],"replies":[{"embeddable":true,"href":"https:\/\/blocsenresidencia.bcn.cat\/barribesos2024\/wp-json\/wp\/v2\/comments?post=303"}],"version-history":[{"count":1,"href":"https:\/\/blocsenresidencia.bcn.cat\/barribesos2024\/wp-json\/wp\/v2\/posts\/303\/revisions"}],"predecessor-version":[{"id":318,"href":"https:\/\/blocsenresidencia.bcn.cat\/barribesos2024\/wp-json\/wp\/v2\/posts\/303\/revisions\/318"}],"wp:attachment":[{"href":"https:\/\/blocsenresidencia.bcn.cat\/barribesos2024\/wp-json\/wp\/v2\/media?parent=303"}],"wp:term":[{"taxonomy":"category","embeddable":true,"href":"https:\/\/blocsenresidencia.bcn.cat\/barribesos2024\/wp-json\/wp\/v2\/categories?post=303"},{"taxonomy":"post_tag","embeddable":true,"href":"https:\/\/blocsenresidencia.bcn.cat\/barribesos2024\/wp-json\/wp\/v2\/tags?post=303"}],"curies":[{"name":"wp","href":"https:\/\/api.w.org\/{rel}","templated":true}]}}