{"id":341,"date":"2023-12-22T17:13:36","date_gmt":"2023-12-22T15:13:36","guid":{"rendered":"https:\/\/blocsenresidencia.bcn.cat\/barribesos2024\/?p=341"},"modified":"2023-12-22T17:13:36","modified_gmt":"2023-12-22T15:13:36","slug":"samuel-beckett-sanchis-sinisterra-victor-munoz-es-la-sala-beckett","status":"publish","type":"post","link":"https:\/\/blocsenresidencia.bcn.cat\/barribesos2024\/samuel-beckett-sanchis-sinisterra-victor-munoz-es-la-sala-beckett\/","title":{"rendered":"Samuel Beckett, Sanch\u00eds Sinisterra, Victor Mu\u00f1oz&#8230;\u00e9s la Sala Beckett!"},"content":{"rendered":"\n<p>Acabem trimestre i aprofitem per visitar la \u201cCasa Mare\u201d, \u00e9s a dir, la Sala Beckett.<\/p>\n\n\n\n<figure class=\"wp-block-image size-large\"><img loading=\"lazy\" decoding=\"async\" width=\"1024\" height=\"683\" src=\"https:\/\/blocsenresidencia.bcn.cat\/barribesos2024\/wp-content\/uploads\/2023\/12\/Fab_BeckettPortada-1024x683.jpg\" alt=\"\" class=\"wp-image-342\" srcset=\"https:\/\/blocsenresidencia.bcn.cat\/barribesos2024\/wp-content\/uploads\/2023\/12\/Fab_BeckettPortada-1024x683.jpg 1024w, https:\/\/blocsenresidencia.bcn.cat\/barribesos2024\/wp-content\/uploads\/2023\/12\/Fab_BeckettPortada-300x200.jpg 300w, https:\/\/blocsenresidencia.bcn.cat\/barribesos2024\/wp-content\/uploads\/2023\/12\/Fab_BeckettPortada-768x512.jpg 768w, https:\/\/blocsenresidencia.bcn.cat\/barribesos2024\/wp-content\/uploads\/2023\/12\/Fab_BeckettPortada-1536x1024.jpg 1536w, https:\/\/blocsenresidencia.bcn.cat\/barribesos2024\/wp-content\/uploads\/2023\/12\/Fab_BeckettPortada.jpg 1920w\" sizes=\"auto, (max-width: 767px) 89vw, (max-width: 1000px) 54vw, (max-width: 1071px) 543px, 580px\" \/><\/figure>\n\n\n\n<p>Els estudiants estan emocionats pel fet de con\u00e8ixer una sala de teatre per dins i, un pel excitats, per veure el lloc a on presentaran la feina feta un cop culmini el projecte en el qual est\u00e1n treballant.<\/p>\n\n\n\n<figure class=\"wp-block-image size-full\"><img loading=\"lazy\" decoding=\"async\" width=\"1000\" height=\"600\" src=\"https:\/\/blocsenresidencia.bcn.cat\/barribesos2024\/wp-content\/uploads\/2023\/12\/sala-beckett-adria-goula-web.jpg\" alt=\"\" class=\"wp-image-343\" srcset=\"https:\/\/blocsenresidencia.bcn.cat\/barribesos2024\/wp-content\/uploads\/2023\/12\/sala-beckett-adria-goula-web.jpg 1000w, https:\/\/blocsenresidencia.bcn.cat\/barribesos2024\/wp-content\/uploads\/2023\/12\/sala-beckett-adria-goula-web-300x180.jpg 300w, https:\/\/blocsenresidencia.bcn.cat\/barribesos2024\/wp-content\/uploads\/2023\/12\/sala-beckett-adria-goula-web-768x461.jpg 768w\" sizes=\"auto, (max-width: 767px) 89vw, (max-width: 1000px) 54vw, (max-width: 1071px) 543px, 580px\" \/><\/figure>\n\n\n\n<figure class=\"wp-block-image size-full is-resized\"><img loading=\"lazy\" decoding=\"async\" width=\"768\" height=\"1024\" src=\"https:\/\/blocsenresidencia.bcn.cat\/barribesos2024\/wp-content\/uploads\/2023\/12\/WhatsApp-Image-2023-12-22-at-15.46.47.jpeg\" alt=\"\" class=\"wp-image-345\" style=\"width:674px;height:auto\" srcset=\"https:\/\/blocsenresidencia.bcn.cat\/barribesos2024\/wp-content\/uploads\/2023\/12\/WhatsApp-Image-2023-12-22-at-15.46.47.jpeg 768w, https:\/\/blocsenresidencia.bcn.cat\/barribesos2024\/wp-content\/uploads\/2023\/12\/WhatsApp-Image-2023-12-22-at-15.46.47-225x300.jpeg 225w\" sizes=\"auto, (max-width: 767px) 89vw, (max-width: 1000px) 54vw, (max-width: 1071px) 543px, 580px\" \/><\/figure>\n\n\n\n<p>Ens ha rebut el V\u00edctor Mu\u00f1oz que d\u2019una manera molt amena ha dirigit la visita. El V\u00edctor \u00e9s un home de teatre que viu i respira teatre i que ens ha fet un recorregut fant\u00e0stic per les instal\u00b7lacions, tot explicant els or\u00edgens i la consolidaci\u00f3 d&#8217;un Obrador de dramat\u00fargia.<\/p>\n\n\n\n<figure class=\"wp-block-image size-full\"><img loading=\"lazy\" decoding=\"async\" width=\"768\" height=\"1024\" src=\"https:\/\/blocsenresidencia.bcn.cat\/barribesos2024\/wp-content\/uploads\/2023\/12\/WhatsApp-Image-2023-12-22-at-15.46.47-1-1.jpeg\" alt=\"\" class=\"wp-image-346\" srcset=\"https:\/\/blocsenresidencia.bcn.cat\/barribesos2024\/wp-content\/uploads\/2023\/12\/WhatsApp-Image-2023-12-22-at-15.46.47-1-1.jpeg 768w, https:\/\/blocsenresidencia.bcn.cat\/barribesos2024\/wp-content\/uploads\/2023\/12\/WhatsApp-Image-2023-12-22-at-15.46.47-1-1-225x300.jpeg 225w\" sizes=\"auto, (max-width: 767px) 89vw, (max-width: 1000px) 54vw, (max-width: 1071px) 543px, 580px\" \/><\/figure>\n\n\n\n<p>Aix\u00ed dons, hem comen\u00e7at per sentir una introducci\u00f3 a la Sala Beckett: creaci\u00f3 i or\u00edgens,a la sala garatge llogada pel gran Sanchis Sinisterra al barri de Gr\u00e0cia, el trasllat al Poblenou, la cooperativa Pau i Justicia , la creaci\u00f3 de la nova sala\u2026<\/p>\n\n\n\n<p><a href=\"https:\/\/ca.wikipedia.org\/wiki\/Cooperativa_popular_de_consum_Pau_i_Just%C3%ADcia\">https:\/\/ca.wikipedia.org\/wiki\/Cooperativa_popular_de_consum_Pau_i_Just%C3%ADcia<\/a><\/p>\n\n\n\n<p>&#8230;a l&#8217;antiga cooperativa Pau i Justicia, plena d&#8217;hist\u00f2ria i de vida&#8230;<\/p>\n\n\n\n<p><a href=\"https:\/\/beteve.cat\/va-passar-aqui\/pau-justicia-cooperativa-teatre\/\">https:\/\/beteve.cat\/va-passar-aqui\/pau-justicia-cooperativa-teatre\/<\/a><\/p>\n\n\n\n<p>Tot un recital d\u2019informaci\u00f3, molt ben explicada, que tenia els estudiants amb la boca oberta\u2026<\/p>\n\n\n\n<p>V\u00e0rem poder veure, la sala d\u2019assajos, la sala Petita, la sala Gran, les aules\u2026<\/p>\n\n\n\n<figure class=\"wp-block-image size-full\"><img loading=\"lazy\" decoding=\"async\" width=\"768\" height=\"1024\" src=\"https:\/\/blocsenresidencia.bcn.cat\/barribesos2024\/wp-content\/uploads\/2023\/12\/WhatsApp-Image-2023-12-22-at-15.46.47-3.jpeg\" alt=\"\" class=\"wp-image-347\" srcset=\"https:\/\/blocsenresidencia.bcn.cat\/barribesos2024\/wp-content\/uploads\/2023\/12\/WhatsApp-Image-2023-12-22-at-15.46.47-3.jpeg 768w, https:\/\/blocsenresidencia.bcn.cat\/barribesos2024\/wp-content\/uploads\/2023\/12\/WhatsApp-Image-2023-12-22-at-15.46.47-3-225x300.jpeg 225w\" sizes=\"auto, (max-width: 767px) 89vw, (max-width: 1000px) 54vw, (max-width: 1071px) 543px, 580px\" \/><\/figure>\n\n\n\n<figure class=\"wp-block-image size-full\"><img loading=\"lazy\" decoding=\"async\" width=\"768\" height=\"1024\" src=\"https:\/\/blocsenresidencia.bcn.cat\/barribesos2024\/wp-content\/uploads\/2023\/12\/WhatsApp-Image-2023-12-22-at-15.46.47-4.jpeg\" alt=\"\" class=\"wp-image-349\" srcset=\"https:\/\/blocsenresidencia.bcn.cat\/barribesos2024\/wp-content\/uploads\/2023\/12\/WhatsApp-Image-2023-12-22-at-15.46.47-4.jpeg 768w, https:\/\/blocsenresidencia.bcn.cat\/barribesos2024\/wp-content\/uploads\/2023\/12\/WhatsApp-Image-2023-12-22-at-15.46.47-4-225x300.jpeg 225w\" sizes=\"auto, (max-width: 767px) 89vw, (max-width: 1000px) 54vw, (max-width: 1071px) 543px, 580px\" \/><\/figure>\n\n\n\n<p>A la sala Gran v\u00e0rem fer parada i all\u00e0, el Victor va fer una explicaci\u00f3&nbsp;<em>in situ<\/em>&nbsp;sobre els diferents oficis del teatre.<\/p>\n\n\n\n<figure class=\"wp-block-image size-full\"><img loading=\"lazy\" decoding=\"async\" width=\"1024\" height=\"768\" src=\"https:\/\/blocsenresidencia.bcn.cat\/barribesos2024\/wp-content\/uploads\/2023\/12\/WhatsApp-Image-2023-12-22-at-15.46.47-5.jpeg\" alt=\"\" class=\"wp-image-350\" srcset=\"https:\/\/blocsenresidencia.bcn.cat\/barribesos2024\/wp-content\/uploads\/2023\/12\/WhatsApp-Image-2023-12-22-at-15.46.47-5.jpeg 1024w, https:\/\/blocsenresidencia.bcn.cat\/barribesos2024\/wp-content\/uploads\/2023\/12\/WhatsApp-Image-2023-12-22-at-15.46.47-5-300x225.jpeg 300w, https:\/\/blocsenresidencia.bcn.cat\/barribesos2024\/wp-content\/uploads\/2023\/12\/WhatsApp-Image-2023-12-22-at-15.46.47-5-768x576.jpeg 768w\" sizes=\"auto, (max-width: 767px) 89vw, (max-width: 1000px) 54vw, (max-width: 1071px) 543px, 580px\" \/><\/figure>\n\n\n\n<p>Veieu els participants, prenent mides de l&#8217;espai on treballaran d&#8217;aqui a cinc mesos!<\/p>\n\n\n\n<figure class=\"wp-block-image size-full\"><img loading=\"lazy\" decoding=\"async\" width=\"768\" height=\"1024\" src=\"https:\/\/blocsenresidencia.bcn.cat\/barribesos2024\/wp-content\/uploads\/2023\/12\/WhatsApp-Image-2023-12-22-at-15.46.47-6.jpeg\" alt=\"\" class=\"wp-image-351\" srcset=\"https:\/\/blocsenresidencia.bcn.cat\/barribesos2024\/wp-content\/uploads\/2023\/12\/WhatsApp-Image-2023-12-22-at-15.46.47-6.jpeg 768w, https:\/\/blocsenresidencia.bcn.cat\/barribesos2024\/wp-content\/uploads\/2023\/12\/WhatsApp-Image-2023-12-22-at-15.46.47-6-225x300.jpeg 225w\" sizes=\"auto, (max-width: 767px) 89vw, (max-width: 1000px) 54vw, (max-width: 1071px) 543px, 580px\" \/><\/figure>\n\n\n\n<p>En definitiva, va ser una matinal que els va passar volant i segons ells\u2026havien apr\u00e8s molt\u00edssim.<\/p>\n\n\n\n<p>Gr\u00e0cies Victor i Gr\u00e0cies Sala Beckett, sempre \u00e9s un goig visitar casa vostra!<\/p>\n\n\n\n<figure class=\"wp-block-image size-full\"><img loading=\"lazy\" decoding=\"async\" width=\"768\" height=\"1024\" src=\"https:\/\/blocsenresidencia.bcn.cat\/barribesos2024\/wp-content\/uploads\/2023\/12\/beckett-esquenes.jpg\" alt=\"\" class=\"wp-image-355\" srcset=\"https:\/\/blocsenresidencia.bcn.cat\/barribesos2024\/wp-content\/uploads\/2023\/12\/beckett-esquenes.jpg 768w, https:\/\/blocsenresidencia.bcn.cat\/barribesos2024\/wp-content\/uploads\/2023\/12\/beckett-esquenes-225x300.jpg 225w\" sizes=\"auto, (max-width: 767px) 89vw, (max-width: 1000px) 54vw, (max-width: 1071px) 543px, 580px\" \/><\/figure>\n\n\n\n\n\n<p>Jordi S\u00e1nchez.<\/p>\n\n\n\n<p>Professor.<\/p>\n\n\n\n<p>INS. BARRI BES\u00d2S.<\/p>\n\n\n\n<p>Barcelona.<\/p>\n","protected":false},"excerpt":{"rendered":"<p>Acabem trimestre i aprofitem per visitar la \u201cCasa Mare\u201d, \u00e9s a dir, la Sala Beckett. Els estudiants estan emocionats pel fet de con\u00e8ixer una sala de teatre per dins i, un pel excitats, per veure el lloc a on presentaran la feina feta un cop culmini el projecte en el qual est\u00e1n treballant. Ens ha &hellip; <\/p>\n<p class=\"link-more\"><a href=\"https:\/\/blocsenresidencia.bcn.cat\/barribesos2024\/samuel-beckett-sanchis-sinisterra-victor-munoz-es-la-sala-beckett\/\" class=\"more-link\">Continua llegint <span class=\"screen-reader-text\">\u00abSamuel Beckett, Sanch\u00eds Sinisterra, Victor Mu\u00f1oz&#8230;\u00e9s la Sala Beckett!\u00bb<\/span><\/a><\/p>\n","protected":false},"author":9,"featured_media":0,"comment_status":"open","ping_status":"open","sticky":false,"template":"","format":"standard","meta":{"footnotes":""},"categories":[1],"tags":[],"class_list":["post-341","post","type-post","status-publish","format-standard","hentry","category-general"],"_links":{"self":[{"href":"https:\/\/blocsenresidencia.bcn.cat\/barribesos2024\/wp-json\/wp\/v2\/posts\/341","targetHints":{"allow":["GET"]}}],"collection":[{"href":"https:\/\/blocsenresidencia.bcn.cat\/barribesos2024\/wp-json\/wp\/v2\/posts"}],"about":[{"href":"https:\/\/blocsenresidencia.bcn.cat\/barribesos2024\/wp-json\/wp\/v2\/types\/post"}],"author":[{"embeddable":true,"href":"https:\/\/blocsenresidencia.bcn.cat\/barribesos2024\/wp-json\/wp\/v2\/users\/9"}],"replies":[{"embeddable":true,"href":"https:\/\/blocsenresidencia.bcn.cat\/barribesos2024\/wp-json\/wp\/v2\/comments?post=341"}],"version-history":[{"count":1,"href":"https:\/\/blocsenresidencia.bcn.cat\/barribesos2024\/wp-json\/wp\/v2\/posts\/341\/revisions"}],"predecessor-version":[{"id":356,"href":"https:\/\/blocsenresidencia.bcn.cat\/barribesos2024\/wp-json\/wp\/v2\/posts\/341\/revisions\/356"}],"wp:attachment":[{"href":"https:\/\/blocsenresidencia.bcn.cat\/barribesos2024\/wp-json\/wp\/v2\/media?parent=341"}],"wp:term":[{"taxonomy":"category","embeddable":true,"href":"https:\/\/blocsenresidencia.bcn.cat\/barribesos2024\/wp-json\/wp\/v2\/categories?post=341"},{"taxonomy":"post_tag","embeddable":true,"href":"https:\/\/blocsenresidencia.bcn.cat\/barribesos2024\/wp-json\/wp\/v2\/tags?post=341"}],"curies":[{"name":"wp","href":"https:\/\/api.w.org\/{rel}","templated":true}]}}