{"id":358,"date":"2024-01-27T19:24:21","date_gmt":"2024-01-27T17:24:21","guid":{"rendered":"https:\/\/blocsenresidencia.bcn.cat\/barribesos2024\/?p=358"},"modified":"2024-01-27T19:24:21","modified_gmt":"2024-01-27T17:24:21","slug":"magrada-no-magrada","status":"publish","type":"post","link":"https:\/\/blocsenresidencia.bcn.cat\/barribesos2024\/magrada-no-magrada\/","title":{"rendered":"M&#8217;agrada, No m&#8217;agrada&#8230;"},"content":{"rendered":"\n<p>Comencem per escalfar el cos i la ment&#8230;. amb uns tocs de pilota &#8230;<\/p>\n\n\n\n<p>Tot seguit practiquem una carta oral improvisant\u00a0 una paraula darrera l\u2019altra. <\/p>\n\n\n\n<p>Cadasc\u00fa diu una paraula i s&#8217;encadenen per a fer un discurs. Cal estar concentrats i ser \u00e0gils, caracter\u00edstiques que el nostre grup mostre en el dia a dia&#8230;<\/p>\n\n\n\n<p>L&#8217;Oriol proposa el tema central, com per exemple: fem una carta per demanar un canvi de m\u00f2bil, que ha arribat amb la pantalla trencada, comencen la Saray i la Thais.<\/p>\n\n\n\n<p>El Bruno i la Maday fan una carta imaginaria a Santa Claus i la Lesly i la Cristal fan una carta demanant una pizza SENSE pinya!!!! que immediatament \u00e9s motiu de controv\u00e8rsia entre els assistents. S\u00ed, No&#8230;<\/p>\n\n\n\n<figure class=\"wp-block-image size-full\"><img loading=\"lazy\" decoding=\"async\" width=\"508\" height=\"349\" src=\"https:\/\/blocsenresidencia.bcn.cat\/barribesos2024\/wp-content\/uploads\/2024\/01\/ph_hawaiana_detail-1717.jpg\" alt=\"\" class=\"wp-image-359\" srcset=\"https:\/\/blocsenresidencia.bcn.cat\/barribesos2024\/wp-content\/uploads\/2024\/01\/ph_hawaiana_detail-1717.jpg 508w, https:\/\/blocsenresidencia.bcn.cat\/barribesos2024\/wp-content\/uploads\/2024\/01\/ph_hawaiana_detail-1717-300x206.jpg 300w\" sizes=\"auto, (max-width: 508px) 100vw, 508px\" \/><\/figure>\n\n\n\n<p>A continuaci\u00f3 treballem per parelles, es tracta de dir durant uns minuts all\u00f2 que ens agrada molt al nostre interlocutor. <\/p>\n\n\n\n<figure class=\"wp-block-image size-large\"><img loading=\"lazy\" decoding=\"async\" width=\"1024\" height=\"768\" src=\"https:\/\/blocsenresidencia.bcn.cat\/barribesos2024\/wp-content\/uploads\/2024\/01\/WhatsApp-Image-2024-01-27-at-17.49.29-1-1024x768.jpeg\" alt=\"\" class=\"wp-image-360\" srcset=\"https:\/\/blocsenresidencia.bcn.cat\/barribesos2024\/wp-content\/uploads\/2024\/01\/WhatsApp-Image-2024-01-27-at-17.49.29-1-1024x768.jpeg 1024w, https:\/\/blocsenresidencia.bcn.cat\/barribesos2024\/wp-content\/uploads\/2024\/01\/WhatsApp-Image-2024-01-27-at-17.49.29-1-300x225.jpeg 300w, https:\/\/blocsenresidencia.bcn.cat\/barribesos2024\/wp-content\/uploads\/2024\/01\/WhatsApp-Image-2024-01-27-at-17.49.29-1-768x576.jpeg 768w, https:\/\/blocsenresidencia.bcn.cat\/barribesos2024\/wp-content\/uploads\/2024\/01\/WhatsApp-Image-2024-01-27-at-17.49.29-1-1536x1152.jpeg 1536w, https:\/\/blocsenresidencia.bcn.cat\/barribesos2024\/wp-content\/uploads\/2024\/01\/WhatsApp-Image-2024-01-27-at-17.49.29-1.jpeg 1600w\" sizes=\"auto, (max-width: 767px) 89vw, (max-width: 1000px) 54vw, (max-width: 1071px) 543px, 580px\" \/><\/figure>\n\n\n\n<p>Tot seguit, qui ha escoltat es converteix en emissor i dir\u00e0 all\u00f2 que no li agrada gens&#8230;<\/p>\n\n\n\n<figure class=\"wp-block-image size-large\"><img loading=\"lazy\" decoding=\"async\" width=\"1024\" height=\"768\" src=\"https:\/\/blocsenresidencia.bcn.cat\/barribesos2024\/wp-content\/uploads\/2024\/01\/WhatsApp-Image-2024-01-27-at-17.49.29-1024x768.jpeg\" alt=\"\" class=\"wp-image-361\" srcset=\"https:\/\/blocsenresidencia.bcn.cat\/barribesos2024\/wp-content\/uploads\/2024\/01\/WhatsApp-Image-2024-01-27-at-17.49.29-1024x768.jpeg 1024w, https:\/\/blocsenresidencia.bcn.cat\/barribesos2024\/wp-content\/uploads\/2024\/01\/WhatsApp-Image-2024-01-27-at-17.49.29-300x225.jpeg 300w, https:\/\/blocsenresidencia.bcn.cat\/barribesos2024\/wp-content\/uploads\/2024\/01\/WhatsApp-Image-2024-01-27-at-17.49.29-768x576.jpeg 768w, https:\/\/blocsenresidencia.bcn.cat\/barribesos2024\/wp-content\/uploads\/2024\/01\/WhatsApp-Image-2024-01-27-at-17.49.29-1536x1152.jpeg 1536w, https:\/\/blocsenresidencia.bcn.cat\/barribesos2024\/wp-content\/uploads\/2024\/01\/WhatsApp-Image-2024-01-27-at-17.49.29.jpeg 1600w\" sizes=\"auto, (max-width: 767px) 89vw, (max-width: 1000px) 54vw, (max-width: 1071px) 543px, 580px\" \/><\/figure>\n\n\n\n<p>Un cop fet&#8230;posta en com\u00fa&#8230;<\/p>\n\n\n\n<p>I l&#8217;Oriol prenen notes pel projecte que ja comen\u00e7a a agafar cos&#8230;<\/p>\n\n\n\n<figure class=\"wp-block-image size-large\"><img loading=\"lazy\" decoding=\"async\" width=\"768\" height=\"1024\" src=\"https:\/\/blocsenresidencia.bcn.cat\/barribesos2024\/wp-content\/uploads\/2024\/01\/WhatsApp-Image-2024-01-27-at-17.49.29-3-768x1024.jpeg\" alt=\"\" class=\"wp-image-362\" srcset=\"https:\/\/blocsenresidencia.bcn.cat\/barribesos2024\/wp-content\/uploads\/2024\/01\/WhatsApp-Image-2024-01-27-at-17.49.29-3-768x1024.jpeg 768w, https:\/\/blocsenresidencia.bcn.cat\/barribesos2024\/wp-content\/uploads\/2024\/01\/WhatsApp-Image-2024-01-27-at-17.49.29-3-225x300.jpeg 225w, https:\/\/blocsenresidencia.bcn.cat\/barribesos2024\/wp-content\/uploads\/2024\/01\/WhatsApp-Image-2024-01-27-at-17.49.29-3-1152x1536.jpeg 1152w, https:\/\/blocsenresidencia.bcn.cat\/barribesos2024\/wp-content\/uploads\/2024\/01\/WhatsApp-Image-2024-01-27-at-17.49.29-3.jpeg 1200w\" sizes=\"auto, (max-width: 767px) 89vw, (max-width: 1000px) 54vw, (max-width: 1071px) 543px, 580px\" \/><\/figure>\n\n\n\n<p>Ja hem passat l&#8217;equador de la sessi\u00f3 i ara es tracta d&#8217;imaginar&#8230; un espai de confort, el nostre espai a on ens trobem protegits, agust, tranquils&#8230; <\/p>\n\n\n\n<p>l&#8217;Oriol ha portat llanternes i procedim a apagar els llums i&#8230; <\/p>\n\n\n\n<p>a les fosques, buscar un espai propi a la Sala Carlos D\u00edaz, per tal de pensar en el &#8220;Nostre&#8221; espai personal&#8230;<\/p>\n\n\n\n<figure class=\"wp-block-image size-large\"><img loading=\"lazy\" decoding=\"async\" width=\"768\" height=\"1024\" src=\"https:\/\/blocsenresidencia.bcn.cat\/barribesos2024\/wp-content\/uploads\/2024\/01\/WhatsApp-Image-2024-01-27-at-17.36.33-768x1024.jpeg\" alt=\"\" class=\"wp-image-363\" srcset=\"https:\/\/blocsenresidencia.bcn.cat\/barribesos2024\/wp-content\/uploads\/2024\/01\/WhatsApp-Image-2024-01-27-at-17.36.33-768x1024.jpeg 768w, https:\/\/blocsenresidencia.bcn.cat\/barribesos2024\/wp-content\/uploads\/2024\/01\/WhatsApp-Image-2024-01-27-at-17.36.33-225x300.jpeg 225w, https:\/\/blocsenresidencia.bcn.cat\/barribesos2024\/wp-content\/uploads\/2024\/01\/WhatsApp-Image-2024-01-27-at-17.36.33-1152x1536.jpeg 1152w, https:\/\/blocsenresidencia.bcn.cat\/barribesos2024\/wp-content\/uploads\/2024\/01\/WhatsApp-Image-2024-01-27-at-17.36.33.jpeg 1200w\" sizes=\"auto, (max-width: 767px) 89vw, (max-width: 1000px) 54vw, (max-width: 1071px) 543px, 580px\" \/><\/figure>\n\n\n\n<figure class=\"wp-block-embed is-type-video is-provider-youtube wp-block-embed-youtube wp-embed-aspect-4-3 wp-has-aspect-ratio\"><div class=\"wp-block-embed__wrapper\">\n<iframe loading=\"lazy\" title=\"La Dimension Desconocida - Intro\" width=\"525\" height=\"394\" src=\"https:\/\/www.youtube.com\/embed\/DQI_4p1f-mQ?feature=oembed\" frameborder=\"0\" allow=\"accelerometer; autoplay; clipboard-write; encrypted-media; gyroscope; picture-in-picture; web-share\" referrerpolicy=\"strict-origin-when-cross-origin\" allowfullscreen><\/iframe>\n<\/div><\/figure>\n\n\n\n<p>Dit i fet&#8230;busquem el nostre espai a la sala, a las fosques, portem una llanterna i ens acurruquem en el nostre espai de confort&#8230;cridem als altres per mostrar aquest espai&#8230;ens movem a les fosques&#8230; i describim als altres aquest espai&#8230;<\/p>\n\n\n\n<figure class=\"wp-block-image size-large\"><img loading=\"lazy\" decoding=\"async\" width=\"768\" height=\"1024\" src=\"https:\/\/blocsenresidencia.bcn.cat\/barribesos2024\/wp-content\/uploads\/2024\/01\/WhatsApp-Image-2024-01-27-at-17.36.33-1-768x1024.jpeg\" alt=\"\" class=\"wp-image-364\" srcset=\"https:\/\/blocsenresidencia.bcn.cat\/barribesos2024\/wp-content\/uploads\/2024\/01\/WhatsApp-Image-2024-01-27-at-17.36.33-1-768x1024.jpeg 768w, https:\/\/blocsenresidencia.bcn.cat\/barribesos2024\/wp-content\/uploads\/2024\/01\/WhatsApp-Image-2024-01-27-at-17.36.33-1-225x300.jpeg 225w, https:\/\/blocsenresidencia.bcn.cat\/barribesos2024\/wp-content\/uploads\/2024\/01\/WhatsApp-Image-2024-01-27-at-17.36.33-1-1152x1536.jpeg 1152w, https:\/\/blocsenresidencia.bcn.cat\/barribesos2024\/wp-content\/uploads\/2024\/01\/WhatsApp-Image-2024-01-27-at-17.36.33-1.jpeg 1200w\" sizes=\"auto, (max-width: 767px) 89vw, (max-width: 1000px) 54vw, (max-width: 1071px) 543px, 580px\" \/><\/figure>\n\n\n\n<p>Com per eixemple el lloc del Bruno&#8230;<\/p>\n\n\n\n<p><br><em>&#8220;Mi Lugar Ideal ser\u00eda un lugar tal y como aparece como en algunas pel\u00edculas que pretenden mostrar el Reino de Dios.<\/em><\/p>\n\n\n\n<p> <em>Un lugar bonito lleno de puro c\u00e9sped, con Playas bonitas, en el que se crean bonitos recuerdos, en el que se pueda volver a ver a las Personas que m\u00e1s se amen en este mundo y que ahora podr\u00edan estar en ese lugar maravilloso, donde no exista la tristeza, ni el hambre, ni la soledad.<\/em><\/p>\n\n\n\n<p><em>Un lugar tan Hermoso que sea dif\u00edcil de Imaginar, un lugar en el que puedas volar entre las Nubes y hacer cosas que un Humano no podr\u00eda hacer en el mundo Terrenal, un lugar en el que aquellos que hayan cometido errores en esta vida puedan entrar despu\u00e9s de su arrepentimiento sincero y de Coraz\u00f3n.<\/em><\/p>\n\n\n\n<p><em>Un lugar en el que los Humanos sean m\u00e1s felices,<br>un lugar muy lejos de lo que alcanza a ser la Tierra y el lugar en el que habita la Humanidad.<br>Un lugar lleno de Oleadas de Amor, de pura alegr\u00eda, alejado de la crueldad Humana&#8221;.<\/em><\/p>\n\n\n\n<p>Gr\u00e0cies Bruno, per apropar-nos al teu lloc m\u00e0gic, tan ben descrit&#8230;<\/p>\n\n\n\n<p>Jordi S\u00e1nchez.<\/p>\n\n\n\n<p>Professor.<\/p>\n\n\n\n<p>INS. BARRI BES\u00d4S.<\/p>\n","protected":false},"excerpt":{"rendered":"<p>Comencem per escalfar el cos i la ment&#8230;. amb uns tocs de pilota &#8230; Tot seguit practiquem una carta oral improvisant\u00a0 una paraula darrera l\u2019altra. Cadasc\u00fa diu una paraula i s&#8217;encadenen per a fer un discurs. Cal estar concentrats i ser \u00e0gils, caracter\u00edstiques que el nostre grup mostre en el dia a dia&#8230; L&#8217;Oriol proposa &hellip; <\/p>\n<p class=\"link-more\"><a href=\"https:\/\/blocsenresidencia.bcn.cat\/barribesos2024\/magrada-no-magrada\/\" class=\"more-link\">Continua llegint <span class=\"screen-reader-text\">\u00abM&#8217;agrada, No m&#8217;agrada&#8230;\u00bb<\/span><\/a><\/p>\n","protected":false},"author":9,"featured_media":0,"comment_status":"open","ping_status":"open","sticky":false,"template":"","format":"standard","meta":{"footnotes":""},"categories":[1],"tags":[],"class_list":["post-358","post","type-post","status-publish","format-standard","hentry","category-general"],"_links":{"self":[{"href":"https:\/\/blocsenresidencia.bcn.cat\/barribesos2024\/wp-json\/wp\/v2\/posts\/358","targetHints":{"allow":["GET"]}}],"collection":[{"href":"https:\/\/blocsenresidencia.bcn.cat\/barribesos2024\/wp-json\/wp\/v2\/posts"}],"about":[{"href":"https:\/\/blocsenresidencia.bcn.cat\/barribesos2024\/wp-json\/wp\/v2\/types\/post"}],"author":[{"embeddable":true,"href":"https:\/\/blocsenresidencia.bcn.cat\/barribesos2024\/wp-json\/wp\/v2\/users\/9"}],"replies":[{"embeddable":true,"href":"https:\/\/blocsenresidencia.bcn.cat\/barribesos2024\/wp-json\/wp\/v2\/comments?post=358"}],"version-history":[{"count":1,"href":"https:\/\/blocsenresidencia.bcn.cat\/barribesos2024\/wp-json\/wp\/v2\/posts\/358\/revisions"}],"predecessor-version":[{"id":365,"href":"https:\/\/blocsenresidencia.bcn.cat\/barribesos2024\/wp-json\/wp\/v2\/posts\/358\/revisions\/365"}],"wp:attachment":[{"href":"https:\/\/blocsenresidencia.bcn.cat\/barribesos2024\/wp-json\/wp\/v2\/media?parent=358"}],"wp:term":[{"taxonomy":"category","embeddable":true,"href":"https:\/\/blocsenresidencia.bcn.cat\/barribesos2024\/wp-json\/wp\/v2\/categories?post=358"},{"taxonomy":"post_tag","embeddable":true,"href":"https:\/\/blocsenresidencia.bcn.cat\/barribesos2024\/wp-json\/wp\/v2\/tags?post=358"}],"curies":[{"name":"wp","href":"https:\/\/api.w.org\/{rel}","templated":true}]}}