{"id":380,"date":"2024-03-13T19:54:58","date_gmt":"2024-03-13T17:54:58","guid":{"rendered":"https:\/\/blocsenresidencia.bcn.cat\/barribesos2024\/?p=380"},"modified":"2024-03-13T19:54:58","modified_gmt":"2024-03-13T17:54:58","slug":"al-teatre-fisic-tot-es-molt-gran-molt-exagerat","status":"publish","type":"post","link":"https:\/\/blocsenresidencia.bcn.cat\/barribesos2024\/al-teatre-fisic-tot-es-molt-gran-molt-exagerat\/","title":{"rendered":"Al teatre f\u00edsic tot \u00e9s molt gran, molt exagerat\u2026"},"content":{"rendered":"\n<p>Fa uns dies ens va visitar el Juan Pablo Mazorra, un actor nascut a M\u00e8xic DF i que fa anys que viu i treballa a Barcelona. \u00c9s un aut\u00e8ntic catalano-mexic\u00e0, parla un catal\u00e0 excellent i ens ha fet una sessi\u00f3 per apropar-nos el teatre f\u00edsic o teatre de cos.<\/p>\n\n\n\n<p>Mazorra \u00e9s tamb\u00e9 fundador i director art\u00edstic de la companyia de teatre independent. <strong><em>Sembla una ximpleria <\/em><\/strong>i pedagog de teatre. El 2018 va rebre el premi al millor actor pel mon\u00f2leg \u201cMIGRANT\u201d al IX Festival de Teatre Independent MUTIS.<\/p>\n\n\n\n<figure class=\"wp-block-gallery has-nested-images columns-default is-cropped wp-block-gallery-1 is-layout-flex wp-block-gallery-is-layout-flex\">\n<figure class=\"wp-block-image size-large\"><img loading=\"lazy\" decoding=\"async\" width=\"460\" height=\"307\" data-id=\"382\" src=\"https:\/\/blocsenresidencia.bcn.cat\/barribesos2024\/wp-content\/uploads\/2024\/03\/mazorra.webp\" alt=\"\" class=\"wp-image-382\" srcset=\"https:\/\/blocsenresidencia.bcn.cat\/barribesos2024\/wp-content\/uploads\/2024\/03\/mazorra.webp 460w, https:\/\/blocsenresidencia.bcn.cat\/barribesos2024\/wp-content\/uploads\/2024\/03\/mazorra-300x200.webp 300w\" sizes=\"auto, (max-width: 460px) 100vw, 460px\" \/><\/figure>\n<\/figure>\n\n\n\n<figure class=\"wp-block-gallery has-nested-images columns-default is-cropped wp-block-gallery-2 is-layout-flex wp-block-gallery-is-layout-flex\">\n<figure class=\"wp-block-image size-large\"><img loading=\"lazy\" decoding=\"async\" width=\"768\" height=\"1024\" data-id=\"383\" src=\"https:\/\/blocsenresidencia.bcn.cat\/barribesos2024\/wp-content\/uploads\/2024\/03\/WhatsApp-Image-2024-03-13-at-18.32.00-1-768x1024.jpeg\" alt=\"\" class=\"wp-image-383\" srcset=\"https:\/\/blocsenresidencia.bcn.cat\/barribesos2024\/wp-content\/uploads\/2024\/03\/WhatsApp-Image-2024-03-13-at-18.32.00-1-768x1024.jpeg 768w, https:\/\/blocsenresidencia.bcn.cat\/barribesos2024\/wp-content\/uploads\/2024\/03\/WhatsApp-Image-2024-03-13-at-18.32.00-1-225x300.jpeg 225w, https:\/\/blocsenresidencia.bcn.cat\/barribesos2024\/wp-content\/uploads\/2024\/03\/WhatsApp-Image-2024-03-13-at-18.32.00-1-1152x1536.jpeg 1152w, https:\/\/blocsenresidencia.bcn.cat\/barribesos2024\/wp-content\/uploads\/2024\/03\/WhatsApp-Image-2024-03-13-at-18.32.00-1.jpeg 1200w\" sizes=\"auto, (max-width: 767px) 89vw, (max-width: 1000px) 54vw, (max-width: 1071px) 543px, 580px\" \/><\/figure>\n<\/figure>\n\n\n\n<figure class=\"wp-block-gallery has-nested-images columns-default is-cropped wp-block-gallery-3 is-layout-flex wp-block-gallery-is-layout-flex\">\n<figure class=\"wp-block-image size-large\"><img loading=\"lazy\" decoding=\"async\" width=\"768\" height=\"1024\" data-id=\"384\" src=\"https:\/\/blocsenresidencia.bcn.cat\/barribesos2024\/wp-content\/uploads\/2024\/03\/WhatsApp-Image-2024-03-13-at-18.32.00-5-768x1024.jpeg\" alt=\"\" class=\"wp-image-384\" srcset=\"https:\/\/blocsenresidencia.bcn.cat\/barribesos2024\/wp-content\/uploads\/2024\/03\/WhatsApp-Image-2024-03-13-at-18.32.00-5-768x1024.jpeg 768w, https:\/\/blocsenresidencia.bcn.cat\/barribesos2024\/wp-content\/uploads\/2024\/03\/WhatsApp-Image-2024-03-13-at-18.32.00-5-225x300.jpeg 225w, https:\/\/blocsenresidencia.bcn.cat\/barribesos2024\/wp-content\/uploads\/2024\/03\/WhatsApp-Image-2024-03-13-at-18.32.00-5-1152x1536.jpeg 1152w, https:\/\/blocsenresidencia.bcn.cat\/barribesos2024\/wp-content\/uploads\/2024\/03\/WhatsApp-Image-2024-03-13-at-18.32.00-5.jpeg 1200w\" sizes=\"auto, (max-width: 767px) 89vw, (max-width: 1000px) 54vw, (max-width: 1071px) 543px, 580px\" \/><\/figure>\n<\/figure>\n\n\n\n<p>Aqu\u00ed us deixo una magn\u00edfica entrevista a on ens explica el seu rol al m\u00f3n del teatre.<\/p>\n\n\n\n<figure class=\"wp-block-embed is-type-wp-embed is-provider-sephatrad wp-block-embed-sephatrad\"><div class=\"wp-block-embed__wrapper\">\n<blockquote class=\"wp-embedded-content\" data-secret=\"CRlIsUOjq7\"><a href=\"https:\/\/sephatrad.wordpress.com\/2020\/07\/15\/juan-pablo-mazorra-ser-actor-de-teatro-es-una-verdadera-profesion-de-resistencia\/\">Juan Pablo Mazorra: \u201cSer actor de teatro es una verdadera profesi\u00f3n de&nbsp;resistencia\u201d<\/a><\/blockquote><iframe loading=\"lazy\" class=\"wp-embedded-content\" sandbox=\"allow-scripts\" security=\"restricted\" style=\"position: absolute; clip: rect(1px, 1px, 1px, 1px);\" title=\"&laquo;&nbsp;Juan Pablo Mazorra: \u201cSer actor de teatro es una verdadera profesi\u00f3n de&nbsp;resistencia\u201d&nbsp;&raquo; &#8212; sephatrad\" src=\"https:\/\/sephatrad.wordpress.com\/2020\/07\/15\/juan-pablo-mazorra-ser-actor-de-teatro-es-una-verdadera-profesion-de-resistencia\/embed\/#?secret=XzSqaPhX8l#?secret=CRlIsUOjq7\" data-secret=\"CRlIsUOjq7\" width=\"525\" height=\"296\" frameborder=\"0\" marginwidth=\"0\" marginheight=\"0\" scrolling=\"no\"><\/iframe>\n<\/div><\/figure>\n\n\n\n<p>El&nbsp;teatre f\u00edsic&nbsp;\u00e9s una&nbsp;<a href=\"https:\/\/ca.wikipedia.org\/wiki\/T%C3%A8cnica\">t\u00e8cnica<\/a>&nbsp;d&#8217;<a href=\"https:\/\/ca.wikipedia.org\/wiki\/Interpretaci%C3%B3\">interpretaci\u00f3<\/a>&nbsp;<a href=\"https:\/\/ca.wikipedia.org\/wiki\/Teatral\">teatral<\/a>&nbsp;que es va comen\u00e7ar al&nbsp;<a href=\"https:\/\/ca.wikipedia.org\/wiki\/Segle_XIX\">segle XIX<\/a>&nbsp;i que es caracteritza per construir els&nbsp;<a href=\"https:\/\/ca.wikipedia.org\/wiki\/Personatge\">personatges<\/a>&nbsp;i les seves&nbsp;<a href=\"https:\/\/ca.wikipedia.org\/wiki\/Emocions\">emocions<\/a>&nbsp;mitjan\u00e7ant les accions. Amb aquesta t\u00e8cnica, els&nbsp;<a href=\"https:\/\/ca.wikipedia.org\/wiki\/Actor\">actors<\/a>&nbsp;poden treballar en&nbsp;<a href=\"https:\/\/ca.wikipedia.org\/wiki\/Mon%C3%B2leg\">mon\u00f2legs<\/a>,&nbsp;<a href=\"https:\/\/ca.wikipedia.org\/wiki\/Di%C3%A0leg\">di\u00e0legs<\/a>&nbsp;i en tota mena d&#8217;obres teatrals, cl\u00e0ssiques o modernes.<\/p>\n\n\n\n<p>Va n\u00e9ixer buscant la\u00a0<a href=\"https:\/\/ca.wikipedia.org\/wiki\/Llibertat\">llibertat<\/a>\u00a0expressiva i la &#8220;protecci\u00f3\u00a0<a href=\"https:\/\/ca.wikipedia.org\/wiki\/Psicol%C3%B2gica\">psicol\u00f2gica<\/a>&#8221; dels actors, ja que a aquests no els cal &#8220;sentir&#8221; el que sent el seu personatge, ni cercar en el seu passat ni interior aquestes emocions, ni la\u00a0<a href=\"https:\/\/ca.wikipedia.org\/wiki\/Qualitat\">qualitat<\/a>\u00a0de la seva actuaci\u00f3 dep\u00e8n de l&#8217;estat an\u00edmic, mental i emocional del dia. Es contraposa al m\u00e8tode de\u00a0<a href=\"https:\/\/ca.wikipedia.org\/wiki\/Lee_Strasberg\">Lee Strasberg<\/a>, en qu\u00e8 aquest parteix d&#8217;emocions per a crear les accions i aix\u00ed crear el personatge. <\/p>\n\n\n\n<p><a href=\"https:\/\/www.moveo.cat\/\">https:\/\/www.moveo.cat\/<\/a><\/p>\n\n\n\n<p>Alguns directors i desenvolupadors del teatre f\u00edsic s\u00f3n\u00a0<a href=\"https:\/\/ca.wikipedia.org\/wiki\/Antonin_Artaud\">Antonin Artaud<\/a>,\u00a0<a href=\"https:\/\/ca.wikipedia.org\/wiki\/Pina_Bausch\">Pina Bausch<\/a>,\u00a0<a href=\"https:\/\/ca.wikipedia.org\/wiki\/Jerzy_Grotowski\">Jerzy Grotowski<\/a>,\u00a0<a href=\"https:\/\/ca.wikipedia.org\/wiki\/Vs%C3%A9volod_Meierhold\">Vs\u00e9volod Meierhold<\/a>,\u00a0<a href=\"https:\/\/ca.wikipedia.org\/wiki\/Peter_Brook\">Peter Brook<\/a>,\u00a0<a href=\"https:\/\/ca.wikipedia.org\/wiki\/Jacques_Lecoq\">Jacques Lecoq<\/a>,\u00a0<a href=\"https:\/\/ca.wikipedia.org\/wiki\/Eugenio_Barba\">Eugenio Barba<\/a>,\u00a0<a href=\"https:\/\/ca.wikipedia.org\/wiki\/%C3%89tienne_Decroux\">\u00c9tienne Decroux<\/a>,\u00a0<a href=\"https:\/\/ca.wikipedia.org\/wiki\/Ariane_Mnouchkine\">Ariane Mnouchkine<\/a>\u00a0i Tadashi Suzuki.<\/p>\n\n\n\n<p>Desenvolupat per la\u00a0<a href=\"https:\/\/ca.wikipedia.org\/wiki\/Commedia_dell%27arte\">commedia dell&#8217;arte<\/a>, actualment tamb\u00e9 fusiona t\u00e8cniques de\u00a0<a href=\"https:\/\/ca.wikipedia.org\/wiki\/Dansa\">dansa<\/a>,\u00a0<a href=\"https:\/\/ca.wikipedia.org\/wiki\/Circ\">circ<\/a>,\u00a0<a href=\"https:\/\/ca.wikipedia.org\/wiki\/Arts_marcials\">arts marcials<\/a>,\u00a0<a href=\"https:\/\/ca.wikipedia.org\/wiki\/Clown\">clown<\/a>, etc.<\/p>\n\n\n\n<figure class=\"wp-block-gallery has-nested-images columns-default is-cropped wp-block-gallery-4 is-layout-flex wp-block-gallery-is-layout-flex\">\n<figure class=\"wp-block-image size-large\"><img loading=\"lazy\" decoding=\"async\" width=\"330\" height=\"547\" data-id=\"381\" src=\"https:\/\/blocsenresidencia.bcn.cat\/barribesos2024\/wp-content\/uploads\/2024\/03\/PANTOMIME-PABLO.jpg\" alt=\"\" class=\"wp-image-381\" srcset=\"https:\/\/blocsenresidencia.bcn.cat\/barribesos2024\/wp-content\/uploads\/2024\/03\/PANTOMIME-PABLO.jpg 330w, https:\/\/blocsenresidencia.bcn.cat\/barribesos2024\/wp-content\/uploads\/2024\/03\/PANTOMIME-PABLO-181x300.jpg 181w\" sizes=\"auto, (max-width: 330px) 100vw, 330px\" \/><\/figure>\n<\/figure>\n\n\n\n<p>El Juan Pablo es fa molt r\u00e0pidament amb els assistents, ha estat capa\u00e7 de revolucionar-los en apenes un quart d&#8217;hora, els fa moure a dalt, a baix i de repent treu diaris vells i reparteix fulls de diari&#8230; Diaris vells???<\/p>\n\n\n\n<figure class=\"wp-block-gallery has-nested-images columns-default is-cropped wp-block-gallery-5 is-layout-flex wp-block-gallery-is-layout-flex\">\n<figure class=\"wp-block-image size-large\"><img loading=\"lazy\" decoding=\"async\" width=\"768\" height=\"1024\" data-id=\"388\" src=\"https:\/\/blocsenresidencia.bcn.cat\/barribesos2024\/wp-content\/uploads\/2024\/03\/WhatsApp-Image-2024-03-13-at-18.32.00-10-768x1024.jpeg\" alt=\"\" class=\"wp-image-388\" srcset=\"https:\/\/blocsenresidencia.bcn.cat\/barribesos2024\/wp-content\/uploads\/2024\/03\/WhatsApp-Image-2024-03-13-at-18.32.00-10-768x1024.jpeg 768w, https:\/\/blocsenresidencia.bcn.cat\/barribesos2024\/wp-content\/uploads\/2024\/03\/WhatsApp-Image-2024-03-13-at-18.32.00-10-225x300.jpeg 225w, https:\/\/blocsenresidencia.bcn.cat\/barribesos2024\/wp-content\/uploads\/2024\/03\/WhatsApp-Image-2024-03-13-at-18.32.00-10-1152x1536.jpeg 1152w, https:\/\/blocsenresidencia.bcn.cat\/barribesos2024\/wp-content\/uploads\/2024\/03\/WhatsApp-Image-2024-03-13-at-18.32.00-10.jpeg 1200w\" sizes=\"auto, (max-width: 767px) 89vw, (max-width: 1000px) 54vw, (max-width: 1071px) 543px, 580px\" \/><\/figure>\n<\/figure>\n\n\n\n<figure class=\"wp-block-gallery has-nested-images columns-default is-cropped wp-block-gallery-6 is-layout-flex wp-block-gallery-is-layout-flex\">\n<figure class=\"wp-block-image size-large\"><img loading=\"lazy\" decoding=\"async\" width=\"768\" height=\"1024\" data-id=\"386\" src=\"https:\/\/blocsenresidencia.bcn.cat\/barribesos2024\/wp-content\/uploads\/2024\/03\/WhatsApp-Image-2024-03-13-at-18.32.00-6-768x1024.jpeg\" alt=\"\" class=\"wp-image-386\" srcset=\"https:\/\/blocsenresidencia.bcn.cat\/barribesos2024\/wp-content\/uploads\/2024\/03\/WhatsApp-Image-2024-03-13-at-18.32.00-6-768x1024.jpeg 768w, https:\/\/blocsenresidencia.bcn.cat\/barribesos2024\/wp-content\/uploads\/2024\/03\/WhatsApp-Image-2024-03-13-at-18.32.00-6-225x300.jpeg 225w, https:\/\/blocsenresidencia.bcn.cat\/barribesos2024\/wp-content\/uploads\/2024\/03\/WhatsApp-Image-2024-03-13-at-18.32.00-6-1152x1536.jpeg 1152w, https:\/\/blocsenresidencia.bcn.cat\/barribesos2024\/wp-content\/uploads\/2024\/03\/WhatsApp-Image-2024-03-13-at-18.32.00-6.jpeg 1200w\" sizes=\"auto, (max-width: 767px) 89vw, (max-width: 1000px) 54vw, (max-width: 1071px) 543px, 580px\" \/><\/figure>\n<\/figure>\n\n\n\n<p> <\/p>\n\n\n\n<figure class=\"wp-block-gallery has-nested-images columns-default is-cropped wp-block-gallery-7 is-layout-flex wp-block-gallery-is-layout-flex\">\n<figure class=\"wp-block-image size-large\"><img loading=\"lazy\" decoding=\"async\" width=\"768\" height=\"1024\" data-id=\"387\" src=\"https:\/\/blocsenresidencia.bcn.cat\/barribesos2024\/wp-content\/uploads\/2024\/03\/WhatsApp-Image-2024-03-13-at-18.32.00-7-768x1024.jpeg\" alt=\"\" class=\"wp-image-387\" srcset=\"https:\/\/blocsenresidencia.bcn.cat\/barribesos2024\/wp-content\/uploads\/2024\/03\/WhatsApp-Image-2024-03-13-at-18.32.00-7-768x1024.jpeg 768w, https:\/\/blocsenresidencia.bcn.cat\/barribesos2024\/wp-content\/uploads\/2024\/03\/WhatsApp-Image-2024-03-13-at-18.32.00-7-225x300.jpeg 225w, https:\/\/blocsenresidencia.bcn.cat\/barribesos2024\/wp-content\/uploads\/2024\/03\/WhatsApp-Image-2024-03-13-at-18.32.00-7-1152x1536.jpeg 1152w, https:\/\/blocsenresidencia.bcn.cat\/barribesos2024\/wp-content\/uploads\/2024\/03\/WhatsApp-Image-2024-03-13-at-18.32.00-7.jpeg 1200w\" sizes=\"auto, (max-width: 767px) 89vw, (max-width: 1000px) 54vw, (max-width: 1071px) 543px, 580px\" \/><\/figure>\n<\/figure>\n\n\n\n<p>que tot seguit convertir\u00e0 en personatges vius&#8230;<\/p>\n\n\n\n<p>Dona vida a un diari, que es converteix en una mena de cuc o d\u2019ocell, que ens ataca, que se\u2019ns oposa com si fos la tormenta de vent que volia destruir al mestre del mim Marcel Marceau\u2026<\/p>\n\n\n\n<figure class=\"wp-block-embed is-type-video is-provider-youtube wp-block-embed-youtube wp-embed-aspect-16-9 wp-has-aspect-ratio\"><div class=\"wp-block-embed__wrapper\">\n<iframe loading=\"lazy\" title=\"Marcel Marceau &quot;Against the wind &quot; -  from the film &quot;Silent movie&quot;.mp4\" width=\"525\" height=\"295\" src=\"https:\/\/www.youtube.com\/embed\/fiqMpgfTxTs?feature=oembed\" frameborder=\"0\" allow=\"accelerometer; autoplay; clipboard-write; encrypted-media; gyroscope; picture-in-picture; web-share\" referrerpolicy=\"strict-origin-when-cross-origin\" allowfullscreen><\/iframe>\n<\/div><\/figure>\n\n\n\n<p>El diari lluita per sobreposar-se als personatges, per atacar-los, per manar sobre la seva voluntat per ser m\u00e9s fort que ells&#8230;<\/p>\n\n\n\n<figure class=\"wp-block-image size-large\"><img loading=\"lazy\" decoding=\"async\" width=\"768\" height=\"1024\" src=\"https:\/\/blocsenresidencia.bcn.cat\/barribesos2024\/wp-content\/uploads\/2024\/03\/WhatsApp-Image-2024-03-13-at-18.32.00-768x1024.jpeg\" alt=\"\" class=\"wp-image-389\" srcset=\"https:\/\/blocsenresidencia.bcn.cat\/barribesos2024\/wp-content\/uploads\/2024\/03\/WhatsApp-Image-2024-03-13-at-18.32.00-768x1024.jpeg 768w, https:\/\/blocsenresidencia.bcn.cat\/barribesos2024\/wp-content\/uploads\/2024\/03\/WhatsApp-Image-2024-03-13-at-18.32.00-225x300.jpeg 225w, https:\/\/blocsenresidencia.bcn.cat\/barribesos2024\/wp-content\/uploads\/2024\/03\/WhatsApp-Image-2024-03-13-at-18.32.00-1152x1536.jpeg 1152w, https:\/\/blocsenresidencia.bcn.cat\/barribesos2024\/wp-content\/uploads\/2024\/03\/WhatsApp-Image-2024-03-13-at-18.32.00.jpeg 1200w\" sizes=\"auto, (max-width: 767px) 89vw, (max-width: 1000px) 54vw, (max-width: 1071px) 543px, 580px\" \/><\/figure>\n\n\n\n<figure class=\"wp-block-gallery has-nested-images columns-default is-cropped wp-block-gallery-8 is-layout-flex wp-block-gallery-is-layout-flex\"><\/figure>\n\n\n\n<figure class=\"wp-block-video\"><video controls src=\"https:\/\/blocsenresidencia.bcn.cat\/barribesos2024\/wp-content\/uploads\/2024\/03\/WhatsApp-Video-2024-03-13-at-18.32.00-1.mp4\"><\/video><\/figure>\n\n\n\n<figure class=\"wp-block-video\"><video controls src=\"https:\/\/blocsenresidencia.bcn.cat\/barribesos2024\/wp-content\/uploads\/2024\/03\/WhatsApp-Video-2024-03-13-at-18.32.00-2.mp4\"><\/video><\/figure>\n\n\n\n<figure class=\"wp-block-video\"><video controls src=\"https:\/\/blocsenresidencia.bcn.cat\/barribesos2024\/wp-content\/uploads\/2024\/03\/WhatsApp-Video-2024-03-13-at-18.32.00.mp4\"><\/video><\/figure>\n\n\n\n<p>M\u00e9s tard, fem un historia nova, per\u00f2 aquesta vegada \u00e9s una noticia bona.<\/p>\n\n\n\n<p>Ens ha tocat la loter\u00eda. Estem a casa, dormint, ens despertem, agafem el diari, el llegim i descobrim que ens ha tocat i\u2026alegr\u00eda (Cristal).<\/p>\n\n\n\n<p>Comprovem el n\u00ba, el busquem a casa, per tot arreu i el trobem i fem cup\u00f3n, noticia, cup\u00f3n noticia\u2026 (Eloi).<\/p>\n\n\n\n<p>Anem al Banc a cobrar-lo, anem sense cotxe, caminant per agafar el metro, seiem al vag\u00f3, la gente em mira i pens\u00f3 que em poden robar el bitllet \u2026 (Jes\u00fas)<\/p>\n\n\n\n<p>Cadasc\u00fa diu el que vol per recrear una historia, que ara representem junts i sencera sota les paraules del Juan Pablo que s\u2019ho passa d\u2019all\u00f3 m\u00e9s b\u00e9&#8230;com els nostres participants.<\/p>\n\n\n\n<p>Em quedo amb les s\u00e0vies paraules del Juan Pablo: &#8220;Al teatre f\u00edsic tot \u00e9s molt gran, molt exagerat\u2026&#8221;  <\/p>\n\n\n\n<p>I tant!  Gr\u00e0cies Juan Pablo!<\/p>\n\n\n\n<p>Jordi S\u00e1nchez.<\/p>\n\n\n\n<p>Professor.<\/p>\n\n\n\n<p>INSTITUT BARRI BES\u00d2S.<\/p>\n","protected":false},"excerpt":{"rendered":"<p>Fa uns dies ens va visitar el Juan Pablo Mazorra, un actor nascut a M\u00e8xic DF i que fa anys que viu i treballa a Barcelona. \u00c9s un aut\u00e8ntic catalano-mexic\u00e0, parla un catal\u00e0 excellent i ens ha fet una sessi\u00f3 per apropar-nos el teatre f\u00edsic o teatre de cos. Mazorra \u00e9s tamb\u00e9 fundador i director &hellip; <\/p>\n<p class=\"link-more\"><a href=\"https:\/\/blocsenresidencia.bcn.cat\/barribesos2024\/al-teatre-fisic-tot-es-molt-gran-molt-exagerat\/\" class=\"more-link\">Continua llegint <span class=\"screen-reader-text\">\u00abAl teatre f\u00edsic tot \u00e9s molt gran, molt exagerat\u2026\u00bb<\/span><\/a><\/p>\n","protected":false},"author":9,"featured_media":0,"comment_status":"open","ping_status":"open","sticky":false,"template":"","format":"standard","meta":{"footnotes":""},"categories":[1],"tags":[],"class_list":["post-380","post","type-post","status-publish","format-standard","hentry","category-general"],"_links":{"self":[{"href":"https:\/\/blocsenresidencia.bcn.cat\/barribesos2024\/wp-json\/wp\/v2\/posts\/380","targetHints":{"allow":["GET"]}}],"collection":[{"href":"https:\/\/blocsenresidencia.bcn.cat\/barribesos2024\/wp-json\/wp\/v2\/posts"}],"about":[{"href":"https:\/\/blocsenresidencia.bcn.cat\/barribesos2024\/wp-json\/wp\/v2\/types\/post"}],"author":[{"embeddable":true,"href":"https:\/\/blocsenresidencia.bcn.cat\/barribesos2024\/wp-json\/wp\/v2\/users\/9"}],"replies":[{"embeddable":true,"href":"https:\/\/blocsenresidencia.bcn.cat\/barribesos2024\/wp-json\/wp\/v2\/comments?post=380"}],"version-history":[{"count":1,"href":"https:\/\/blocsenresidencia.bcn.cat\/barribesos2024\/wp-json\/wp\/v2\/posts\/380\/revisions"}],"predecessor-version":[{"id":393,"href":"https:\/\/blocsenresidencia.bcn.cat\/barribesos2024\/wp-json\/wp\/v2\/posts\/380\/revisions\/393"}],"wp:attachment":[{"href":"https:\/\/blocsenresidencia.bcn.cat\/barribesos2024\/wp-json\/wp\/v2\/media?parent=380"}],"wp:term":[{"taxonomy":"category","embeddable":true,"href":"https:\/\/blocsenresidencia.bcn.cat\/barribesos2024\/wp-json\/wp\/v2\/categories?post=380"},{"taxonomy":"post_tag","embeddable":true,"href":"https:\/\/blocsenresidencia.bcn.cat\/barribesos2024\/wp-json\/wp\/v2\/tags?post=380"}],"curies":[{"name":"wp","href":"https:\/\/api.w.org\/{rel}","templated":true}]}}