{"id":395,"date":"2024-03-23T19:49:28","date_gmt":"2024-03-23T17:49:28","guid":{"rendered":"https:\/\/blocsenresidencia.bcn.cat\/barribesos2024\/?p=395"},"modified":"2024-03-23T20:00:30","modified_gmt":"2024-03-23T18:00:30","slug":"a-la-caldera-amb-laila-tufur","status":"publish","type":"post","link":"https:\/\/blocsenresidencia.bcn.cat\/barribesos2024\/a-la-caldera-amb-laila-tufur\/","title":{"rendered":"A La Caldera amb Laila Tufur"},"content":{"rendered":"\n<p>Avui hem anat a La Caldera, convidats a veure un assaig obert de la Laila Tufur, que est\u00e0 preparant un obra per estrenar d&#8217;aqu\u00ed a uns mesos&#8230; tot un privilegi!<\/p>\n\n\n\n<p>Hem travessat la Diagonal de punta a punta, desde diagonal mar, fins quasi el Camp Nou a ons ens esperava el Carles Giner.<\/p>\n\n\n\n<p>La Caldera&nbsp;\u00e9s un centre de creaci\u00f3 de dansa que impulsa la recerca art\u00edstica&nbsp;al voltant del cos i la dansa.<\/p>\n\n\n\n<p><a href=\"https:\/\/www.lacaldera.info\/ca\/activitats\" target=\"_blank\" rel=\"noreferrer noopener\">https:\/\/www.lacaldera.info<\/a><a href=\"https:\/\/www.lacaldera.info\/ca\/activitats\">\/ca\/activitats<\/a><\/p>\n\n\n\n<figure class=\"wp-block-image size-large\"><img loading=\"lazy\" decoding=\"async\" width=\"768\" height=\"1024\" src=\"https:\/\/blocsenresidencia.bcn.cat\/barribesos2024\/wp-content\/uploads\/2024\/03\/WhatsApp-Image-2024-03-23-at-18.25.47-2-768x1024.jpeg\" alt=\"\" class=\"wp-image-396\" srcset=\"https:\/\/blocsenresidencia.bcn.cat\/barribesos2024\/wp-content\/uploads\/2024\/03\/WhatsApp-Image-2024-03-23-at-18.25.47-2-768x1024.jpeg 768w, https:\/\/blocsenresidencia.bcn.cat\/barribesos2024\/wp-content\/uploads\/2024\/03\/WhatsApp-Image-2024-03-23-at-18.25.47-2-225x300.jpeg 225w, https:\/\/blocsenresidencia.bcn.cat\/barribesos2024\/wp-content\/uploads\/2024\/03\/WhatsApp-Image-2024-03-23-at-18.25.47-2-1152x1536.jpeg 1152w, https:\/\/blocsenresidencia.bcn.cat\/barribesos2024\/wp-content\/uploads\/2024\/03\/WhatsApp-Image-2024-03-23-at-18.25.47-2.jpeg 1200w\" sizes=\"auto, (max-width: 767px) 89vw, (max-width: 1000px) 54vw, (max-width: 1071px) 543px, 580px\" \/><\/figure>\n\n\n\n<figure class=\"wp-block-image size-large\"><img loading=\"lazy\" decoding=\"async\" width=\"768\" height=\"1024\" src=\"https:\/\/blocsenresidencia.bcn.cat\/barribesos2024\/wp-content\/uploads\/2024\/03\/WhatsApp-Image-2024-03-23-at-18.25.47-3-768x1024.jpeg\" alt=\"\" class=\"wp-image-397\" srcset=\"https:\/\/blocsenresidencia.bcn.cat\/barribesos2024\/wp-content\/uploads\/2024\/03\/WhatsApp-Image-2024-03-23-at-18.25.47-3-768x1024.jpeg 768w, https:\/\/blocsenresidencia.bcn.cat\/barribesos2024\/wp-content\/uploads\/2024\/03\/WhatsApp-Image-2024-03-23-at-18.25.47-3-225x300.jpeg 225w, https:\/\/blocsenresidencia.bcn.cat\/barribesos2024\/wp-content\/uploads\/2024\/03\/WhatsApp-Image-2024-03-23-at-18.25.47-3-1152x1536.jpeg 1152w, https:\/\/blocsenresidencia.bcn.cat\/barribesos2024\/wp-content\/uploads\/2024\/03\/WhatsApp-Image-2024-03-23-at-18.25.47-3.jpeg 1200w\" sizes=\"auto, (max-width: 767px) 89vw, (max-width: 1000px) 54vw, (max-width: 1071px) 543px, 580px\" \/><\/figure>\n\n\n\n<p><\/p>\n\n\n\n<p>En han rebut el Javier Cuevas i la Cristina Riera, que ens han fet sentir com a casa, super amables, molt pendents de nosaltres, enf\u00ed un 10! <\/p>\n\n\n\n<p>Moltes gr\u00e0cies, esperem poder\u00a0 col\u00b7laborar amb vosaltres en alg\u00fan projecte!<\/p>\n\n\n\n<figure class=\"wp-block-image size-large\"><img loading=\"lazy\" decoding=\"async\" width=\"1024\" height=\"768\" src=\"https:\/\/blocsenresidencia.bcn.cat\/barribesos2024\/wp-content\/uploads\/2024\/03\/WhatsApp-Image-2024-03-23-at-18.25.47-1024x768.jpeg\" alt=\"\" class=\"wp-image-398\" srcset=\"https:\/\/blocsenresidencia.bcn.cat\/barribesos2024\/wp-content\/uploads\/2024\/03\/WhatsApp-Image-2024-03-23-at-18.25.47-1024x768.jpeg 1024w, https:\/\/blocsenresidencia.bcn.cat\/barribesos2024\/wp-content\/uploads\/2024\/03\/WhatsApp-Image-2024-03-23-at-18.25.47-300x225.jpeg 300w, https:\/\/blocsenresidencia.bcn.cat\/barribesos2024\/wp-content\/uploads\/2024\/03\/WhatsApp-Image-2024-03-23-at-18.25.47-768x576.jpeg 768w, https:\/\/blocsenresidencia.bcn.cat\/barribesos2024\/wp-content\/uploads\/2024\/03\/WhatsApp-Image-2024-03-23-at-18.25.47-1536x1152.jpeg 1536w, https:\/\/blocsenresidencia.bcn.cat\/barribesos2024\/wp-content\/uploads\/2024\/03\/WhatsApp-Image-2024-03-23-at-18.25.47.jpeg 1600w\" sizes=\"auto, (max-width: 767px) 89vw, (max-width: 1000px) 54vw, (max-width: 1071px) 543px, 580px\" \/><\/figure>\n\n\n\n<p><\/p>\n\n\n\n<p>I qui \u00e9s la Laila Tufur?  Dons&#8230;deixem que es presenti ella&#8230; <\/p>\n\n\n\n<figure class=\"wp-block-image size-full\"><img loading=\"lazy\" decoding=\"async\" width=\"500\" height=\"333\" src=\"https:\/\/blocsenresidencia.bcn.cat\/barribesos2024\/wp-content\/uploads\/2024\/03\/laila_tafur_-santamaria.jpg\" alt=\"\" class=\"wp-image-399\" srcset=\"https:\/\/blocsenresidencia.bcn.cat\/barribesos2024\/wp-content\/uploads\/2024\/03\/laila_tafur_-santamaria.jpg 500w, https:\/\/blocsenresidencia.bcn.cat\/barribesos2024\/wp-content\/uploads\/2024\/03\/laila_tafur_-santamaria-300x200.jpg 300w\" sizes=\"auto, (max-width: 500px) 100vw, 500px\" \/><\/figure>\n\n\n\n<p>Vaig n\u00e9ixer i vaig cr\u00e9ixer a Granada, vaig estudiar coreografia a Reykjav\u00edk, Lisboa i finalment em vaig llicenciar a l&#8217;Institut del Teatre. El 2017-18 vaig cursar el MPECV del Reina Sofia, i entre 2020\/21 el PEI del MACBA. Actualment treballo com a docent al Conservatori Superior de M\u00e0laga. Els meus treballs com a creadora s\u00f3n&nbsp;<em>Mi arma, Monstruo, Cobalto, Carne de Canci\u00f3n<\/em>&nbsp;i actualment&nbsp;<em>Maja y Bastarda<\/em>. Amb ells vaig guanyar el Certamen de Maspalomas i el de Madrid, a m\u00e9s de presentar-se a nombrosos festivals aqu\u00ed i all\u00e0. Com a int\u00e8rpret he treballat per a Janet Novas, Xavier Le Roy, Jerome Bel, Lipi Hern\u00e1ndez o Albert Quesada.<\/p>\n\n\n\n<p>Una aut\u00e8ntica crack, amb una sensibilitat art\u00edstica brutal&#8230;<\/p>\n\n\n\n<p><a href=\"https:\/\/vimeo.com\/lailatafur\">https:\/\/vimeo.com\/lailatafur<\/a><\/p>\n\n\n\n<p>La veritat \u00e9s que va ser espectacular, poder veure la Laila, actuant nom\u00e9s per a nosaltres, en petit comit\u00e9&#8230; ens presentava el projecte en el que est\u00e0 treballant <em>MAJA y BASTARDA<\/em>, un espectacle que es preveu brillant. <\/p>\n\n\n\n<p>Ecl\u00e8ctic, amb moltes refer\u00e8ncies culturals que recorden a Jordi Savall, a Goya, a Federico Garc\u00eda Lorca, al sentir musical del poble andal\u00fas&#8230; un goig tenyit de vermell!<\/p>\n\n\n\n<p>i un cop acabat,  el col\u00b7loqui, a on v\u00e0rem preguntar, contrastar, aprendre&#8230; de una artistassa com la Laila!<\/p>\n\n\n\n<p>&nbsp;<\/p>\n\n\n\n<figure class=\"wp-block-embed is-type-video is-provider-youtube wp-block-embed-youtube wp-embed-aspect-16-9 wp-has-aspect-ratio\"><div class=\"wp-block-embed__wrapper\">\n<iframe loading=\"lazy\" title=\"Residencia Laila Tafur \/ \u201cMaja y bastarda\u201d\" width=\"525\" height=\"295\" src=\"https:\/\/www.youtube.com\/embed\/HkkTGWhCb-E?feature=oembed\" frameborder=\"0\" allow=\"accelerometer; autoplay; clipboard-write; encrypted-media; gyroscope; picture-in-picture; web-share\" referrerpolicy=\"strict-origin-when-cross-origin\" allowfullscreen><\/iframe>\n<\/div><\/figure>\n\n\n\n<p>En definitiva una matinal   I N O B L I D A B L E.<\/p>\n\n\n\n<p>I com que no vull fer cap spoiler, far\u00e9 una picada d&#8217;ullet a la Laila&#8230; Va por ti!!!<\/p>\n\n\n\n<figure class=\"wp-block-embed is-type-video is-provider-youtube wp-block-embed-youtube wp-embed-aspect-16-9 wp-has-aspect-ratio\"><div class=\"wp-block-embed__wrapper\">\n<iframe loading=\"lazy\" title=\"EL GUARDAESPALDAS\" width=\"525\" height=\"295\" src=\"https:\/\/www.youtube.com\/embed\/0kpi84S8KBc?feature=oembed\" frameborder=\"0\" allow=\"accelerometer; autoplay; clipboard-write; encrypted-media; gyroscope; picture-in-picture; web-share\" referrerpolicy=\"strict-origin-when-cross-origin\" allowfullscreen><\/iframe>\n<\/div><\/figure>\n\n\n\n<p>Jordi S\u00e1nchez.<\/p>\n\n\n\n<p>Professor. <\/p>\n\n\n\n<p>INS. BARRI BES\u00d2S.<\/p>\n","protected":false},"excerpt":{"rendered":"<p>Avui hem anat a La Caldera, convidats a veure un assaig obert de la Laila Tufur, que est\u00e0 preparant un obra per estrenar d&#8217;aqu\u00ed a uns mesos&#8230; tot un privilegi! Hem travessat la Diagonal de punta a punta, desde diagonal mar, fins quasi el Camp Nou a ons ens esperava el Carles Giner. La Caldera&nbsp;\u00e9s &hellip; <\/p>\n<p class=\"link-more\"><a href=\"https:\/\/blocsenresidencia.bcn.cat\/barribesos2024\/a-la-caldera-amb-laila-tufur\/\" class=\"more-link\">Continua llegint <span class=\"screen-reader-text\">\u00abA La Caldera amb Laila Tufur\u00bb<\/span><\/a><\/p>\n","protected":false},"author":9,"featured_media":0,"comment_status":"open","ping_status":"open","sticky":false,"template":"","format":"standard","meta":{"footnotes":""},"categories":[1],"tags":[],"class_list":["post-395","post","type-post","status-publish","format-standard","hentry","category-general"],"_links":{"self":[{"href":"https:\/\/blocsenresidencia.bcn.cat\/barribesos2024\/wp-json\/wp\/v2\/posts\/395","targetHints":{"allow":["GET"]}}],"collection":[{"href":"https:\/\/blocsenresidencia.bcn.cat\/barribesos2024\/wp-json\/wp\/v2\/posts"}],"about":[{"href":"https:\/\/blocsenresidencia.bcn.cat\/barribesos2024\/wp-json\/wp\/v2\/types\/post"}],"author":[{"embeddable":true,"href":"https:\/\/blocsenresidencia.bcn.cat\/barribesos2024\/wp-json\/wp\/v2\/users\/9"}],"replies":[{"embeddable":true,"href":"https:\/\/blocsenresidencia.bcn.cat\/barribesos2024\/wp-json\/wp\/v2\/comments?post=395"}],"version-history":[{"count":3,"href":"https:\/\/blocsenresidencia.bcn.cat\/barribesos2024\/wp-json\/wp\/v2\/posts\/395\/revisions"}],"predecessor-version":[{"id":402,"href":"https:\/\/blocsenresidencia.bcn.cat\/barribesos2024\/wp-json\/wp\/v2\/posts\/395\/revisions\/402"}],"wp:attachment":[{"href":"https:\/\/blocsenresidencia.bcn.cat\/barribesos2024\/wp-json\/wp\/v2\/media?parent=395"}],"wp:term":[{"taxonomy":"category","embeddable":true,"href":"https:\/\/blocsenresidencia.bcn.cat\/barribesos2024\/wp-json\/wp\/v2\/categories?post=395"},{"taxonomy":"post_tag","embeddable":true,"href":"https:\/\/blocsenresidencia.bcn.cat\/barribesos2024\/wp-json\/wp\/v2\/tags?post=395"}],"curies":[{"name":"wp","href":"https:\/\/api.w.org\/{rel}","templated":true}]}}