{"id":37,"date":"2022-12-22T11:03:31","date_gmt":"2022-12-22T09:03:31","guid":{"rendered":"https:\/\/blocsenresidencia.bcn.cat\/conselldecent2023\/?p=37"},"modified":"2022-12-22T11:03:31","modified_gmt":"2022-12-22T09:03:31","slug":"accio-fotografica-quins-son-els-nostres-malestars","status":"publish","type":"post","link":"https:\/\/blocsenresidencia.bcn.cat\/conselldecent2023\/2022\/12\/22\/accio-fotografica-quins-son-els-nostres-malestars\/","title":{"rendered":"Acci\u00f3 Fotogr\u00e0fica: quins s\u00f3n els nostres malestars?"},"content":{"rendered":"\n<figure class=\"wp-block-image size-large\"><img loading=\"lazy\" decoding=\"async\" width=\"1024\" height=\"768\" src=\"https:\/\/blocsenresidencia.bcn.cat\/conselldecent2023\/wp-content\/uploads\/2022\/12\/1-1024x768.jpg\" alt=\"\" class=\"wp-image-42\" srcset=\"https:\/\/blocsenresidencia.bcn.cat\/conselldecent2023\/wp-content\/uploads\/2022\/12\/1-1024x768.jpg 1024w, https:\/\/blocsenresidencia.bcn.cat\/conselldecent2023\/wp-content\/uploads\/2022\/12\/1-300x225.jpg 300w, https:\/\/blocsenresidencia.bcn.cat\/conselldecent2023\/wp-content\/uploads\/2022\/12\/1-768x576.jpg 768w, https:\/\/blocsenresidencia.bcn.cat\/conselldecent2023\/wp-content\/uploads\/2022\/12\/1-1536x1152.jpg 1536w, https:\/\/blocsenresidencia.bcn.cat\/conselldecent2023\/wp-content\/uploads\/2022\/12\/1-2048x1536.jpg 2048w\" sizes=\"auto, (max-width: 767px) 89vw, (max-width: 1000px) 54vw, (max-width: 1071px) 543px, 580px\" \/><\/figure>\n\n\n\n<p>Durant les primeres sessions de treball, per grups s&#8217;ha reflexionat entorn als interessos, preocupacions i necessitats de les alumnes, assajant actituds cr\u00edtiques en relaci\u00f3 als contextos i realitats que ens envolten. Amb paraules de l&#8217;Oriana:<em> Compartir con el alumnado esta pr\u00e1ctica colaborativa ser\u00e1 sin duda una forma de intervenir en nuestras propias vidas<\/em>.<\/p>\n\n\n\n<figure class=\"wp-block-image size-large\"><img loading=\"lazy\" decoding=\"async\" width=\"1024\" height=\"768\" src=\"https:\/\/blocsenresidencia.bcn.cat\/conselldecent2023\/wp-content\/uploads\/2022\/12\/2-1024x768.jpg\" alt=\"\" class=\"wp-image-46\" srcset=\"https:\/\/blocsenresidencia.bcn.cat\/conselldecent2023\/wp-content\/uploads\/2022\/12\/2-1024x768.jpg 1024w, https:\/\/blocsenresidencia.bcn.cat\/conselldecent2023\/wp-content\/uploads\/2022\/12\/2-300x225.jpg 300w, https:\/\/blocsenresidencia.bcn.cat\/conselldecent2023\/wp-content\/uploads\/2022\/12\/2-768x576.jpg 768w, https:\/\/blocsenresidencia.bcn.cat\/conselldecent2023\/wp-content\/uploads\/2022\/12\/2-1536x1152.jpg 1536w, https:\/\/blocsenresidencia.bcn.cat\/conselldecent2023\/wp-content\/uploads\/2022\/12\/2-2048x1536.jpg 2048w\" sizes=\"auto, (max-width: 767px) 89vw, (max-width: 1000px) 54vw, (max-width: 1071px) 543px, 580px\" \/><\/figure>\n\n\n\n<p>D&#8217;aquesta manera s&#8217;ha comen\u00e7at a dissenyar un projecte d&#8217;acci\u00f3 fotogr\u00e0fica col\u00b7lectiva que parteix de malestars situats a: <strong>El temps a l&#8217;institut<\/strong>, <strong>les relacions familiars<\/strong>, <strong>la falta de recolzament emocional<\/strong> i <strong>les motivacions de vida<\/strong>.<\/p>\n\n\n\n<figure class=\"wp-block-image size-large\"><img loading=\"lazy\" decoding=\"async\" width=\"1024\" height=\"768\" src=\"https:\/\/blocsenresidencia.bcn.cat\/conselldecent2023\/wp-content\/uploads\/2022\/12\/3-1024x768.jpg\" alt=\"\" class=\"wp-image-48\" srcset=\"https:\/\/blocsenresidencia.bcn.cat\/conselldecent2023\/wp-content\/uploads\/2022\/12\/3-1024x768.jpg 1024w, https:\/\/blocsenresidencia.bcn.cat\/conselldecent2023\/wp-content\/uploads\/2022\/12\/3-300x225.jpg 300w, https:\/\/blocsenresidencia.bcn.cat\/conselldecent2023\/wp-content\/uploads\/2022\/12\/3-768x576.jpg 768w, https:\/\/blocsenresidencia.bcn.cat\/conselldecent2023\/wp-content\/uploads\/2022\/12\/3-1536x1152.jpg 1536w, https:\/\/blocsenresidencia.bcn.cat\/conselldecent2023\/wp-content\/uploads\/2022\/12\/3-2048x1536.jpg 2048w\" sizes=\"auto, (max-width: 767px) 89vw, (max-width: 1000px) 54vw, (max-width: 1071px) 543px, 580px\" \/><\/figure>\n\n\n\n<figure class=\"wp-block-image size-large\"><img loading=\"lazy\" decoding=\"async\" width=\"1024\" height=\"768\" src=\"https:\/\/blocsenresidencia.bcn.cat\/conselldecent2023\/wp-content\/uploads\/2022\/12\/6.1-1024x768.jpg\" alt=\"\" class=\"wp-image-49\" srcset=\"https:\/\/blocsenresidencia.bcn.cat\/conselldecent2023\/wp-content\/uploads\/2022\/12\/6.1-1024x768.jpg 1024w, https:\/\/blocsenresidencia.bcn.cat\/conselldecent2023\/wp-content\/uploads\/2022\/12\/6.1-300x225.jpg 300w, https:\/\/blocsenresidencia.bcn.cat\/conselldecent2023\/wp-content\/uploads\/2022\/12\/6.1-768x576.jpg 768w, https:\/\/blocsenresidencia.bcn.cat\/conselldecent2023\/wp-content\/uploads\/2022\/12\/6.1-1536x1152.jpg 1536w, https:\/\/blocsenresidencia.bcn.cat\/conselldecent2023\/wp-content\/uploads\/2022\/12\/6.1-2048x1536.jpg 2048w\" sizes=\"auto, (max-width: 767px) 89vw, (max-width: 1000px) 54vw, (max-width: 1071px) 543px, 580px\" \/><\/figure>\n\n\n\n<figure class=\"wp-block-image size-large\"><img loading=\"lazy\" decoding=\"async\" width=\"1024\" height=\"768\" src=\"https:\/\/blocsenresidencia.bcn.cat\/conselldecent2023\/wp-content\/uploads\/2022\/12\/6.2-1024x768.jpg\" alt=\"\" class=\"wp-image-55\" srcset=\"https:\/\/blocsenresidencia.bcn.cat\/conselldecent2023\/wp-content\/uploads\/2022\/12\/6.2-1024x768.jpg 1024w, https:\/\/blocsenresidencia.bcn.cat\/conselldecent2023\/wp-content\/uploads\/2022\/12\/6.2-300x225.jpg 300w, https:\/\/blocsenresidencia.bcn.cat\/conselldecent2023\/wp-content\/uploads\/2022\/12\/6.2-768x576.jpg 768w, https:\/\/blocsenresidencia.bcn.cat\/conselldecent2023\/wp-content\/uploads\/2022\/12\/6.2-1536x1152.jpg 1536w, https:\/\/blocsenresidencia.bcn.cat\/conselldecent2023\/wp-content\/uploads\/2022\/12\/6.2-2048x1536.jpg 2048w\" sizes=\"auto, (max-width: 767px) 89vw, (max-width: 1000px) 54vw, (max-width: 1071px) 543px, 580px\" \/><\/figure>\n\n\n\n<figure class=\"wp-block-image size-large\"><img loading=\"lazy\" decoding=\"async\" width=\"1024\" height=\"768\" src=\"https:\/\/blocsenresidencia.bcn.cat\/conselldecent2023\/wp-content\/uploads\/2022\/12\/IMG_20221026_135515_1-1024x768.jpg\" alt=\"\" class=\"wp-image-61\" srcset=\"https:\/\/blocsenresidencia.bcn.cat\/conselldecent2023\/wp-content\/uploads\/2022\/12\/IMG_20221026_135515_1-1024x768.jpg 1024w, https:\/\/blocsenresidencia.bcn.cat\/conselldecent2023\/wp-content\/uploads\/2022\/12\/IMG_20221026_135515_1-300x225.jpg 300w, https:\/\/blocsenresidencia.bcn.cat\/conselldecent2023\/wp-content\/uploads\/2022\/12\/IMG_20221026_135515_1-768x576.jpg 768w, https:\/\/blocsenresidencia.bcn.cat\/conselldecent2023\/wp-content\/uploads\/2022\/12\/IMG_20221026_135515_1-1536x1152.jpg 1536w, https:\/\/blocsenresidencia.bcn.cat\/conselldecent2023\/wp-content\/uploads\/2022\/12\/IMG_20221026_135515_1-2048x1536.jpg 2048w\" sizes=\"auto, (max-width: 767px) 89vw, (max-width: 1000px) 54vw, (max-width: 1071px) 543px, 580px\" \/><\/figure>\n\n\n\n<figure class=\"wp-block-image size-large\"><img loading=\"lazy\" decoding=\"async\" width=\"1024\" height=\"768\" src=\"https:\/\/blocsenresidencia.bcn.cat\/conselldecent2023\/wp-content\/uploads\/2022\/12\/6.3-1024x768.jpg\" alt=\"\" class=\"wp-image-56\" srcset=\"https:\/\/blocsenresidencia.bcn.cat\/conselldecent2023\/wp-content\/uploads\/2022\/12\/6.3-1024x768.jpg 1024w, https:\/\/blocsenresidencia.bcn.cat\/conselldecent2023\/wp-content\/uploads\/2022\/12\/6.3-300x225.jpg 300w, https:\/\/blocsenresidencia.bcn.cat\/conselldecent2023\/wp-content\/uploads\/2022\/12\/6.3-768x576.jpg 768w, https:\/\/blocsenresidencia.bcn.cat\/conselldecent2023\/wp-content\/uploads\/2022\/12\/6.3-1536x1152.jpg 1536w, https:\/\/blocsenresidencia.bcn.cat\/conselldecent2023\/wp-content\/uploads\/2022\/12\/6.3-2048x1536.jpg 2048w\" sizes=\"auto, (max-width: 767px) 89vw, (max-width: 1000px) 54vw, (max-width: 1071px) 543px, 580px\" \/><\/figure>\n\n\n\n<figure class=\"wp-block-image size-large\"><img loading=\"lazy\" decoding=\"async\" width=\"1024\" height=\"768\" src=\"https:\/\/blocsenresidencia.bcn.cat\/conselldecent2023\/wp-content\/uploads\/2022\/12\/6.4-1024x768.jpg\" alt=\"\" class=\"wp-image-57\" srcset=\"https:\/\/blocsenresidencia.bcn.cat\/conselldecent2023\/wp-content\/uploads\/2022\/12\/6.4-1024x768.jpg 1024w, https:\/\/blocsenresidencia.bcn.cat\/conselldecent2023\/wp-content\/uploads\/2022\/12\/6.4-300x225.jpg 300w, https:\/\/blocsenresidencia.bcn.cat\/conselldecent2023\/wp-content\/uploads\/2022\/12\/6.4-768x576.jpg 768w, https:\/\/blocsenresidencia.bcn.cat\/conselldecent2023\/wp-content\/uploads\/2022\/12\/6.4-1536x1152.jpg 1536w, https:\/\/blocsenresidencia.bcn.cat\/conselldecent2023\/wp-content\/uploads\/2022\/12\/6.4-2048x1536.jpg 2048w\" sizes=\"auto, (max-width: 767px) 89vw, (max-width: 1000px) 54vw, (max-width: 1071px) 543px, 580px\" \/><\/figure>\n\n\n\n<p>Despr\u00e9s de posar de manifest les veus de les alumnes, s&#8217;ha decidit focalitzar l&#8217;eix de recerca a <strong>El temps a l&#8217;institut<\/strong> preguntant-nos <em>Quin tipus de temps \u00e9s? De quina manera el vivim? Com ens sentim? El podem canviar? &#8230;<\/em><\/p>\n\n\n\n<figure class=\"wp-block-image size-large\"><img loading=\"lazy\" decoding=\"async\" width=\"1024\" height=\"768\" src=\"https:\/\/blocsenresidencia.bcn.cat\/conselldecent2023\/wp-content\/uploads\/2022\/12\/IMG_20221102_1339371-1024x768.jpg\" alt=\"\" class=\"wp-image-67\" srcset=\"https:\/\/blocsenresidencia.bcn.cat\/conselldecent2023\/wp-content\/uploads\/2022\/12\/IMG_20221102_1339371-1024x768.jpg 1024w, https:\/\/blocsenresidencia.bcn.cat\/conselldecent2023\/wp-content\/uploads\/2022\/12\/IMG_20221102_1339371-300x225.jpg 300w, https:\/\/blocsenresidencia.bcn.cat\/conselldecent2023\/wp-content\/uploads\/2022\/12\/IMG_20221102_1339371-768x576.jpg 768w, https:\/\/blocsenresidencia.bcn.cat\/conselldecent2023\/wp-content\/uploads\/2022\/12\/IMG_20221102_1339371-1536x1152.jpg 1536w, https:\/\/blocsenresidencia.bcn.cat\/conselldecent2023\/wp-content\/uploads\/2022\/12\/IMG_20221102_1339371-2048x1536.jpg 2048w\" sizes=\"auto, (max-width: 767px) 89vw, (max-width: 1000px) 54vw, (max-width: 1071px) 543px, 580px\" \/><\/figure>\n\n\n\n<figure class=\"wp-block-image size-large\"><img loading=\"lazy\" decoding=\"async\" width=\"1024\" height=\"768\" src=\"https:\/\/blocsenresidencia.bcn.cat\/conselldecent2023\/wp-content\/uploads\/2022\/12\/IMG_20221102_141013-1024x768.jpg\" alt=\"\" class=\"wp-image-63\" srcset=\"https:\/\/blocsenresidencia.bcn.cat\/conselldecent2023\/wp-content\/uploads\/2022\/12\/IMG_20221102_141013-1024x768.jpg 1024w, https:\/\/blocsenresidencia.bcn.cat\/conselldecent2023\/wp-content\/uploads\/2022\/12\/IMG_20221102_141013-300x225.jpg 300w, https:\/\/blocsenresidencia.bcn.cat\/conselldecent2023\/wp-content\/uploads\/2022\/12\/IMG_20221102_141013-768x576.jpg 768w, https:\/\/blocsenresidencia.bcn.cat\/conselldecent2023\/wp-content\/uploads\/2022\/12\/IMG_20221102_141013-1536x1152.jpg 1536w, https:\/\/blocsenresidencia.bcn.cat\/conselldecent2023\/wp-content\/uploads\/2022\/12\/IMG_20221102_141013-2048x1536.jpg 2048w\" sizes=\"auto, (max-width: 767px) 89vw, (max-width: 1000px) 54vw, (max-width: 1071px) 543px, 580px\" \/><\/figure>\n","protected":false},"excerpt":{"rendered":"<p>Durant les primeres sessions de treball, per grups s&#8217;ha reflexionat entorn als interessos, preocupacions i necessitats de les alumnes, assajant actituds cr\u00edtiques en relaci\u00f3 als contextos i realitats que ens envolten. Amb paraules de l&#8217;Oriana: Compartir con el alumnado esta pr\u00e1ctica colaborativa ser\u00e1 sin duda una forma de intervenir en nuestras propias vidas. D&#8217;aquesta manera &hellip; <\/p>\n<p class=\"link-more\"><a href=\"https:\/\/blocsenresidencia.bcn.cat\/conselldecent2023\/2022\/12\/22\/accio-fotografica-quins-son-els-nostres-malestars\/\" class=\"more-link\">Continua llegint <span class=\"screen-reader-text\">\u00abAcci\u00f3 Fotogr\u00e0fica: quins s\u00f3n els nostres malestars?\u00bb<\/span><\/a><\/p>\n","protected":false},"author":4,"featured_media":0,"comment_status":"open","ping_status":"open","sticky":false,"template":"","format":"standard","meta":{"footnotes":""},"categories":[1],"tags":[],"class_list":["post-37","post","type-post","status-publish","format-standard","hentry","category-general"],"_links":{"self":[{"href":"https:\/\/blocsenresidencia.bcn.cat\/conselldecent2023\/wp-json\/wp\/v2\/posts\/37","targetHints":{"allow":["GET"]}}],"collection":[{"href":"https:\/\/blocsenresidencia.bcn.cat\/conselldecent2023\/wp-json\/wp\/v2\/posts"}],"about":[{"href":"https:\/\/blocsenresidencia.bcn.cat\/conselldecent2023\/wp-json\/wp\/v2\/types\/post"}],"author":[{"embeddable":true,"href":"https:\/\/blocsenresidencia.bcn.cat\/conselldecent2023\/wp-json\/wp\/v2\/users\/4"}],"replies":[{"embeddable":true,"href":"https:\/\/blocsenresidencia.bcn.cat\/conselldecent2023\/wp-json\/wp\/v2\/comments?post=37"}],"version-history":[{"count":22,"href":"https:\/\/blocsenresidencia.bcn.cat\/conselldecent2023\/wp-json\/wp\/v2\/posts\/37\/revisions"}],"predecessor-version":[{"id":102,"href":"https:\/\/blocsenresidencia.bcn.cat\/conselldecent2023\/wp-json\/wp\/v2\/posts\/37\/revisions\/102"}],"wp:attachment":[{"href":"https:\/\/blocsenresidencia.bcn.cat\/conselldecent2023\/wp-json\/wp\/v2\/media?parent=37"}],"wp:term":[{"taxonomy":"category","embeddable":true,"href":"https:\/\/blocsenresidencia.bcn.cat\/conselldecent2023\/wp-json\/wp\/v2\/categories?post=37"},{"taxonomy":"post_tag","embeddable":true,"href":"https:\/\/blocsenresidencia.bcn.cat\/conselldecent2023\/wp-json\/wp\/v2\/tags?post=37"}],"curies":[{"name":"wp","href":"https:\/\/api.w.org\/{rel}","templated":true}]}}