{"id":305,"date":"2023-11-20T10:00:01","date_gmt":"2023-11-20T08:00:01","guid":{"rendered":"https:\/\/blocsenresidencia.bcn.cat\/eixample2024\/?p=305"},"modified":"2023-11-20T10:00:01","modified_gmt":"2023-11-20T08:00:01","slug":"com-veieu-als-vostres-pares","status":"publish","type":"post","link":"https:\/\/blocsenresidencia.bcn.cat\/eixample2024\/com-veieu-als-vostres-pares\/","title":{"rendered":"Com veieu als vostres pares"},"content":{"rendered":"\n<p>A la darrera sessi\u00f3, vam fer unes petites descripcions del nostre pare, mare o tutor legal. Van apar\u00e8ixer molt\u00edssims adjectius diferents. Despr\u00e9s d&#8217;acabar els textos, vam fer un dibuix r\u00e0pid i despr\u00e9s els vam llegir en veu alta.<br>Per acabar vam comen\u00e7ar a practicar, per fer el seg\u00fcent dia, representacions de la persona que hav\u00edem descrit.<br>(Pau)<br><br>A l\u2019\u00faltima sessi\u00f3 vem descriure a la nostre mare o pare, jo vaig fer al meu pare vaig fer un text sobre ell i tamb\u00e9 hav\u00edem de dibuixar-lo despr\u00e9s en van donar la feina d\u2019haver d\u2019 interpretar al nostre pare o mare pel seg\u00fcent dimecres.<br><br>I per \u00faltim vam haver d\u2019interpretar a alguna persona de la classe, alg\u00fa sortia a interpretar a un altre i qui ho encertava havia de sortir a davant a fer-ho.<br>(Ivet)<br><br>El ultimo dia vam descriure el nostre mare o al nostre pare en un paper, despr\u00e9s ho vam tenir que llegir davant de tots, al final vam tenir que representar al nostre pare en una actuaci\u00f3, ens han deixat uns dies per veure els moviments i expressions dels nostres pares per poder-los imitar el pr\u00f2xim dia  em va agradar molt perqu\u00e8 era molt divertit.<br>(Nil)<br><br><\/p>\n\n\n\n<figure class=\"wp-block-gallery has-nested-images columns-default is-cropped wp-block-gallery-1 is-layout-flex wp-block-gallery-is-layout-flex\">\n<figure class=\"wp-block-image size-large\"><img loading=\"lazy\" decoding=\"async\" width=\"768\" height=\"1024\" data-id=\"312\" src=\"https:\/\/blocsenresidencia.bcn.cat\/eixample2024\/wp-content\/uploads\/2023\/11\/IMG_20231115_104823-768x1024.jpg\" alt=\"\" class=\"wp-image-312\" srcset=\"https:\/\/blocsenresidencia.bcn.cat\/eixample2024\/wp-content\/uploads\/2023\/11\/IMG_20231115_104823-768x1024.jpg 768w, https:\/\/blocsenresidencia.bcn.cat\/eixample2024\/wp-content\/uploads\/2023\/11\/IMG_20231115_104823-225x300.jpg 225w, https:\/\/blocsenresidencia.bcn.cat\/eixample2024\/wp-content\/uploads\/2023\/11\/IMG_20231115_104823-1152x1536.jpg 1152w, https:\/\/blocsenresidencia.bcn.cat\/eixample2024\/wp-content\/uploads\/2023\/11\/IMG_20231115_104823-1536x2048.jpg 1536w, https:\/\/blocsenresidencia.bcn.cat\/eixample2024\/wp-content\/uploads\/2023\/11\/IMG_20231115_104823-scaled.jpg 1920w\" sizes=\"auto, (max-width: 767px) 89vw, (max-width: 1000px) 54vw, (max-width: 1071px) 543px, 580px\" \/><\/figure>\n<\/figure>\n","protected":false},"excerpt":{"rendered":"<p>A la darrera sessi\u00f3, vam fer unes petites descripcions del nostre pare, mare o tutor legal. Van apar\u00e8ixer molt\u00edssims adjectius diferents. Despr\u00e9s d&#8217;acabar els textos, vam fer un dibuix r\u00e0pid i despr\u00e9s els vam llegir en veu alta.Per acabar vam comen\u00e7ar a practicar, per fer el seg\u00fcent dia, representacions de la persona que hav\u00edem descrit.(Pau) &hellip; <\/p>\n<p class=\"link-more\"><a href=\"https:\/\/blocsenresidencia.bcn.cat\/eixample2024\/com-veieu-als-vostres-pares\/\" class=\"more-link\">Continua llegint <span class=\"screen-reader-text\">\u00abCom veieu als vostres pares\u00bb<\/span><\/a><\/p>\n","protected":false},"author":8,"featured_media":0,"comment_status":"open","ping_status":"open","sticky":false,"template":"","format":"standard","meta":{"footnotes":""},"categories":[1],"tags":[],"class_list":["post-305","post","type-post","status-publish","format-standard","hentry","category-general"],"_links":{"self":[{"href":"https:\/\/blocsenresidencia.bcn.cat\/eixample2024\/wp-json\/wp\/v2\/posts\/305","targetHints":{"allow":["GET"]}}],"collection":[{"href":"https:\/\/blocsenresidencia.bcn.cat\/eixample2024\/wp-json\/wp\/v2\/posts"}],"about":[{"href":"https:\/\/blocsenresidencia.bcn.cat\/eixample2024\/wp-json\/wp\/v2\/types\/post"}],"author":[{"embeddable":true,"href":"https:\/\/blocsenresidencia.bcn.cat\/eixample2024\/wp-json\/wp\/v2\/users\/8"}],"replies":[{"embeddable":true,"href":"https:\/\/blocsenresidencia.bcn.cat\/eixample2024\/wp-json\/wp\/v2\/comments?post=305"}],"version-history":[{"count":2,"href":"https:\/\/blocsenresidencia.bcn.cat\/eixample2024\/wp-json\/wp\/v2\/posts\/305\/revisions"}],"predecessor-version":[{"id":313,"href":"https:\/\/blocsenresidencia.bcn.cat\/eixample2024\/wp-json\/wp\/v2\/posts\/305\/revisions\/313"}],"wp:attachment":[{"href":"https:\/\/blocsenresidencia.bcn.cat\/eixample2024\/wp-json\/wp\/v2\/media?parent=305"}],"wp:term":[{"taxonomy":"category","embeddable":true,"href":"https:\/\/blocsenresidencia.bcn.cat\/eixample2024\/wp-json\/wp\/v2\/categories?post=305"},{"taxonomy":"post_tag","embeddable":true,"href":"https:\/\/blocsenresidencia.bcn.cat\/eixample2024\/wp-json\/wp\/v2\/tags?post=305"}],"curies":[{"name":"wp","href":"https:\/\/api.w.org\/{rel}","templated":true}]}}