{"id":337,"date":"2024-01-22T09:32:18","date_gmt":"2024-01-22T07:32:18","guid":{"rendered":"https:\/\/blocsenresidencia.bcn.cat\/eixample2024\/?p=337"},"modified":"2024-01-22T09:35:21","modified_gmt":"2024-01-22T07:35:21","slug":"sessio-10-el-debat","status":"publish","type":"post","link":"https:\/\/blocsenresidencia.bcn.cat\/eixample2024\/sessio-10-el-debat\/","title":{"rendered":"Sessi\u00f3 10: El debat"},"content":{"rendered":"\n<p>La darrera Sessi\u00f3 vam parlar sobre la gent que no es podia permetre viure en una casa perque ha pujat molt el preu del alquiler i que tenir una casa es un dret no un previlegi en el sal\u00f3 d\u2019actes.<\/p>\n\n\n\n<p>La meva opini\u00f3 sobre el debat en si es que podrien baixar el preu del lloguer o els bancs deixarien cases a la gent que estan passant en un moment dif\u00edcil per un temps.<\/p>\n\n\n\n<p>(John P.) <\/p>\n\n\n\n<p>A la sessi\u00f3 passada vam estar comen\u00e7ant fent estiraments i despr\u00e9s la \u201cmetralleta\u201d que \u00e9s un joc on una persona es posa al mig i tots entren a fer una improvisaci\u00f3 amb la persona del mig. El que va ocupar gran part de la sessi\u00f3 va ser un debat sobre l\u2019habitatge i les desigualtats que feien que la gent no pogu\u00e9s accedir a un habitatge just. Va ser molt interessant perqu\u00e8 vam estar reflexionant sobre lo injust que era que hi hagu\u00e9s gent que no pogu\u00e9s tindre un habitatge digne. Jo personalment penso que \u00e9s injust que no tothom pugui accedir a l&#8217;habitatge, i em va agradar parlar d\u2019aquest temes al cole.<\/p>\n\n\n\n<p>(Laura V.)<\/p>\n\n\n\n<p>Primer, vam fer estiraments (moure el cos, i alguna cosa com \u201cuna dutxa\u201d) i escalfem una mica abans de seguir, despr\u00e9s vam fer un joc que es diu \u201cla metralleta\u201d que consisteix en petites i r\u00e0pides improvisacions, mentre que en el mitj\u00e0 del cercle hi ha una persona (el centre al qual tots han de plantejar-li una situaci\u00f3 en un curt per\u00edode de temps i fuga\u00e7).&nbsp;<\/p>\n\n\n\n<p>La tem\u00e0tica, tant del joc com de la sessi\u00f3, era compartir les nostres opinions sobre la vida laboral i econ\u00f2mica actualment. Tamb\u00e9 sobre la desigualtat de com cada persona t\u00e9 al seu abast tenir una casa en condicions i que no se&#8217;l jutgi per les seves accions o treball. Els impostos i impediments que avui dia s&#8217;exigeixen per a poder tenir un habitatge pugen d&#8217;una manera bastant r\u00e0pida i alhora injusta per a la gent jove que desitja independitzar-se.<\/p>\n\n\n\n<p>La meva opini\u00f3 sobre aquesta classe no \u00e9s molt clara estic d&#8217;acord amb bastantes coses de les quals van sorgir, com la idea que la gent rica pagu\u00e9s una quantitat corresponent al que guanyen i que no es demana el mateix a una persona amb menys possibilitats a una que ha pogut tenir m\u00e9s sort en la vida.<\/p>\n\n\n\n<p>Tamb\u00e9, \u00e9s veritat que com a adolescent, no tinc molt clar les coses que requereixen per parlar sobre aquest tema i no puc parlar des de la meva pr\u00f2pia experi\u00e8ncia, nom\u00e9s del que he pogut veure i escoltar d&#8217;adults coneguts o dels meus propis pares. El tema econ\u00f2mic ha estat un tema que m&#8217;ha tocat molt fort durant un llarg per\u00edode de temps i parlar-ho em costa bastant, per\u00f2 entenc que \u00e9s necessari comentar-ho per a poder canviar-ho.<\/p>\n\n\n\n<p>(Aina M.)<\/p>\n\n\n\n<figure class=\"wp-block-image size-large\"><img loading=\"lazy\" decoding=\"async\" width=\"1024\" height=\"768\" src=\"https:\/\/blocsenresidencia.bcn.cat\/eixample2024\/wp-content\/uploads\/2024\/01\/IMG_20240117_093125-1-1024x768.jpg\" alt=\"\" class=\"wp-image-342\" srcset=\"https:\/\/blocsenresidencia.bcn.cat\/eixample2024\/wp-content\/uploads\/2024\/01\/IMG_20240117_093125-1-1024x768.jpg 1024w, https:\/\/blocsenresidencia.bcn.cat\/eixample2024\/wp-content\/uploads\/2024\/01\/IMG_20240117_093125-1-300x225.jpg 300w, https:\/\/blocsenresidencia.bcn.cat\/eixample2024\/wp-content\/uploads\/2024\/01\/IMG_20240117_093125-1-768x576.jpg 768w, https:\/\/blocsenresidencia.bcn.cat\/eixample2024\/wp-content\/uploads\/2024\/01\/IMG_20240117_093125-1-1536x1152.jpg 1536w, https:\/\/blocsenresidencia.bcn.cat\/eixample2024\/wp-content\/uploads\/2024\/01\/IMG_20240117_093125-1-2048x1536.jpg 2048w\" sizes=\"auto, (max-width: 767px) 89vw, (max-width: 1000px) 54vw, (max-width: 1071px) 543px, 580px\" \/><\/figure>\n\n\n\n<figure class=\"wp-block-image size-large\"><img loading=\"lazy\" decoding=\"async\" width=\"1024\" height=\"768\" src=\"https:\/\/blocsenresidencia.bcn.cat\/eixample2024\/wp-content\/uploads\/2024\/01\/IMG_20240117_093849-1-1024x768.jpg\" alt=\"\" class=\"wp-image-344\" srcset=\"https:\/\/blocsenresidencia.bcn.cat\/eixample2024\/wp-content\/uploads\/2024\/01\/IMG_20240117_093849-1-1024x768.jpg 1024w, https:\/\/blocsenresidencia.bcn.cat\/eixample2024\/wp-content\/uploads\/2024\/01\/IMG_20240117_093849-1-300x225.jpg 300w, https:\/\/blocsenresidencia.bcn.cat\/eixample2024\/wp-content\/uploads\/2024\/01\/IMG_20240117_093849-1-768x576.jpg 768w, https:\/\/blocsenresidencia.bcn.cat\/eixample2024\/wp-content\/uploads\/2024\/01\/IMG_20240117_093849-1-1536x1152.jpg 1536w, https:\/\/blocsenresidencia.bcn.cat\/eixample2024\/wp-content\/uploads\/2024\/01\/IMG_20240117_093849-1-2048x1536.jpg 2048w\" sizes=\"auto, (max-width: 767px) 89vw, (max-width: 1000px) 54vw, (max-width: 1071px) 543px, 580px\" \/><\/figure>\n\n\n\n<figure class=\"wp-block-image size-large\"><img loading=\"lazy\" decoding=\"async\" width=\"768\" height=\"1024\" src=\"https:\/\/blocsenresidencia.bcn.cat\/eixample2024\/wp-content\/uploads\/2024\/01\/IMG_20240117_092441-1-768x1024.jpg\" alt=\"\" class=\"wp-image-345\" srcset=\"https:\/\/blocsenresidencia.bcn.cat\/eixample2024\/wp-content\/uploads\/2024\/01\/IMG_20240117_092441-1-768x1024.jpg 768w, https:\/\/blocsenresidencia.bcn.cat\/eixample2024\/wp-content\/uploads\/2024\/01\/IMG_20240117_092441-1-225x300.jpg 225w, https:\/\/blocsenresidencia.bcn.cat\/eixample2024\/wp-content\/uploads\/2024\/01\/IMG_20240117_092441-1-1152x1536.jpg 1152w, https:\/\/blocsenresidencia.bcn.cat\/eixample2024\/wp-content\/uploads\/2024\/01\/IMG_20240117_092441-1-1536x2048.jpg 1536w, https:\/\/blocsenresidencia.bcn.cat\/eixample2024\/wp-content\/uploads\/2024\/01\/IMG_20240117_092441-1-scaled.jpg 1920w\" sizes=\"auto, (max-width: 767px) 89vw, (max-width: 1000px) 54vw, (max-width: 1071px) 543px, 580px\" \/><\/figure>\n","protected":false},"excerpt":{"rendered":"<p>La darrera Sessi\u00f3 vam parlar sobre la gent que no es podia permetre viure en una casa perque ha pujat molt el preu del alquiler i que tenir una casa es un dret no un previlegi en el sal\u00f3 d\u2019actes. La meva opini\u00f3 sobre el debat en si es que podrien baixar el preu del &hellip; <\/p>\n<p class=\"link-more\"><a href=\"https:\/\/blocsenresidencia.bcn.cat\/eixample2024\/sessio-10-el-debat\/\" class=\"more-link\">Continua llegint <span class=\"screen-reader-text\">\u00abSessi\u00f3 10: El debat\u00bb<\/span><\/a><\/p>\n","protected":false},"author":8,"featured_media":0,"comment_status":"open","ping_status":"open","sticky":false,"template":"","format":"standard","meta":{"footnotes":""},"categories":[1],"tags":[],"class_list":["post-337","post","type-post","status-publish","format-standard","hentry","category-general"],"_links":{"self":[{"href":"https:\/\/blocsenresidencia.bcn.cat\/eixample2024\/wp-json\/wp\/v2\/posts\/337","targetHints":{"allow":["GET"]}}],"collection":[{"href":"https:\/\/blocsenresidencia.bcn.cat\/eixample2024\/wp-json\/wp\/v2\/posts"}],"about":[{"href":"https:\/\/blocsenresidencia.bcn.cat\/eixample2024\/wp-json\/wp\/v2\/types\/post"}],"author":[{"embeddable":true,"href":"https:\/\/blocsenresidencia.bcn.cat\/eixample2024\/wp-json\/wp\/v2\/users\/8"}],"replies":[{"embeddable":true,"href":"https:\/\/blocsenresidencia.bcn.cat\/eixample2024\/wp-json\/wp\/v2\/comments?post=337"}],"version-history":[{"count":3,"href":"https:\/\/blocsenresidencia.bcn.cat\/eixample2024\/wp-json\/wp\/v2\/posts\/337\/revisions"}],"predecessor-version":[{"id":346,"href":"https:\/\/blocsenresidencia.bcn.cat\/eixample2024\/wp-json\/wp\/v2\/posts\/337\/revisions\/346"}],"wp:attachment":[{"href":"https:\/\/blocsenresidencia.bcn.cat\/eixample2024\/wp-json\/wp\/v2\/media?parent=337"}],"wp:term":[{"taxonomy":"category","embeddable":true,"href":"https:\/\/blocsenresidencia.bcn.cat\/eixample2024\/wp-json\/wp\/v2\/categories?post=337"},{"taxonomy":"post_tag","embeddable":true,"href":"https:\/\/blocsenresidencia.bcn.cat\/eixample2024\/wp-json\/wp\/v2\/tags?post=337"}],"curies":[{"name":"wp","href":"https:\/\/api.w.org\/{rel}","templated":true}]}}