{"id":365,"date":"2024-03-11T09:56:51","date_gmt":"2024-03-11T07:56:51","guid":{"rendered":"https:\/\/blocsenresidencia.bcn.cat\/eixample2024\/?p=365"},"modified":"2024-03-11T09:58:38","modified_gmt":"2024-03-11T07:58:38","slug":"sessio-oberta-marc-23-24","status":"publish","type":"post","link":"https:\/\/blocsenresidencia.bcn.cat\/eixample2024\/sessio-oberta-marc-23-24\/","title":{"rendered":"Sessi\u00f3 Oberta mar\u00e7 23-24"},"content":{"rendered":"\n<p>El dimarts vam fer una sessi\u00f3 oberta on van venir tots els professors de l&#8217;escola els quals, els hi vam ensenyar el que hav\u00edem treballat aquests dies. Primer vam fer una petita presentaci\u00f3 on vam tamb\u00e9 posar un v\u00eddeo dels tres porquets i un v\u00eddeo d\u2019un desnonament, a continuaci\u00f3 vam sortir tots menys un grup, a presentar-nos i explicar un concepte que hagu\u00e9ssim treballat, despr\u00e9s  el grup que faltava va fer una obra de teatre dels tres porquets. Per acabar l\u2019acte els professors ens van fer algunes preguntes les quals vam intentar respondre. Ja al final de tot vam fer un pica-pica tots junts.<br>L&#8217;endem\u00e0 vam fer un passa-classes i vam explicar tot el que hav\u00edem treballat durant els dies, i donar la nostra opini\u00f3 de l\u2019assignatura.<br><br>Pau G\u00fcell<br><br><br>Aquesta sessi\u00f3 va ser molt important perqu\u00e8 ha sigut la sessi\u00f3 de portes obertes perqu\u00e8  els profes poguessin veure tot el que hav\u00edem preparat durant aquest curs.<br>La sessi\u00f3 va comen\u00e7ar 1h i 30 m abans que els profes vinguessin a les 13h. Vam comen\u00e7ar practicant l&#8217;obra de &#8220;cricric i los grillos&#8221; (el meu grup) tot va anar molt b\u00e9 l Joana ens donava indicacions de qu\u00e8 millorar. Despr\u00e9s va continuar les persones que expliquen un concepte i van ser les 13h.<br><br>Comen\u00e7a la sessi\u00f3 amb la Joana parlant va donar un discurs (no s\u00e9 qu\u00e8 deia, no ho entenia) despr\u00e9s va posar el v\u00eddeo de Disney dels tres porquets i tot seguit un v\u00eddeo de desnonaments que havien passat no fa molt. Despr\u00e9s van passar a explicar alguns conceptes els estudiants i per finalitzar l&#8217;obra de &#8220;cricric i los grillos&#8221;, a tothom els hi va agradar ( o feien que els hi agradava) despr\u00e9s ens vam asseure per resoldre preguntes.<br>Vam pujar a la classe i vam fer un pica-pica per celebrar-ho.<br><br>Enzo<br><br><br>En la sesi\u00f3n abierta del martes pasado, por fin lleg\u00f3 el d\u00eda de presentar el producto final a los profesores. A la hora de lectura, todos los que participamos en la asignatura bajamos al sal\u00f3n de actos para ensayar y resolver una \u00faltima vez antes de que fuera el cara a cara con los profesores. <br><br>La sesi\u00f3n abierta empezaba con Joana presentando la asignatura y lo que hemos trabajado, a todo esto les pusimos el corto de Disney que hemos visto en clase unas cuantas veces (ya estoy aburrida de \u00e9l) y un video real sobre c\u00f3mo sacaban a la gente de sus casas y la gente se peleaba con la polic\u00eda por quedarse.<br><br>Cuando los v\u00eddeos acabaron, Ivet sali\u00f3 a presentar un poco m\u00e1s a profundidad y a continuaci\u00f3n, sal\u00edan una por una de las personas que ten\u00edan un valor que han aprendido en esta asignatura y explicando una breve definici\u00f3n sobre ese valor.<br><br>Instant\u00e1neamente, despu\u00e9s de eso Laura y yo salimos a hacer una entrevista, ella a m\u00ed. Yo era una directora famosa que ya ven\u00eda de hacer m\u00e1s obras y pel\u00edculas y Laura era una entrevistadora famosa que me hac\u00eda preguntas sobre c\u00f3mo se me ocurri\u00f3 esta idea, por qu\u00e9 decid\u00ed este cuento, qu\u00e9 conoc\u00eda sobre los casos de desahucios.<br><br>Despu\u00e9s de toda esta charla, salieron los actores que iban a interpretar el trozo de la obra que hab\u00edamos estadollevado ensayando desde hace ya unas semanas. Todo fue bastante bien, menos que en mi opini\u00f3n hubo cosas que no estuvieron muy bien controladas,controladas como que el v\u00eddeo del desahucio de antes segu\u00eda reproduci\u00e9ndose o que no hab\u00eda nadie bajo el piano y se viovi\u00f3 como Ivet se meti\u00f3 dentro cuando la obra ya hab\u00eda comenzado.<br><br>Aina <br><\/p>\n\n\n\n\n\n\n\n\n\n<figure class=\"wp-block-gallery has-nested-images columns-default is-cropped wp-block-gallery-1 is-layout-flex wp-block-gallery-is-layout-flex\">\n<figure class=\"wp-block-image size-large\"><img loading=\"lazy\" decoding=\"async\" width=\"1024\" height=\"768\" data-id=\"372\" src=\"https:\/\/blocsenresidencia.bcn.cat\/eixample2024\/wp-content\/uploads\/2024\/03\/IMG_7447-1024x768.jpg\" alt=\"\" class=\"wp-image-372\" srcset=\"https:\/\/blocsenresidencia.bcn.cat\/eixample2024\/wp-content\/uploads\/2024\/03\/IMG_7447-1024x768.jpg 1024w, https:\/\/blocsenresidencia.bcn.cat\/eixample2024\/wp-content\/uploads\/2024\/03\/IMG_7447-300x225.jpg 300w, https:\/\/blocsenresidencia.bcn.cat\/eixample2024\/wp-content\/uploads\/2024\/03\/IMG_7447-768x576.jpg 768w, https:\/\/blocsenresidencia.bcn.cat\/eixample2024\/wp-content\/uploads\/2024\/03\/IMG_7447-1536x1152.jpg 1536w, https:\/\/blocsenresidencia.bcn.cat\/eixample2024\/wp-content\/uploads\/2024\/03\/IMG_7447-2048x1536.jpg 2048w\" sizes=\"auto, (max-width: 767px) 89vw, (max-width: 1000px) 54vw, (max-width: 1071px) 543px, 580px\" \/><\/figure>\n\n\n\n<figure class=\"wp-block-image size-large\"><img loading=\"lazy\" decoding=\"async\" width=\"1024\" height=\"768\" data-id=\"373\" src=\"https:\/\/blocsenresidencia.bcn.cat\/eixample2024\/wp-content\/uploads\/2024\/03\/IMG_7479-1024x768.jpg\" alt=\"\" class=\"wp-image-373\" srcset=\"https:\/\/blocsenresidencia.bcn.cat\/eixample2024\/wp-content\/uploads\/2024\/03\/IMG_7479-1024x768.jpg 1024w, https:\/\/blocsenresidencia.bcn.cat\/eixample2024\/wp-content\/uploads\/2024\/03\/IMG_7479-300x225.jpg 300w, https:\/\/blocsenresidencia.bcn.cat\/eixample2024\/wp-content\/uploads\/2024\/03\/IMG_7479-768x576.jpg 768w, https:\/\/blocsenresidencia.bcn.cat\/eixample2024\/wp-content\/uploads\/2024\/03\/IMG_7479-1536x1152.jpg 1536w, https:\/\/blocsenresidencia.bcn.cat\/eixample2024\/wp-content\/uploads\/2024\/03\/IMG_7479-2048x1536.jpg 2048w\" sizes=\"auto, (max-width: 767px) 89vw, (max-width: 1000px) 54vw, (max-width: 1071px) 543px, 580px\" \/><\/figure>\n<\/figure>\n\n\n\n<figure class=\"wp-block-gallery has-nested-images columns-default is-cropped wp-block-gallery-2 is-layout-flex wp-block-gallery-is-layout-flex\"><\/figure>\n\n\n\n<figure class=\"wp-block-gallery has-nested-images columns-default is-cropped wp-block-gallery-3 is-layout-flex wp-block-gallery-is-layout-flex\"><\/figure>\n\n\n\n<figure class=\"wp-block-gallery has-nested-images columns-default is-cropped wp-block-gallery-4 is-layout-flex wp-block-gallery-is-layout-flex\"><\/figure>\n\n\n\n<figure class=\"wp-block-gallery has-nested-images columns-default is-cropped wp-block-gallery-5 is-layout-flex wp-block-gallery-is-layout-flex\"><\/figure>\n\n\n\n<figure class=\"wp-block-gallery has-nested-images columns-default is-cropped wp-block-gallery-6 is-layout-flex wp-block-gallery-is-layout-flex\"><\/figure>\n\n\n\n\n\n\n\n\n\n\n\n<figure class=\"wp-block-gallery has-nested-images columns-default is-cropped wp-block-gallery-7 is-layout-flex wp-block-gallery-is-layout-flex\"><\/figure>\n\n\n\n<figure class=\"wp-block-gallery has-nested-images columns-default is-cropped wp-block-gallery-8 is-layout-flex wp-block-gallery-is-layout-flex\"><\/figure>\n\n\n\n<figure class=\"wp-block-gallery has-nested-images columns-default is-cropped wp-block-gallery-9 is-layout-flex wp-block-gallery-is-layout-flex\"><\/figure>\n\n\n\n<figure class=\"wp-block-gallery has-nested-images columns-default is-cropped wp-block-gallery-10 is-layout-flex wp-block-gallery-is-layout-flex\"><\/figure>\n\n\n\n<figure class=\"wp-block-gallery has-nested-images columns-default is-cropped wp-block-gallery-11 is-layout-flex wp-block-gallery-is-layout-flex\"><\/figure>\n\n\n\n\n\n\n\n\n\n\n\n\n\n\n\n<figure class=\"wp-block-gallery has-nested-images columns-default is-cropped wp-block-gallery-12 is-layout-flex wp-block-gallery-is-layout-flex\"><\/figure>\n","protected":false},"excerpt":{"rendered":"<p>El dimarts vam fer una sessi\u00f3 oberta on van venir tots els professors de l&#8217;escola els quals, els hi vam ensenyar el que hav\u00edem treballat aquests dies. Primer vam fer una petita presentaci\u00f3 on vam tamb\u00e9 posar un v\u00eddeo dels tres porquets i un v\u00eddeo d\u2019un desnonament, a continuaci\u00f3 vam sortir tots menys un grup, &hellip; <\/p>\n<p class=\"link-more\"><a href=\"https:\/\/blocsenresidencia.bcn.cat\/eixample2024\/sessio-oberta-marc-23-24\/\" class=\"more-link\">Continua llegint <span class=\"screen-reader-text\">\u00abSessi\u00f3 Oberta mar\u00e7 23-24\u00bb<\/span><\/a><\/p>\n","protected":false},"author":8,"featured_media":0,"comment_status":"open","ping_status":"open","sticky":false,"template":"","format":"standard","meta":{"footnotes":""},"categories":[1],"tags":[],"class_list":["post-365","post","type-post","status-publish","format-standard","hentry","category-general"],"_links":{"self":[{"href":"https:\/\/blocsenresidencia.bcn.cat\/eixample2024\/wp-json\/wp\/v2\/posts\/365","targetHints":{"allow":["GET"]}}],"collection":[{"href":"https:\/\/blocsenresidencia.bcn.cat\/eixample2024\/wp-json\/wp\/v2\/posts"}],"about":[{"href":"https:\/\/blocsenresidencia.bcn.cat\/eixample2024\/wp-json\/wp\/v2\/types\/post"}],"author":[{"embeddable":true,"href":"https:\/\/blocsenresidencia.bcn.cat\/eixample2024\/wp-json\/wp\/v2\/users\/8"}],"replies":[{"embeddable":true,"href":"https:\/\/blocsenresidencia.bcn.cat\/eixample2024\/wp-json\/wp\/v2\/comments?post=365"}],"version-history":[{"count":4,"href":"https:\/\/blocsenresidencia.bcn.cat\/eixample2024\/wp-json\/wp\/v2\/posts\/365\/revisions"}],"predecessor-version":[{"id":374,"href":"https:\/\/blocsenresidencia.bcn.cat\/eixample2024\/wp-json\/wp\/v2\/posts\/365\/revisions\/374"}],"wp:attachment":[{"href":"https:\/\/blocsenresidencia.bcn.cat\/eixample2024\/wp-json\/wp\/v2\/media?parent=365"}],"wp:term":[{"taxonomy":"category","embeddable":true,"href":"https:\/\/blocsenresidencia.bcn.cat\/eixample2024\/wp-json\/wp\/v2\/categories?post=365"},{"taxonomy":"post_tag","embeddable":true,"href":"https:\/\/blocsenresidencia.bcn.cat\/eixample2024\/wp-json\/wp\/v2\/tags?post=365"}],"curies":[{"name":"wp","href":"https:\/\/api.w.org\/{rel}","templated":true}]}}