{"id":377,"date":"2024-04-03T14:02:16","date_gmt":"2024-04-03T12:02:16","guid":{"rendered":"https:\/\/blocsenresidencia.bcn.cat\/eixample2024\/?p=377"},"modified":"2024-04-03T14:02:16","modified_gmt":"2024-04-03T12:02:16","slug":"sessio-17-visita-a-lespai-brossa","status":"publish","type":"post","link":"https:\/\/blocsenresidencia.bcn.cat\/eixample2024\/sessio-17-visita-a-lespai-brossa\/","title":{"rendered":"Sessi\u00f3 17: Visita a l&#8217;espai Brossa"},"content":{"rendered":"\n<p>El dimecres passat vam visitar l\u2019Espai Brossa, que pertany a la fundaci\u00f3 amb la que treballem aquest curs.<br><br>Sortim des del col\u00b7legi fins al metre de Passeig de Gr\u00e0cia i d&#8217;aqu\u00ed caminem pel barri  del Born. La primera impressi\u00f3 que vaig tenir sobre el lloc va ser que estava bastant amagat i no era f\u00e0cil de visualitzar-la.<br><br>Per dins de l&#8217;espai hi havia una part de recepci\u00f3 en la qual es podia llegir informaci\u00f3 sobre la hist\u00f2ria de Joan Brossa i de la fundaci\u00f3, despr\u00e9s passem al que va sent \u201cel teatre\u201d, era petit i estaven preparant el atrezzo per a la pr\u00f2xima obra que faran. <br><br>Despr\u00e9s d&#8217;haver pogut estar asseguts durant uns minuts, ens endinsem en la part de museu, que comptava amb diverses activitats interactives per\u00f2, que per desgr\u00e0cia no pod\u00edem usar perqu\u00e8, en ser digitals estaven programades per a encendre&#8217;s a l&#8217;hora a la qual obre el local.<br><br>En la part de baix del museu, es trobaven parts m\u00e9s visuals, com a parts de la decoraci\u00f3 i est\u00e8tica d&#8217;algunes obres interpretades, objectes importants, maquetes\u2026 <br><br>D&#8217;aqu\u00ed passem a veure una mica m\u00e9s del museu i con\u00e8ixer els temes dels quals tractava l&#8217;artista i els seus diferents punts de vista.<br><br>Vam con\u00e8ixer tots els espais, i en concret, l&#8217;espai en el qual treballarem el nostre producte final i vam tenir l&#8217;oportunitat de con\u00e8ixer a la gent que treballa en la instal\u00b7laci\u00f3 i ens van explicar a fons la hist\u00f2ria de Brossa i els diferents c\u00e0rrecs que es necessiten perqu\u00e8 tot surti b\u00e9 en una obra o en el museu.<br><br>A mi, personalment, em va agradar la idea que un museu i un teatre estiguessin junts per\u00f2, sento que els espais es podrien aprofitar una mica millor i canviar de lloc el teatre que estava una mica bastant escairat i no incitava tant com teatres amb m\u00e9s cadires i\/o espai.<br><br>(Aina)<br><br>En aquesta sessi\u00f3 vam sortir de l&#8217;escola, vam anar al Museu Joan Brossa per aix\u00ed poder veure les obres d&#8217;art. Em va sorprendre bastant perqu\u00e8 no me l&#8217;esperava aix\u00ed, ja que hi havia obres bastant estranyes, per\u00f2 va estar molt interessant, perqu\u00e8 mai havia vist una cosa igual.<br><br>Tamb\u00e9 tenen un teatre, el teatre era petit, i era molt estrany, pel fet de que tenien molts peluixos rodejant l&#8217;escenari.<br><br>Personalment, em va agradar molt l&#8217;excursi\u00f3, va ser molt interessant i divertida. Un moment molt divertit va ser quan jo i la Ivet estem rapejant en una sala.<br>En conclusi\u00f3, ho tornar\u00e0 a repetir, ja que va ser entretingut.<br><br>(Eric)<br><br>A la sessi\u00f3 passada vam anar a veure el Museu Joan Brossa, que a m\u00e9s de ser un museu, t\u00e9 exposicions, un teatre i una botiga on venen llibres. Tamb\u00e9 hi havia una part de l&#8217;exposici\u00f3 de Joan Brossa que em va semblar molt interessant, per\u00f2 sobretot l&#8217;exposici\u00f3 de Carlos Santos em va captivar. Despr\u00e9s de visitar les instal\u00b7lacions, vam con\u00e8ixer part de l&#8217;equip de l&#8217;Espai Joan Brossa, que ens va explicar una mica la seva feina.<br><br>(Laura)<\/p>\n\n\n\n<figure class=\"wp-block-gallery has-nested-images columns-default is-cropped wp-block-gallery-1 is-layout-flex wp-block-gallery-is-layout-flex\">\n<figure class=\"wp-block-image size-large\"><img loading=\"lazy\" decoding=\"async\" width=\"1024\" height=\"768\" data-id=\"382\" src=\"https:\/\/blocsenresidencia.bcn.cat\/eixample2024\/wp-content\/uploads\/2024\/04\/IMG_20240320_094155-1024x768.jpg\" alt=\"\" class=\"wp-image-382\" srcset=\"https:\/\/blocsenresidencia.bcn.cat\/eixample2024\/wp-content\/uploads\/2024\/04\/IMG_20240320_094155-1024x768.jpg 1024w, https:\/\/blocsenresidencia.bcn.cat\/eixample2024\/wp-content\/uploads\/2024\/04\/IMG_20240320_094155-300x225.jpg 300w, https:\/\/blocsenresidencia.bcn.cat\/eixample2024\/wp-content\/uploads\/2024\/04\/IMG_20240320_094155-768x576.jpg 768w, https:\/\/blocsenresidencia.bcn.cat\/eixample2024\/wp-content\/uploads\/2024\/04\/IMG_20240320_094155-1536x1152.jpg 1536w, https:\/\/blocsenresidencia.bcn.cat\/eixample2024\/wp-content\/uploads\/2024\/04\/IMG_20240320_094155-2048x1536.jpg 2048w\" sizes=\"auto, (max-width: 767px) 89vw, (max-width: 1000px) 54vw, (max-width: 1071px) 543px, 580px\" \/><figcaption class=\"wp-element-caption\">filter: 0; jpegRotation: 0; fileterIntensity: 0.000000; filterMask: 0; module:1facing:0; \nhw-remosaic: 0; \ntouch: (-1.0, -1.0); \nmodeInfo: ; \nsceneMode: Night; \ncct_value: 4444; \nAI_Scene: (-1, -1); \naec_lux: 71.0; \nhist255: 0.0; \nhist252~255: 0.0; \nhist0~15: 0.0;<\/figcaption><\/figure>\n\n\n\n<figure class=\"wp-block-image size-large\"><img loading=\"lazy\" decoding=\"async\" width=\"768\" height=\"1024\" data-id=\"380\" src=\"https:\/\/blocsenresidencia.bcn.cat\/eixample2024\/wp-content\/uploads\/2024\/04\/IMG_20240320_102001-768x1024.jpg\" alt=\"\" class=\"wp-image-380\" srcset=\"https:\/\/blocsenresidencia.bcn.cat\/eixample2024\/wp-content\/uploads\/2024\/04\/IMG_20240320_102001-768x1024.jpg 768w, https:\/\/blocsenresidencia.bcn.cat\/eixample2024\/wp-content\/uploads\/2024\/04\/IMG_20240320_102001-225x300.jpg 225w, https:\/\/blocsenresidencia.bcn.cat\/eixample2024\/wp-content\/uploads\/2024\/04\/IMG_20240320_102001-1152x1536.jpg 1152w, https:\/\/blocsenresidencia.bcn.cat\/eixample2024\/wp-content\/uploads\/2024\/04\/IMG_20240320_102001-1536x2048.jpg 1536w, https:\/\/blocsenresidencia.bcn.cat\/eixample2024\/wp-content\/uploads\/2024\/04\/IMG_20240320_102001-scaled.jpg 1920w\" sizes=\"auto, (max-width: 767px) 89vw, (max-width: 1000px) 54vw, (max-width: 1071px) 543px, 580px\" \/><figcaption class=\"wp-element-caption\">filter: 0; jpegRotation: 90; fileterIntensity: 0.000000; filterMask: 0; module:1facing:0; \nhw-remosaic: 0; \ntouch: (-1.0, -1.0); \nmodeInfo: ; \nsceneMode: Night; \ncct_value: 4566; \nAI_Scene: (-1, -1); \naec_lux: 97.0; \nhist255: 0.0; \nhist252~255: 0.0; \nhist0~15: 0.0;<\/figcaption><\/figure>\n\n\n\n<figure class=\"wp-block-image size-large\"><img loading=\"lazy\" decoding=\"async\" width=\"768\" height=\"1024\" data-id=\"381\" src=\"https:\/\/blocsenresidencia.bcn.cat\/eixample2024\/wp-content\/uploads\/2024\/04\/IMG_20240320_094254-768x1024.jpg\" alt=\"\" class=\"wp-image-381\" srcset=\"https:\/\/blocsenresidencia.bcn.cat\/eixample2024\/wp-content\/uploads\/2024\/04\/IMG_20240320_094254-768x1024.jpg 768w, https:\/\/blocsenresidencia.bcn.cat\/eixample2024\/wp-content\/uploads\/2024\/04\/IMG_20240320_094254-225x300.jpg 225w, https:\/\/blocsenresidencia.bcn.cat\/eixample2024\/wp-content\/uploads\/2024\/04\/IMG_20240320_094254-1152x1536.jpg 1152w, https:\/\/blocsenresidencia.bcn.cat\/eixample2024\/wp-content\/uploads\/2024\/04\/IMG_20240320_094254-1536x2048.jpg 1536w, https:\/\/blocsenresidencia.bcn.cat\/eixample2024\/wp-content\/uploads\/2024\/04\/IMG_20240320_094254-scaled.jpg 1920w\" sizes=\"auto, (max-width: 767px) 89vw, (max-width: 1000px) 54vw, (max-width: 1071px) 543px, 580px\" \/><figcaption class=\"wp-element-caption\">filter: 0; jpegRotation: 90; fileterIntensity: 0.000000; filterMask: 0; module:1facing:0; \nhw-remosaic: 0; \ntouch: (-1.0, -1.0); \nmodeInfo: ; \nsceneMode: Night; \ncct_value: 4651; \nAI_Scene: (-1, -1); \naec_lux: 79.0; \nhist255: 0.0; \nhist252~255: 0.0; \nhist0~15: 0.0;<\/figcaption><\/figure>\n<\/figure>\n","protected":false},"excerpt":{"rendered":"<p>El dimecres passat vam visitar l\u2019Espai Brossa, que pertany a la fundaci\u00f3 amb la que treballem aquest curs. Sortim des del col\u00b7legi fins al metre de Passeig de Gr\u00e0cia i d&#8217;aqu\u00ed caminem pel barri del Born. La primera impressi\u00f3 que vaig tenir sobre el lloc va ser que estava bastant amagat i no era f\u00e0cil &hellip; <\/p>\n<p class=\"link-more\"><a href=\"https:\/\/blocsenresidencia.bcn.cat\/eixample2024\/sessio-17-visita-a-lespai-brossa\/\" class=\"more-link\">Continua llegint <span class=\"screen-reader-text\">\u00abSessi\u00f3 17: Visita a l&#8217;espai Brossa\u00bb<\/span><\/a><\/p>\n","protected":false},"author":8,"featured_media":0,"comment_status":"open","ping_status":"open","sticky":false,"template":"","format":"standard","meta":{"footnotes":""},"categories":[1],"tags":[],"class_list":["post-377","post","type-post","status-publish","format-standard","hentry","category-general"],"_links":{"self":[{"href":"https:\/\/blocsenresidencia.bcn.cat\/eixample2024\/wp-json\/wp\/v2\/posts\/377","targetHints":{"allow":["GET"]}}],"collection":[{"href":"https:\/\/blocsenresidencia.bcn.cat\/eixample2024\/wp-json\/wp\/v2\/posts"}],"about":[{"href":"https:\/\/blocsenresidencia.bcn.cat\/eixample2024\/wp-json\/wp\/v2\/types\/post"}],"author":[{"embeddable":true,"href":"https:\/\/blocsenresidencia.bcn.cat\/eixample2024\/wp-json\/wp\/v2\/users\/8"}],"replies":[{"embeddable":true,"href":"https:\/\/blocsenresidencia.bcn.cat\/eixample2024\/wp-json\/wp\/v2\/comments?post=377"}],"version-history":[{"count":2,"href":"https:\/\/blocsenresidencia.bcn.cat\/eixample2024\/wp-json\/wp\/v2\/posts\/377\/revisions"}],"predecessor-version":[{"id":383,"href":"https:\/\/blocsenresidencia.bcn.cat\/eixample2024\/wp-json\/wp\/v2\/posts\/377\/revisions\/383"}],"wp:attachment":[{"href":"https:\/\/blocsenresidencia.bcn.cat\/eixample2024\/wp-json\/wp\/v2\/media?parent=377"}],"wp:term":[{"taxonomy":"category","embeddable":true,"href":"https:\/\/blocsenresidencia.bcn.cat\/eixample2024\/wp-json\/wp\/v2\/categories?post=377"},{"taxonomy":"post_tag","embeddable":true,"href":"https:\/\/blocsenresidencia.bcn.cat\/eixample2024\/wp-json\/wp\/v2\/tags?post=377"}],"curies":[{"name":"wp","href":"https:\/\/api.w.org\/{rel}","templated":true}]}}