{"id":122,"date":"2022-12-12T14:14:52","date_gmt":"2022-12-12T12:14:52","guid":{"rendered":"https:\/\/blocsenresidencia.bcn.cat\/eljoncar2023\/?p=122"},"modified":"2023-01-11T17:52:48","modified_gmt":"2023-01-11T15:52:48","slug":"1a-ruta-pel-barri-carrer-maria-aguilo-i-rambla-del-poblenou","status":"publish","type":"post","link":"https:\/\/blocsenresidencia.bcn.cat\/eljoncar2023\/2022\/12\/12\/1a-ruta-pel-barri-carrer-maria-aguilo-i-rambla-del-poblenou\/","title":{"rendered":"1a RUTA PEL BARRI: Carrer Mari\u00e0 Aguil\u00f3 i Rambla del Poblenou"},"content":{"rendered":"\n<p>Observar, reflexionar i anotar. Les consignes per a la sortida s\u00f3n:<\/p>\n\n\n\n<p>Registrar en la llibreta d\u2019artista tres llocs que us cridin l\u2019atenci\u00f3:<\/p>\n\n\n\n<p>\u25cfRegistre fotogr\u00e0fic<\/p>\n\n\n\n<p>\u25cfRegistre gr\u00e0fic<\/p>\n\n\n\n<p>\u25cfRegistre escrit<\/p>\n\n\n\n<p>Posar atenci\u00f3 en els comer\u00e7os i en l\u2019arquitectura:<\/p>\n\n\n\n<p>\u25cfAspectes hist\u00f2rics o del passat.<\/p>\n\n\n\n<p>\u25cfConflu\u00e8ncia de diferents \u00e8poques.<\/p>\n\n\n\n<p>\u25cfConstruccions particulars.<\/p>\n\n\n\n<p><\/p>\n\n\n\n<p>Sortim al carrer per primer cop amb les llibretes d\u2019artistes.<\/p>\n\n\n\n<figure class=\"wp-block-image size-large\"><img loading=\"lazy\" decoding=\"async\" width=\"1024\" height=\"462\" src=\"https:\/\/blocsenresidencia.bcn.cat\/eljoncar2023\/wp-content\/uploads\/2022\/12\/image-44-1024x462.png\" alt=\"\" class=\"wp-image-123\" srcset=\"https:\/\/blocsenresidencia.bcn.cat\/eljoncar2023\/wp-content\/uploads\/2022\/12\/image-44-1024x462.png 1024w, https:\/\/blocsenresidencia.bcn.cat\/eljoncar2023\/wp-content\/uploads\/2022\/12\/image-44-300x135.png 300w, https:\/\/blocsenresidencia.bcn.cat\/eljoncar2023\/wp-content\/uploads\/2022\/12\/image-44-768x346.png 768w, https:\/\/blocsenresidencia.bcn.cat\/eljoncar2023\/wp-content\/uploads\/2022\/12\/image-44.png 1502w\" sizes=\"auto, (max-width: 767px) 89vw, (max-width: 1000px) 54vw, (max-width: 1071px) 543px, 580px\" \/><\/figure>\n\n\n\n<p>Primera aturada: carnisseria &#8216;Pont&#8217; que est\u00e0 a cent metros d\u2019El Joncar. \u00c9s un comer\u00e7 que porta quatre generacions hi ha clientes que ja hi venien des des petites i ara tenen 80 anys! Ens fixem en un gran dibuix el qual \u00e9s un facs\u00edmil d\u2019una foto dels anys 50.<\/p>\n\n\n\n<figure class=\"wp-block-image size-full\"><img loading=\"lazy\" decoding=\"async\" width=\"990\" height=\"846\" src=\"https:\/\/blocsenresidencia.bcn.cat\/eljoncar2023\/wp-content\/uploads\/2022\/12\/image-45.png\" alt=\"\" class=\"wp-image-124\" srcset=\"https:\/\/blocsenresidencia.bcn.cat\/eljoncar2023\/wp-content\/uploads\/2022\/12\/image-45.png 990w, https:\/\/blocsenresidencia.bcn.cat\/eljoncar2023\/wp-content\/uploads\/2022\/12\/image-45-300x256.png 300w, https:\/\/blocsenresidencia.bcn.cat\/eljoncar2023\/wp-content\/uploads\/2022\/12\/image-45-768x656.png 768w\" sizes=\"auto, (max-width: 767px) 89vw, (max-width: 1000px) 54vw, (max-width: 1071px) 543px, 580px\" \/><\/figure>\n\n\n\n<figure class=\"wp-block-image size-large\"><img loading=\"lazy\" decoding=\"async\" width=\"1024\" height=\"462\" src=\"https:\/\/blocsenresidencia.bcn.cat\/eljoncar2023\/wp-content\/uploads\/2022\/12\/image-46-1024x462.png\" alt=\"\" class=\"wp-image-125\" srcset=\"https:\/\/blocsenresidencia.bcn.cat\/eljoncar2023\/wp-content\/uploads\/2022\/12\/image-46-1024x462.png 1024w, https:\/\/blocsenresidencia.bcn.cat\/eljoncar2023\/wp-content\/uploads\/2022\/12\/image-46-300x135.png 300w, https:\/\/blocsenresidencia.bcn.cat\/eljoncar2023\/wp-content\/uploads\/2022\/12\/image-46-768x347.png 768w, https:\/\/blocsenresidencia.bcn.cat\/eljoncar2023\/wp-content\/uploads\/2022\/12\/image-46.png 1502w\" sizes=\"auto, (max-width: 767px) 89vw, (max-width: 1000px) 54vw, (max-width: 1071px) 543px, 580px\" \/><\/figure>\n\n\n\n<p>Ens sorprenen les llambordes dibuixades i que el taulell encara \u00e9st\u00e0 al mateix lloc.<\/p>\n\n\n\n<p>Observem diverses superposicions temporals:<\/p>\n\n\n\n<p>\u25cfEl dibuix i la impressi\u00f3 tenen cinc anys per\u00f2 representa m\u00e9s de 70.<\/p>\n\n\n\n<p>\u25cfA sobre del dibuix hi ha una pantalla de n\u00famero de cua que contrasta amb el dibuix antic. El terra \u00e9s nou per\u00f2 emula l\u2019antic mos\u00e0ic hidr\u00e0ulic.<\/p>\n\n\n\n<p>Unes passes m\u00e9s endavant ens sorpr\u00e9n el feix de cables del tel\u00e8fon i internet enganxats a la fa\u00e7ana d&#8217;un edifici d&#8217;habitatges de principi del segle XX.<\/p>\n\n\n\n<figure class=\"wp-block-image size-full\"><img loading=\"lazy\" decoding=\"async\" width=\"432\" height=\"846\" src=\"https:\/\/blocsenresidencia.bcn.cat\/eljoncar2023\/wp-content\/uploads\/2022\/12\/image-47.png\" alt=\"\" class=\"wp-image-126\" srcset=\"https:\/\/blocsenresidencia.bcn.cat\/eljoncar2023\/wp-content\/uploads\/2022\/12\/image-47.png 432w, https:\/\/blocsenresidencia.bcn.cat\/eljoncar2023\/wp-content\/uploads\/2022\/12\/image-47-153x300.png 153w\" sizes=\"auto, (max-width: 432px) 100vw, 432px\" \/><\/figure>\n\n\n\n<p>M\u00e9s enll\u00e0 d&#8217;opinar si ens agrada o no o si \u00e9s lleig, observem el vessant est\u00e8tic i el significat.<\/p>\n\n\n\n<p>Pel vessant est\u00e8tic observem unes caixes negres i grises, desiguales, del tamany d&#8217;una capsa de sabates, enganxades a uns 3 metres, per\u00f2 de manera irregular, \u00e9s a dir sense cap pretensi\u00f3 d&#8217;ordre ni harmonia. De les caixes surten cables negres que s&#8217;enfilen pel mur fins que troben una cornisa i des d&#8217;aquesta van cap a l&#8217;esquerra o la dreta. La fa\u00e7ana t\u00e9 arcs de mig punt, uns gravats que representen pedres i cornises i balconades. En el seu conjunt segueix una composici\u00f3 concreta amb sentit harm\u00f2nic. Sobre la fa\u00e7ana trobem nombrosos cartells que anuncien productes, el nom comer\u00e7, etc. El contrast entre elements moderns i desendre\u00e7ats i antics i harm\u00f2nics \u00e9s evident. Ara toca preguntar-se quin significat en podem extreure.<\/p>\n\n\n\n<p>Cent metres m\u00e9s endavant a la dreta s&#8217;obre un carrer\u00f3 que es diu carrer de l&#8217;Ebre. Aquest carrer\u00f3 antic i estret sembla com si no tingu\u00e9s sortida, per\u00f2 una antiga porta d&#8217;un taller mec\u00e0nic que ja no existeix, dona entrada a un gran parc di\u00e0fan, llumin\u00f3s i envoltat d&#8217;edificis moderns. El contrast \u00e9s molt gran. Curiosament, l&#8217;antic nom del &#8220;Garage Saladrigues&#8221; dur el mateix nom que l&#8217;antiga f\u00e0brica t\u00e8xtil que allotja ara el nostre institut.<\/p>\n\n\n\n<figure class=\"wp-block-image size-full\"><img loading=\"lazy\" decoding=\"async\" width=\"463\" height=\"846\" src=\"https:\/\/blocsenresidencia.bcn.cat\/eljoncar2023\/wp-content\/uploads\/2022\/12\/image-48.png\" alt=\"\" class=\"wp-image-127\" srcset=\"https:\/\/blocsenresidencia.bcn.cat\/eljoncar2023\/wp-content\/uploads\/2022\/12\/image-48.png 463w, https:\/\/blocsenresidencia.bcn.cat\/eljoncar2023\/wp-content\/uploads\/2022\/12\/image-48-164x300.png 164w\" sizes=\"auto, (max-width: 463px) 100vw, 463px\" \/><\/figure>\n\n\n\n<p>Al fons del carrer\u00f3 ens trobem una porta i una finestra tapiades. La porta encara conserva el n\u00famero 4 del carrer. I un pam amunt hi ha un cartell que prohibeix jugar a futbol.<\/p>\n\n\n\n<figure class=\"wp-block-image size-full\"><img loading=\"lazy\" decoding=\"async\" width=\"568\" height=\"846\" src=\"https:\/\/blocsenresidencia.bcn.cat\/eljoncar2023\/wp-content\/uploads\/2022\/12\/image-49.png\" alt=\"\" class=\"wp-image-128\" srcset=\"https:\/\/blocsenresidencia.bcn.cat\/eljoncar2023\/wp-content\/uploads\/2022\/12\/image-49.png 568w, https:\/\/blocsenresidencia.bcn.cat\/eljoncar2023\/wp-content\/uploads\/2022\/12\/image-49-201x300.png 201w\" sizes=\"auto, (max-width: 568px) 100vw, 568px\" \/><\/figure>\n\n\n\n<p>Algun alumne es pregunta qu\u00e8 ha passat o qu\u00e8 hi ha darrere del mur ara. Observem l&#8217;est\u00e8tica de l&#8217;abandonament: la humitat est\u00e0 pelant la paret i fa caure el ciment i deixa veure diferents capes i el ma\u00f3. La paret \u00e9s totalment grisa, per\u00f2 no de color sin\u00f3 d&#8217;aband\u00f3. Tamb\u00e9 unes herbes creixen davant de l&#8217;antiga porta.<\/p>\n\n\n\n<p>Quan travessem el carrer Pujades ens trobem una farm\u00e0cia que dedu\u00efm que deu ser tan antiga com la carnisseria. A aquesta conclusi\u00f3 arribem perqu\u00e8 a la fa\u00e7ana es mant\u00e9 un gran r\u00e8tol d&#8217;\u00e8poca fet amb rajoles. Aquest r\u00e8tol destaca en la sobrietat de la resta de l&#8217;edifici. El text \u00e9s en castell\u00e0, incl\u00fas el nom del barri. El r\u00e8tol fet de rajoles atrau m\u00e9s l&#8217;atenci\u00f3 que no pas els r\u00e8tols lluminosos. Observem l&#8217;esgrafiat representant una balustrada.<\/p>\n\n\n\n<figure class=\"wp-block-image size-large\"><img loading=\"lazy\" decoding=\"async\" width=\"1024\" height=\"462\" src=\"https:\/\/blocsenresidencia.bcn.cat\/eljoncar2023\/wp-content\/uploads\/2022\/12\/image-50-1024x462.png\" alt=\"\" class=\"wp-image-129\" srcset=\"https:\/\/blocsenresidencia.bcn.cat\/eljoncar2023\/wp-content\/uploads\/2022\/12\/image-50-1024x462.png 1024w, https:\/\/blocsenresidencia.bcn.cat\/eljoncar2023\/wp-content\/uploads\/2022\/12\/image-50-300x135.png 300w, https:\/\/blocsenresidencia.bcn.cat\/eljoncar2023\/wp-content\/uploads\/2022\/12\/image-50-768x347.png 768w, https:\/\/blocsenresidencia.bcn.cat\/eljoncar2023\/wp-content\/uploads\/2022\/12\/image-50.png 1502w\" sizes=\"auto, (max-width: 767px) 89vw, (max-width: 1000px) 54vw, (max-width: 1071px) 543px, 580px\" \/><\/figure>\n\n\n\n<p>Arribem a Can Felipa, una antiga f\u00e0brica dedicada al sector t\u00e8xtil que avui dia allotja equipament municipal. La f\u00e0brica \u00e9s diferent de la resta de f\u00e0briques de l&#8217;\u00e8poca, ja que no est\u00e0 constru\u00efda de maons. M\u00e9s aviat sembla una casa d&#8217;indians. La gran fa\u00e7ana blanca queda interrompuda per edifici annex m\u00e9s modern. Hem observat els grafits sobre l&#8217;edifici annex i n&#8217;hem parlat: s\u00f3n obres d&#8217;art o vandalisme? Els alumnes ho tenen clar: s\u00f3n obres d&#8217;art. A un alumne no li agrada no poder veure la f\u00e0brica sencera.<\/p>\n\n\n\n<figure class=\"wp-block-image size-large\"><img loading=\"lazy\" decoding=\"async\" width=\"1024\" height=\"462\" src=\"https:\/\/blocsenresidencia.bcn.cat\/eljoncar2023\/wp-content\/uploads\/2022\/12\/image-51-1024x462.png\" alt=\"\" class=\"wp-image-130\" srcset=\"https:\/\/blocsenresidencia.bcn.cat\/eljoncar2023\/wp-content\/uploads\/2022\/12\/image-51-1024x462.png 1024w, https:\/\/blocsenresidencia.bcn.cat\/eljoncar2023\/wp-content\/uploads\/2022\/12\/image-51-300x135.png 300w, https:\/\/blocsenresidencia.bcn.cat\/eljoncar2023\/wp-content\/uploads\/2022\/12\/image-51-768x346.png 768w, https:\/\/blocsenresidencia.bcn.cat\/eljoncar2023\/wp-content\/uploads\/2022\/12\/image-51.png 1348w\" sizes=\"auto, (max-width: 767px) 89vw, (max-width: 1000px) 54vw, (max-width: 1071px) 543px, 580px\" \/><\/figure>\n\n\n\n<p>Can Felipa va ser el punt m\u00e9s lluny\u00e0 de la ruta. La tornada la fem per la Rambla, que t\u00e9 edificis m\u00e9s ornamentats i balconades. Un alumne observa que alg\u00fa ha enganxat sobre un arbre diverses cartolines amb collages. La cartolina barreja text, amb imatges antigues i noves. El missatge \u00e9s reivindicatiu: \u00e9s una den\u00fancia de la p\u00e8rdua de mem\u00f2ria del barri en favor de la gentrificaci\u00f3 i el turisme. \u00c9s una gran troballa!!!<\/p>\n\n\n\n<figure class=\"wp-block-image size-large\"><img loading=\"lazy\" decoding=\"async\" width=\"1024\" height=\"462\" src=\"https:\/\/blocsenresidencia.bcn.cat\/eljoncar2023\/wp-content\/uploads\/2022\/12\/image-52-1024x462.png\" alt=\"\" class=\"wp-image-131\" srcset=\"https:\/\/blocsenresidencia.bcn.cat\/eljoncar2023\/wp-content\/uploads\/2022\/12\/image-52-1024x462.png 1024w, https:\/\/blocsenresidencia.bcn.cat\/eljoncar2023\/wp-content\/uploads\/2022\/12\/image-52-300x135.png 300w, https:\/\/blocsenresidencia.bcn.cat\/eljoncar2023\/wp-content\/uploads\/2022\/12\/image-52-768x347.png 768w, https:\/\/blocsenresidencia.bcn.cat\/eljoncar2023\/wp-content\/uploads\/2022\/12\/image-52.png 1502w\" sizes=\"auto, (max-width: 767px) 89vw, (max-width: 1000px) 54vw, (max-width: 1071px) 543px, 580px\" \/><\/figure>\n","protected":false},"excerpt":{"rendered":"<p>Observar, reflexionar i anotar. Les consignes per a la sortida s\u00f3n: Registrar en la llibreta d\u2019artista tres llocs que us cridin l\u2019atenci\u00f3: \u25cfRegistre fotogr\u00e0fic \u25cfRegistre gr\u00e0fic \u25cfRegistre escrit Posar atenci\u00f3 en els comer\u00e7os i en l\u2019arquitectura: \u25cfAspectes hist\u00f2rics o del passat. \u25cfConflu\u00e8ncia de diferents \u00e8poques. \u25cfConstruccions particulars. Sortim al carrer per primer cop amb les &hellip; <\/p>\n<p class=\"link-more\"><a href=\"https:\/\/blocsenresidencia.bcn.cat\/eljoncar2023\/2022\/12\/12\/1a-ruta-pel-barri-carrer-maria-aguilo-i-rambla-del-poblenou\/\" class=\"more-link\">Continua llegint <span class=\"screen-reader-text\">\u00ab1a RUTA PEL BARRI: Carrer Mari\u00e0 Aguil\u00f3 i Rambla del Poblenou\u00bb<\/span><\/a><\/p>\n","protected":false},"author":3,"featured_media":0,"comment_status":"open","ping_status":"open","sticky":false,"template":"","format":"standard","meta":{"footnotes":""},"categories":[1],"tags":[],"class_list":["post-122","post","type-post","status-publish","format-standard","hentry","category-general"],"_links":{"self":[{"href":"https:\/\/blocsenresidencia.bcn.cat\/eljoncar2023\/wp-json\/wp\/v2\/posts\/122","targetHints":{"allow":["GET"]}}],"collection":[{"href":"https:\/\/blocsenresidencia.bcn.cat\/eljoncar2023\/wp-json\/wp\/v2\/posts"}],"about":[{"href":"https:\/\/blocsenresidencia.bcn.cat\/eljoncar2023\/wp-json\/wp\/v2\/types\/post"}],"author":[{"embeddable":true,"href":"https:\/\/blocsenresidencia.bcn.cat\/eljoncar2023\/wp-json\/wp\/v2\/users\/3"}],"replies":[{"embeddable":true,"href":"https:\/\/blocsenresidencia.bcn.cat\/eljoncar2023\/wp-json\/wp\/v2\/comments?post=122"}],"version-history":[{"count":2,"href":"https:\/\/blocsenresidencia.bcn.cat\/eljoncar2023\/wp-json\/wp\/v2\/posts\/122\/revisions"}],"predecessor-version":[{"id":133,"href":"https:\/\/blocsenresidencia.bcn.cat\/eljoncar2023\/wp-json\/wp\/v2\/posts\/122\/revisions\/133"}],"wp:attachment":[{"href":"https:\/\/blocsenresidencia.bcn.cat\/eljoncar2023\/wp-json\/wp\/v2\/media?parent=122"}],"wp:term":[{"taxonomy":"category","embeddable":true,"href":"https:\/\/blocsenresidencia.bcn.cat\/eljoncar2023\/wp-json\/wp\/v2\/categories?post=122"},{"taxonomy":"post_tag","embeddable":true,"href":"https:\/\/blocsenresidencia.bcn.cat\/eljoncar2023\/wp-json\/wp\/v2\/tags?post=122"}],"curies":[{"name":"wp","href":"https:\/\/api.w.org\/{rel}","templated":true}]}}