{"id":141,"date":"2023-04-05T13:28:31","date_gmt":"2023-04-05T11:28:31","guid":{"rendered":"https:\/\/blocsenresidencia.bcn.cat\/eljoncar2023\/?p=141"},"modified":"2023-04-05T13:28:31","modified_gmt":"2023-04-05T11:28:31","slug":"sessio-contaminacio","status":"publish","type":"post","link":"https:\/\/blocsenresidencia.bcn.cat\/eljoncar2023\/2023\/04\/05\/sessio-contaminacio\/","title":{"rendered":"Sessi\u00f3 contaminaci\u00f3"},"content":{"rendered":"\n<p>El dimecres  1 de mar\u00e7 vam compartir als docents del centre el proc\u00e9s que fins ara hav\u00edem fet amb l&#8217;artista Marta Bisbal, les derives pel barri, la pla\u00e7a Prim, les trobades amb persones del barri&#8230; <\/p>\n\n\n\n<p>Tamb\u00e9 vam fer una pr\u00e0ctica que hav\u00edem fet en una de les primeres sessions, que per nosaltres representa el proc\u00e9s que fins ara hem anat teixint.<\/p>\n\n\n\n<figure class=\"wp-block-image size-large\"><img loading=\"lazy\" decoding=\"async\" width=\"1024\" height=\"683\" src=\"https:\/\/blocsenresidencia.bcn.cat\/eljoncar2023\/wp-content\/uploads\/2023\/04\/230301_SessioContaminacio5-1024x683.jpg\" alt=\"\" class=\"wp-image-145\" srcset=\"https:\/\/blocsenresidencia.bcn.cat\/eljoncar2023\/wp-content\/uploads\/2023\/04\/230301_SessioContaminacio5-1024x683.jpg 1024w, https:\/\/blocsenresidencia.bcn.cat\/eljoncar2023\/wp-content\/uploads\/2023\/04\/230301_SessioContaminacio5-300x200.jpg 300w, https:\/\/blocsenresidencia.bcn.cat\/eljoncar2023\/wp-content\/uploads\/2023\/04\/230301_SessioContaminacio5-768x512.jpg 768w\" sizes=\"auto, (max-width: 767px) 89vw, (max-width: 1000px) 54vw, (max-width: 1071px) 543px, 580px\" \/><\/figure>\n\n\n\n<figure class=\"wp-block-image size-large\"><img loading=\"lazy\" decoding=\"async\" width=\"1024\" height=\"683\" src=\"https:\/\/blocsenresidencia.bcn.cat\/eljoncar2023\/wp-content\/uploads\/2023\/04\/230301_SessioContaminacio6-1024x683.jpg\" alt=\"\" class=\"wp-image-143\" srcset=\"https:\/\/blocsenresidencia.bcn.cat\/eljoncar2023\/wp-content\/uploads\/2023\/04\/230301_SessioContaminacio6-1024x683.jpg 1024w, https:\/\/blocsenresidencia.bcn.cat\/eljoncar2023\/wp-content\/uploads\/2023\/04\/230301_SessioContaminacio6-300x200.jpg 300w, https:\/\/blocsenresidencia.bcn.cat\/eljoncar2023\/wp-content\/uploads\/2023\/04\/230301_SessioContaminacio6-768x512.jpg 768w\" sizes=\"auto, (max-width: 767px) 89vw, (max-width: 1000px) 54vw, (max-width: 1071px) 543px, 580px\" \/><\/figure>\n\n\n\n<figure class=\"wp-block-image size-large\"><img loading=\"lazy\" decoding=\"async\" width=\"1024\" height=\"683\" src=\"https:\/\/blocsenresidencia.bcn.cat\/eljoncar2023\/wp-content\/uploads\/2023\/04\/230301_SessioContaminacio17-1024x683.jpg\" alt=\"\" class=\"wp-image-146\" srcset=\"https:\/\/blocsenresidencia.bcn.cat\/eljoncar2023\/wp-content\/uploads\/2023\/04\/230301_SessioContaminacio17-1024x683.jpg 1024w, https:\/\/blocsenresidencia.bcn.cat\/eljoncar2023\/wp-content\/uploads\/2023\/04\/230301_SessioContaminacio17-300x200.jpg 300w, https:\/\/blocsenresidencia.bcn.cat\/eljoncar2023\/wp-content\/uploads\/2023\/04\/230301_SessioContaminacio17-768x512.jpg 768w\" sizes=\"auto, (max-width: 767px) 89vw, (max-width: 1000px) 54vw, (max-width: 1071px) 543px, 580px\" \/><\/figure>\n\n\n\n<figure class=\"wp-block-image size-large\"><img loading=\"lazy\" decoding=\"async\" width=\"1024\" height=\"683\" src=\"https:\/\/blocsenresidencia.bcn.cat\/eljoncar2023\/wp-content\/uploads\/2023\/04\/230301_SessioContaminacio15-1024x683.jpg\" alt=\"\" class=\"wp-image-142\" srcset=\"https:\/\/blocsenresidencia.bcn.cat\/eljoncar2023\/wp-content\/uploads\/2023\/04\/230301_SessioContaminacio15-1024x683.jpg 1024w, https:\/\/blocsenresidencia.bcn.cat\/eljoncar2023\/wp-content\/uploads\/2023\/04\/230301_SessioContaminacio15-300x200.jpg 300w, https:\/\/blocsenresidencia.bcn.cat\/eljoncar2023\/wp-content\/uploads\/2023\/04\/230301_SessioContaminacio15-768x512.jpg 768w, https:\/\/blocsenresidencia.bcn.cat\/eljoncar2023\/wp-content\/uploads\/2023\/04\/230301_SessioContaminacio15-1536x1024.jpg 1536w, https:\/\/blocsenresidencia.bcn.cat\/eljoncar2023\/wp-content\/uploads\/2023\/04\/230301_SessioContaminacio15-2048x1365.jpg 2048w\" sizes=\"auto, (max-width: 767px) 89vw, (max-width: 1000px) 54vw, (max-width: 1071px) 543px, 580px\" \/><\/figure>\n\n\n\n<figure class=\"wp-block-image size-large\"><img loading=\"lazy\" decoding=\"async\" width=\"1024\" height=\"683\" src=\"https:\/\/blocsenresidencia.bcn.cat\/eljoncar2023\/wp-content\/uploads\/2023\/04\/230301_SessioContaminacio21-1024x683.jpg\" alt=\"\" class=\"wp-image-144\" srcset=\"https:\/\/blocsenresidencia.bcn.cat\/eljoncar2023\/wp-content\/uploads\/2023\/04\/230301_SessioContaminacio21-1024x683.jpg 1024w, https:\/\/blocsenresidencia.bcn.cat\/eljoncar2023\/wp-content\/uploads\/2023\/04\/230301_SessioContaminacio21-300x200.jpg 300w, https:\/\/blocsenresidencia.bcn.cat\/eljoncar2023\/wp-content\/uploads\/2023\/04\/230301_SessioContaminacio21-768x512.jpg 768w\" sizes=\"auto, (max-width: 767px) 89vw, (max-width: 1000px) 54vw, (max-width: 1071px) 543px, 580px\" \/><\/figure>\n","protected":false},"excerpt":{"rendered":"<p>El dimecres 1 de mar\u00e7 vam compartir als docents del centre el proc\u00e9s que fins ara hav\u00edem fet amb l&#8217;artista Marta Bisbal, les derives pel barri, la pla\u00e7a Prim, les trobades amb persones del barri&#8230; Tamb\u00e9 vam fer una pr\u00e0ctica que hav\u00edem fet en una de les primeres sessions, que per nosaltres representa el proc\u00e9s &hellip; <\/p>\n<p class=\"link-more\"><a href=\"https:\/\/blocsenresidencia.bcn.cat\/eljoncar2023\/2023\/04\/05\/sessio-contaminacio\/\" class=\"more-link\">Continua llegint <span class=\"screen-reader-text\">\u00abSessi\u00f3 contaminaci\u00f3\u00bb<\/span><\/a><\/p>\n","protected":false},"author":3,"featured_media":0,"comment_status":"open","ping_status":"open","sticky":false,"template":"","format":"standard","meta":{"footnotes":""},"categories":[1],"tags":[],"class_list":["post-141","post","type-post","status-publish","format-standard","hentry","category-general"],"_links":{"self":[{"href":"https:\/\/blocsenresidencia.bcn.cat\/eljoncar2023\/wp-json\/wp\/v2\/posts\/141","targetHints":{"allow":["GET"]}}],"collection":[{"href":"https:\/\/blocsenresidencia.bcn.cat\/eljoncar2023\/wp-json\/wp\/v2\/posts"}],"about":[{"href":"https:\/\/blocsenresidencia.bcn.cat\/eljoncar2023\/wp-json\/wp\/v2\/types\/post"}],"author":[{"embeddable":true,"href":"https:\/\/blocsenresidencia.bcn.cat\/eljoncar2023\/wp-json\/wp\/v2\/users\/3"}],"replies":[{"embeddable":true,"href":"https:\/\/blocsenresidencia.bcn.cat\/eljoncar2023\/wp-json\/wp\/v2\/comments?post=141"}],"version-history":[{"count":2,"href":"https:\/\/blocsenresidencia.bcn.cat\/eljoncar2023\/wp-json\/wp\/v2\/posts\/141\/revisions"}],"predecessor-version":[{"id":149,"href":"https:\/\/blocsenresidencia.bcn.cat\/eljoncar2023\/wp-json\/wp\/v2\/posts\/141\/revisions\/149"}],"wp:attachment":[{"href":"https:\/\/blocsenresidencia.bcn.cat\/eljoncar2023\/wp-json\/wp\/v2\/media?parent=141"}],"wp:term":[{"taxonomy":"category","embeddable":true,"href":"https:\/\/blocsenresidencia.bcn.cat\/eljoncar2023\/wp-json\/wp\/v2\/categories?post=141"},{"taxonomy":"post_tag","embeddable":true,"href":"https:\/\/blocsenresidencia.bcn.cat\/eljoncar2023\/wp-json\/wp\/v2\/tags?post=141"}],"curies":[{"name":"wp","href":"https:\/\/api.w.org\/{rel}","templated":true}]}}