{"id":173,"date":"2023-02-15T13:28:00","date_gmt":"2023-02-15T11:28:00","guid":{"rendered":"https:\/\/blocsenresidencia.bcn.cat\/eljoncar2023\/?p=173"},"modified":"2023-05-17T13:43:16","modified_gmt":"2023-05-17T11:43:16","slug":"preparacio-de-la-sessio-de-contaminacio","status":"publish","type":"post","link":"https:\/\/blocsenresidencia.bcn.cat\/eljoncar2023\/2023\/02\/15\/preparacio-de-la-sessio-de-contaminacio\/","title":{"rendered":"Preparaci\u00f3 de la sessi\u00f3 de contaminaci\u00f3"},"content":{"rendered":"\n<p>Ens posen unes preguntes, una llista de paraules i conceptes per poder organitzar b\u00e9 el que farem. Tamb\u00e9 ens expliquen les hores i quan ser\u00e0.<\/p>\n\n\n\n<figure class=\"wp-block-image size-large\"><img loading=\"lazy\" decoding=\"async\" width=\"1024\" height=\"426\" src=\"https:\/\/blocsenresidencia.bcn.cat\/eljoncar2023\/wp-content\/uploads\/2023\/05\/Imagen3-1024x426.jpg\" alt=\"\" class=\"wp-image-174\" srcset=\"https:\/\/blocsenresidencia.bcn.cat\/eljoncar2023\/wp-content\/uploads\/2023\/05\/Imagen3-1024x426.jpg 1024w, https:\/\/blocsenresidencia.bcn.cat\/eljoncar2023\/wp-content\/uploads\/2023\/05\/Imagen3-300x125.jpg 300w, https:\/\/blocsenresidencia.bcn.cat\/eljoncar2023\/wp-content\/uploads\/2023\/05\/Imagen3-768x319.jpg 768w, https:\/\/blocsenresidencia.bcn.cat\/eljoncar2023\/wp-content\/uploads\/2023\/05\/Imagen3.jpg 1398w\" sizes=\"auto, (max-width: 767px) 89vw, (max-width: 1000px) 54vw, (max-width: 1071px) 543px, 580px\" \/><\/figure>\n\n\n\n<p>Hem estat parlant sbre qu\u00e8 hem estat fent fins ara, resumint el trimestre (o incl\u00fas tot el curs), a on hem viatjat, quins temes hem tractat (i quins no), dient paraules clau.<\/p>\n\n\n\n<p>El que ha sortit per ara \u00e9s: presentar-nos amb quadres contemporanis. Quan la Marta ens va contar que era l\u2019art contemporani. El viatge a Granollers a una exposici\u00f3 d\u2019art contemporani. Quan vam decorar les llibretes. Sortida a la pla\u00e7a Prim. Quan vam anar caminant a Can Felipa. Posar les estrelles als maons de la xemeneia de Can Saladrigues i els fils de llana per tota la classe.<\/p>\n\n\n\n<figure class=\"wp-block-gallery has-nested-images columns-default is-cropped wp-block-gallery-1 is-layout-flex wp-block-gallery-is-layout-flex\">\n<figure class=\"wp-block-image size-large\"><img loading=\"lazy\" decoding=\"async\" width=\"732\" height=\"548\" data-id=\"175\" src=\"https:\/\/blocsenresidencia.bcn.cat\/eljoncar2023\/wp-content\/uploads\/2023\/05\/Imagen4.jpg\" alt=\"\" class=\"wp-image-175\" srcset=\"https:\/\/blocsenresidencia.bcn.cat\/eljoncar2023\/wp-content\/uploads\/2023\/05\/Imagen4.jpg 732w, https:\/\/blocsenresidencia.bcn.cat\/eljoncar2023\/wp-content\/uploads\/2023\/05\/Imagen4-300x225.jpg 300w\" sizes=\"auto, (max-width: 732px) 100vw, 732px\" \/><\/figure>\n<\/figure>\n\n\n\n<p>Algunes paraules clau que han sortit s\u00f3n: exploraci\u00f3, art, fabricar, Poblenou, novetat, connectar-se amb el passat, excursions, treballs manuals, passeig, carrers, creativitat, imaginaci\u00f3, relacionar-se, passat, mobilitat, indagar, proc\u00e9s, futurista, recerca, experimentar, escapada, intriga, an\u00e0lisis, observaci\u00f3, vincles, coneixement, diversi\u00f3, hist\u00f2ria, contemporani, antic i modern.<\/p>\n\n\n\n<figure class=\"wp-block-image size-full\"><img loading=\"lazy\" decoding=\"async\" width=\"752\" height=\"563\" src=\"https:\/\/blocsenresidencia.bcn.cat\/eljoncar2023\/wp-content\/uploads\/2023\/05\/Imagen5.jpg\" alt=\"\" class=\"wp-image-176\" srcset=\"https:\/\/blocsenresidencia.bcn.cat\/eljoncar2023\/wp-content\/uploads\/2023\/05\/Imagen5.jpg 752w, https:\/\/blocsenresidencia.bcn.cat\/eljoncar2023\/wp-content\/uploads\/2023\/05\/Imagen5-300x225.jpg 300w\" sizes=\"auto, (max-width: 706px) 89vw, (max-width: 767px) 82vw, 740px\" \/><\/figure>\n","protected":false},"excerpt":{"rendered":"<p>Ens posen unes preguntes, una llista de paraules i conceptes per poder organitzar b\u00e9 el que farem. Tamb\u00e9 ens expliquen les hores i quan ser\u00e0. Hem estat parlant sbre qu\u00e8 hem estat fent fins ara, resumint el trimestre (o incl\u00fas tot el curs), a on hem viatjat, quins temes hem tractat (i quins no), dient &hellip; <\/p>\n<p class=\"link-more\"><a href=\"https:\/\/blocsenresidencia.bcn.cat\/eljoncar2023\/2023\/02\/15\/preparacio-de-la-sessio-de-contaminacio\/\" class=\"more-link\">Continua llegint <span class=\"screen-reader-text\">\u00abPreparaci\u00f3 de la sessi\u00f3 de contaminaci\u00f3\u00bb<\/span><\/a><\/p>\n","protected":false},"author":3,"featured_media":0,"comment_status":"open","ping_status":"open","sticky":false,"template":"","format":"standard","meta":{"footnotes":""},"categories":[1],"tags":[],"class_list":["post-173","post","type-post","status-publish","format-standard","hentry","category-general"],"_links":{"self":[{"href":"https:\/\/blocsenresidencia.bcn.cat\/eljoncar2023\/wp-json\/wp\/v2\/posts\/173","targetHints":{"allow":["GET"]}}],"collection":[{"href":"https:\/\/blocsenresidencia.bcn.cat\/eljoncar2023\/wp-json\/wp\/v2\/posts"}],"about":[{"href":"https:\/\/blocsenresidencia.bcn.cat\/eljoncar2023\/wp-json\/wp\/v2\/types\/post"}],"author":[{"embeddable":true,"href":"https:\/\/blocsenresidencia.bcn.cat\/eljoncar2023\/wp-json\/wp\/v2\/users\/3"}],"replies":[{"embeddable":true,"href":"https:\/\/blocsenresidencia.bcn.cat\/eljoncar2023\/wp-json\/wp\/v2\/comments?post=173"}],"version-history":[{"count":1,"href":"https:\/\/blocsenresidencia.bcn.cat\/eljoncar2023\/wp-json\/wp\/v2\/posts\/173\/revisions"}],"predecessor-version":[{"id":177,"href":"https:\/\/blocsenresidencia.bcn.cat\/eljoncar2023\/wp-json\/wp\/v2\/posts\/173\/revisions\/177"}],"wp:attachment":[{"href":"https:\/\/blocsenresidencia.bcn.cat\/eljoncar2023\/wp-json\/wp\/v2\/media?parent=173"}],"wp:term":[{"taxonomy":"category","embeddable":true,"href":"https:\/\/blocsenresidencia.bcn.cat\/eljoncar2023\/wp-json\/wp\/v2\/categories?post=173"},{"taxonomy":"post_tag","embeddable":true,"href":"https:\/\/blocsenresidencia.bcn.cat\/eljoncar2023\/wp-json\/wp\/v2\/tags?post=173"}],"curies":[{"name":"wp","href":"https:\/\/api.w.org\/{rel}","templated":true}]}}