{"id":180,"date":"2023-03-17T10:14:00","date_gmt":"2023-03-17T08:14:00","guid":{"rendered":"https:\/\/blocsenresidencia.bcn.cat\/eljoncar2023\/?p=180"},"modified":"2023-07-10T10:21:43","modified_gmt":"2023-07-10T08:21:43","slug":"conversa-amb-la-periodistamaria-fava","status":"publish","type":"post","link":"https:\/\/blocsenresidencia.bcn.cat\/eljoncar2023\/2023\/03\/17\/conversa-amb-la-periodistamaria-fava\/","title":{"rendered":"Conversa amb la periodistaMar\u00eda Fav\u00e0"},"content":{"rendered":"\n<p>El Pablo i el F\u00e8lix expliquen que hem estat estudiant algunes coses sobre els pescadors i li expliquem a la maria que estem fent en el projecte en residencia i que hem llegit dues de les seves entrevistes.<\/p>\n\n\n\n<p>La maria ens explica una mica sobre el barri antic del Poblenou, ens explica que l&#8217;institut hi treballaven nens molt petits i en parla sobre la f\u00e0brica, ens parla de l&#8217;arxiu.<\/p>\n\n\n\n<p>Ens diu que li va comen\u00e7ar a interessar el periodisme per un c\u00f2mic i que quan ja va estar jubilada la va con\u00e8ixer, a ella ja li agradava escriure.<\/p>\n\n\n\n<p>Parla de la gentrificaci\u00f3 i que abans hi havia peixateries i mercats i ara quasi no hi ha. Ens parla dels pescadors i que la seva vida \u00e9s molt dura i que a l&#8217;ametlla hi ha alguns pescadors, parla que les tonyines nom\u00e9s es poden pescar cada 15 dies i que s\u00f3n molt cares.<\/p>\n\n\n\n<p>Ella ens diu que l&#8217;educaci\u00f3 ha canviat molt i que els professors ara s&#8217;esforcen molt perqu\u00e8 ella quan era petita li feien aprendre i memoritzar les coses.<\/p>\n\n\n\n<figure class=\"wp-block-image size-full\"><img loading=\"lazy\" decoding=\"async\" width=\"699\" height=\"524\" src=\"https:\/\/blocsenresidencia.bcn.cat\/eljoncar2023\/wp-content\/uploads\/2023\/07\/Imagen1.jpg\" alt=\"\" class=\"wp-image-181\" srcset=\"https:\/\/blocsenresidencia.bcn.cat\/eljoncar2023\/wp-content\/uploads\/2023\/07\/Imagen1.jpg 699w, https:\/\/blocsenresidencia.bcn.cat\/eljoncar2023\/wp-content\/uploads\/2023\/07\/Imagen1-300x225.jpg 300w\" sizes=\"auto, (max-width: 699px) 100vw, 699px\" \/><\/figure>\n\n\n\n<figure class=\"wp-block-image size-full\"><img loading=\"lazy\" decoding=\"async\" width=\"803\" height=\"602\" src=\"https:\/\/blocsenresidencia.bcn.cat\/eljoncar2023\/wp-content\/uploads\/2023\/07\/Imagen4.jpg\" alt=\"\" class=\"wp-image-184\" srcset=\"https:\/\/blocsenresidencia.bcn.cat\/eljoncar2023\/wp-content\/uploads\/2023\/07\/Imagen4.jpg 803w, https:\/\/blocsenresidencia.bcn.cat\/eljoncar2023\/wp-content\/uploads\/2023\/07\/Imagen4-300x225.jpg 300w, https:\/\/blocsenresidencia.bcn.cat\/eljoncar2023\/wp-content\/uploads\/2023\/07\/Imagen4-768x576.jpg 768w\" sizes=\"auto, (max-width: 767px) 89vw, (max-width: 1000px) 54vw, (max-width: 1071px) 543px, 580px\" \/><\/figure>\n","protected":false},"excerpt":{"rendered":"<p>El Pablo i el F\u00e8lix expliquen que hem estat estudiant algunes coses sobre els pescadors i li expliquem a la maria que estem fent en el projecte en residencia i que hem llegit dues de les seves entrevistes. La maria ens explica una mica sobre el barri antic del Poblenou, ens explica que l&#8217;institut hi &hellip; <\/p>\n<p class=\"link-more\"><a href=\"https:\/\/blocsenresidencia.bcn.cat\/eljoncar2023\/2023\/03\/17\/conversa-amb-la-periodistamaria-fava\/\" class=\"more-link\">Continua llegint <span class=\"screen-reader-text\">\u00abConversa amb la periodistaMar\u00eda Fav\u00e0\u00bb<\/span><\/a><\/p>\n","protected":false},"author":3,"featured_media":0,"comment_status":"open","ping_status":"open","sticky":false,"template":"","format":"standard","meta":{"footnotes":""},"categories":[1],"tags":[],"class_list":["post-180","post","type-post","status-publish","format-standard","hentry","category-general"],"_links":{"self":[{"href":"https:\/\/blocsenresidencia.bcn.cat\/eljoncar2023\/wp-json\/wp\/v2\/posts\/180","targetHints":{"allow":["GET"]}}],"collection":[{"href":"https:\/\/blocsenresidencia.bcn.cat\/eljoncar2023\/wp-json\/wp\/v2\/posts"}],"about":[{"href":"https:\/\/blocsenresidencia.bcn.cat\/eljoncar2023\/wp-json\/wp\/v2\/types\/post"}],"author":[{"embeddable":true,"href":"https:\/\/blocsenresidencia.bcn.cat\/eljoncar2023\/wp-json\/wp\/v2\/users\/3"}],"replies":[{"embeddable":true,"href":"https:\/\/blocsenresidencia.bcn.cat\/eljoncar2023\/wp-json\/wp\/v2\/comments?post=180"}],"version-history":[{"count":1,"href":"https:\/\/blocsenresidencia.bcn.cat\/eljoncar2023\/wp-json\/wp\/v2\/posts\/180\/revisions"}],"predecessor-version":[{"id":185,"href":"https:\/\/blocsenresidencia.bcn.cat\/eljoncar2023\/wp-json\/wp\/v2\/posts\/180\/revisions\/185"}],"wp:attachment":[{"href":"https:\/\/blocsenresidencia.bcn.cat\/eljoncar2023\/wp-json\/wp\/v2\/media?parent=180"}],"wp:term":[{"taxonomy":"category","embeddable":true,"href":"https:\/\/blocsenresidencia.bcn.cat\/eljoncar2023\/wp-json\/wp\/v2\/categories?post=180"},{"taxonomy":"post_tag","embeddable":true,"href":"https:\/\/blocsenresidencia.bcn.cat\/eljoncar2023\/wp-json\/wp\/v2\/tags?post=180"}],"curies":[{"name":"wp","href":"https:\/\/api.w.org\/{rel}","templated":true}]}}