{"id":192,"date":"2023-05-15T10:45:00","date_gmt":"2023-05-15T08:45:00","guid":{"rendered":"https:\/\/blocsenresidencia.bcn.cat\/eljoncar2023\/?p=192"},"modified":"2023-07-10T11:06:05","modified_gmt":"2023-07-10T09:06:05","slug":"la-xarxa","status":"publish","type":"post","link":"https:\/\/blocsenresidencia.bcn.cat\/eljoncar2023\/2023\/05\/15\/la-xarxa\/","title":{"rendered":"La xarxa"},"content":{"rendered":"\n<p>Hem decidit que la xarxa ser\u00e0 l&#8217;eix central de la nostra acci\u00f3 final d&#8217;En Resid\u00e8ncia.<\/p>\n\n\n\n<p>Encara estem perfilant la nostra acci\u00f3 final, per\u00f2 de moment pren fora la idea de fer  un recorregut pel barri amb la xarxa reivindicant Poblenou com un barri que tamb\u00e9 va acollir pescadors.<\/p>\n\n\n\n<figure class=\"wp-block-image size-large\"><img loading=\"lazy\" decoding=\"async\" width=\"1024\" height=\"768\" src=\"https:\/\/blocsenresidencia.bcn.cat\/eljoncar2023\/wp-content\/uploads\/2023\/07\/230511_proves-xarxa_05-1024x768.jpg\" alt=\"\" class=\"wp-image-193\" srcset=\"https:\/\/blocsenresidencia.bcn.cat\/eljoncar2023\/wp-content\/uploads\/2023\/07\/230511_proves-xarxa_05-1024x768.jpg 1024w, https:\/\/blocsenresidencia.bcn.cat\/eljoncar2023\/wp-content\/uploads\/2023\/07\/230511_proves-xarxa_05-300x225.jpg 300w, https:\/\/blocsenresidencia.bcn.cat\/eljoncar2023\/wp-content\/uploads\/2023\/07\/230511_proves-xarxa_05-768x576.jpg 768w, https:\/\/blocsenresidencia.bcn.cat\/eljoncar2023\/wp-content\/uploads\/2023\/07\/230511_proves-xarxa_05-1536x1152.jpg 1536w, https:\/\/blocsenresidencia.bcn.cat\/eljoncar2023\/wp-content\/uploads\/2023\/07\/230511_proves-xarxa_05-2048x1536.jpg 2048w\" sizes=\"auto, (max-width: 767px) 89vw, (max-width: 1000px) 54vw, (max-width: 1071px) 543px, 580px\" \/><\/figure>\n\n\n\n<figure class=\"wp-block-image size-large\"><img loading=\"lazy\" decoding=\"async\" width=\"1024\" height=\"768\" src=\"https:\/\/blocsenresidencia.bcn.cat\/eljoncar2023\/wp-content\/uploads\/2023\/07\/230511_proves-xarxa_08-1024x768.jpg\" alt=\"\" class=\"wp-image-194\" srcset=\"https:\/\/blocsenresidencia.bcn.cat\/eljoncar2023\/wp-content\/uploads\/2023\/07\/230511_proves-xarxa_08-1024x768.jpg 1024w, https:\/\/blocsenresidencia.bcn.cat\/eljoncar2023\/wp-content\/uploads\/2023\/07\/230511_proves-xarxa_08-300x225.jpg 300w, https:\/\/blocsenresidencia.bcn.cat\/eljoncar2023\/wp-content\/uploads\/2023\/07\/230511_proves-xarxa_08-768x576.jpg 768w, https:\/\/blocsenresidencia.bcn.cat\/eljoncar2023\/wp-content\/uploads\/2023\/07\/230511_proves-xarxa_08-1536x1152.jpg 1536w, https:\/\/blocsenresidencia.bcn.cat\/eljoncar2023\/wp-content\/uploads\/2023\/07\/230511_proves-xarxa_08-2048x1536.jpg 2048w\" sizes=\"auto, (max-width: 767px) 89vw, (max-width: 1000px) 54vw, (max-width: 1071px) 543px, 580px\" \/><\/figure>\n\n\n\n<figure class=\"wp-block-image size-large\"><img loading=\"lazy\" decoding=\"async\" width=\"1024\" height=\"768\" src=\"https:\/\/blocsenresidencia.bcn.cat\/eljoncar2023\/wp-content\/uploads\/2023\/07\/230511_proves-xarxa_13-1024x768.jpg\" alt=\"\" class=\"wp-image-195\" srcset=\"https:\/\/blocsenresidencia.bcn.cat\/eljoncar2023\/wp-content\/uploads\/2023\/07\/230511_proves-xarxa_13-1024x768.jpg 1024w, https:\/\/blocsenresidencia.bcn.cat\/eljoncar2023\/wp-content\/uploads\/2023\/07\/230511_proves-xarxa_13-300x225.jpg 300w, https:\/\/blocsenresidencia.bcn.cat\/eljoncar2023\/wp-content\/uploads\/2023\/07\/230511_proves-xarxa_13-768x576.jpg 768w, https:\/\/blocsenresidencia.bcn.cat\/eljoncar2023\/wp-content\/uploads\/2023\/07\/230511_proves-xarxa_13-1536x1152.jpg 1536w, https:\/\/blocsenresidencia.bcn.cat\/eljoncar2023\/wp-content\/uploads\/2023\/07\/230511_proves-xarxa_13-2048x1536.jpg 2048w\" sizes=\"auto, (max-width: 767px) 89vw, (max-width: 1000px) 54vw, (max-width: 1071px) 543px, 580px\" \/><\/figure>\n","protected":false},"excerpt":{"rendered":"<p>Hem decidit que la xarxa ser\u00e0 l&#8217;eix central de la nostra acci\u00f3 final d&#8217;En Resid\u00e8ncia. Encara estem perfilant la nostra acci\u00f3 final, per\u00f2 de moment pren fora la idea de fer un recorregut pel barri amb la xarxa reivindicant Poblenou com un barri que tamb\u00e9 va acollir pescadors.<\/p>\n","protected":false},"author":3,"featured_media":0,"comment_status":"open","ping_status":"open","sticky":false,"template":"","format":"standard","meta":{"footnotes":""},"categories":[1],"tags":[],"class_list":["post-192","post","type-post","status-publish","format-standard","hentry","category-general"],"_links":{"self":[{"href":"https:\/\/blocsenresidencia.bcn.cat\/eljoncar2023\/wp-json\/wp\/v2\/posts\/192","targetHints":{"allow":["GET"]}}],"collection":[{"href":"https:\/\/blocsenresidencia.bcn.cat\/eljoncar2023\/wp-json\/wp\/v2\/posts"}],"about":[{"href":"https:\/\/blocsenresidencia.bcn.cat\/eljoncar2023\/wp-json\/wp\/v2\/types\/post"}],"author":[{"embeddable":true,"href":"https:\/\/blocsenresidencia.bcn.cat\/eljoncar2023\/wp-json\/wp\/v2\/users\/3"}],"replies":[{"embeddable":true,"href":"https:\/\/blocsenresidencia.bcn.cat\/eljoncar2023\/wp-json\/wp\/v2\/comments?post=192"}],"version-history":[{"count":4,"href":"https:\/\/blocsenresidencia.bcn.cat\/eljoncar2023\/wp-json\/wp\/v2\/posts\/192\/revisions"}],"predecessor-version":[{"id":199,"href":"https:\/\/blocsenresidencia.bcn.cat\/eljoncar2023\/wp-json\/wp\/v2\/posts\/192\/revisions\/199"}],"wp:attachment":[{"href":"https:\/\/blocsenresidencia.bcn.cat\/eljoncar2023\/wp-json\/wp\/v2\/media?parent=192"}],"wp:term":[{"taxonomy":"category","embeddable":true,"href":"https:\/\/blocsenresidencia.bcn.cat\/eljoncar2023\/wp-json\/wp\/v2\/categories?post=192"},{"taxonomy":"post_tag","embeddable":true,"href":"https:\/\/blocsenresidencia.bcn.cat\/eljoncar2023\/wp-json\/wp\/v2\/tags?post=192"}],"curies":[{"name":"wp","href":"https:\/\/api.w.org\/{rel}","templated":true}]}}