{"id":88,"date":"2022-12-12T13:35:28","date_gmt":"2022-12-12T11:35:28","guid":{"rendered":"https:\/\/blocsenresidencia.bcn.cat\/eljoncar2023\/?p=88"},"modified":"2023-01-11T17:52:07","modified_gmt":"2023-01-11T15:52:07","slug":"poblenou-abans","status":"publish","type":"post","link":"https:\/\/blocsenresidencia.bcn.cat\/eljoncar2023\/2022\/12\/12\/poblenou-abans\/","title":{"rendered":"Poblenou abans?"},"content":{"rendered":"\n<p>-La primera cosa que hem fet ha estat distribuir-nos en 6 grups.<\/p>\n\n\n\n<p>&nbsp;-Despr\u00e9s per interessos personals ens ha tocat un tema a investigar per a cada grup i hem comen\u00e7at a fer la recerca.<\/p>\n\n\n\n<p>-Aquesta recerca tracta sobre temes del passat de Poblenou.<\/p>\n\n\n\n<figure class=\"wp-block-image size-full\"><img loading=\"lazy\" decoding=\"async\" width=\"955\" height=\"717\" src=\"https:\/\/blocsenresidencia.bcn.cat\/eljoncar2023\/wp-content\/uploads\/2022\/12\/image-34.png\" alt=\"\" class=\"wp-image-89\" srcset=\"https:\/\/blocsenresidencia.bcn.cat\/eljoncar2023\/wp-content\/uploads\/2022\/12\/image-34.png 955w, https:\/\/blocsenresidencia.bcn.cat\/eljoncar2023\/wp-content\/uploads\/2022\/12\/image-34-300x225.png 300w, https:\/\/blocsenresidencia.bcn.cat\/eljoncar2023\/wp-content\/uploads\/2022\/12\/image-34-768x577.png 768w\" sizes=\"auto, (max-width: 767px) 89vw, (max-width: 1000px) 54vw, (max-width: 1071px) 543px, 580px\" \/><\/figure>\n\n\n\n<p>Aquests s\u00f3n els temes que hem de tractar:&nbsp;&nbsp;&nbsp;&nbsp;&nbsp;&nbsp;&nbsp;&nbsp;&nbsp;&nbsp;&nbsp;&nbsp;&nbsp;&nbsp;&nbsp;&nbsp;&nbsp;<\/p>\n\n\n\n<p>-Aigua: captaci\u00f3 i distribuci\u00f3<\/p>\n\n\n\n<p>-Passat agr\u00edcola de Poblenou<\/p>\n\n\n\n<p>-Patrimoni industrial<\/p>\n\n\n\n<p>-Passat de pesca de Poblenou<\/p>\n\n\n\n<p>-Passat comercial de Poblenou<\/p>\n\n\n\n<p>-L\u2019habitatge a Poblenou -L\u2019Alian\u00e7a de Poblenou<\/p>\n\n\n\n<figure class=\"wp-block-image size-full\"><img loading=\"lazy\" decoding=\"async\" width=\"941\" height=\"691\" src=\"https:\/\/blocsenresidencia.bcn.cat\/eljoncar2023\/wp-content\/uploads\/2022\/12\/image-35.png\" alt=\"\" class=\"wp-image-90\" srcset=\"https:\/\/blocsenresidencia.bcn.cat\/eljoncar2023\/wp-content\/uploads\/2022\/12\/image-35.png 941w, https:\/\/blocsenresidencia.bcn.cat\/eljoncar2023\/wp-content\/uploads\/2022\/12\/image-35-300x220.png 300w, https:\/\/blocsenresidencia.bcn.cat\/eljoncar2023\/wp-content\/uploads\/2022\/12\/image-35-768x564.png 768w\" sizes=\"auto, (max-width: 767px) 89vw, (max-width: 1000px) 54vw, (max-width: 1071px) 543px, 580px\" \/><\/figure>\n\n\n\n<p>Aquest esquema ens ha ajudat a cercar el tema de cada grup.<\/p>\n\n\n\n<figure class=\"wp-block-image size-large\"><img loading=\"lazy\" decoding=\"async\" width=\"1024\" height=\"477\" src=\"https:\/\/blocsenresidencia.bcn.cat\/eljoncar2023\/wp-content\/uploads\/2022\/12\/image-36-1024x477.png\" alt=\"\" class=\"wp-image-91\" srcset=\"https:\/\/blocsenresidencia.bcn.cat\/eljoncar2023\/wp-content\/uploads\/2022\/12\/image-36-1024x477.png 1024w, https:\/\/blocsenresidencia.bcn.cat\/eljoncar2023\/wp-content\/uploads\/2022\/12\/image-36-300x140.png 300w, https:\/\/blocsenresidencia.bcn.cat\/eljoncar2023\/wp-content\/uploads\/2022\/12\/image-36-768x358.png 768w, https:\/\/blocsenresidencia.bcn.cat\/eljoncar2023\/wp-content\/uploads\/2022\/12\/image-36.png 1443w\" sizes=\"auto, (max-width: 767px) 89vw, (max-width: 1000px) 54vw, (max-width: 1071px) 543px, 580px\" \/><\/figure>\n\n\n\n<p>Marc Garc\u00eda<\/p>\n","protected":false},"excerpt":{"rendered":"<p>-La primera cosa que hem fet ha estat distribuir-nos en 6 grups. &nbsp;-Despr\u00e9s per interessos personals ens ha tocat un tema a investigar per a cada grup i hem comen\u00e7at a fer la recerca. -Aquesta recerca tracta sobre temes del passat de Poblenou. Aquests s\u00f3n els temes que hem de tractar:&nbsp;&nbsp;&nbsp;&nbsp;&nbsp;&nbsp;&nbsp;&nbsp;&nbsp;&nbsp;&nbsp;&nbsp;&nbsp;&nbsp;&nbsp;&nbsp;&nbsp; -Aigua: captaci\u00f3 i distribuci\u00f3 &hellip; <\/p>\n<p class=\"link-more\"><a href=\"https:\/\/blocsenresidencia.bcn.cat\/eljoncar2023\/2022\/12\/12\/poblenou-abans\/\" class=\"more-link\">Continua llegint <span class=\"screen-reader-text\">\u00abPoblenou abans?\u00bb<\/span><\/a><\/p>\n","protected":false},"author":3,"featured_media":0,"comment_status":"open","ping_status":"open","sticky":false,"template":"","format":"standard","meta":{"footnotes":""},"categories":[1],"tags":[],"class_list":["post-88","post","type-post","status-publish","format-standard","hentry","category-general"],"_links":{"self":[{"href":"https:\/\/blocsenresidencia.bcn.cat\/eljoncar2023\/wp-json\/wp\/v2\/posts\/88","targetHints":{"allow":["GET"]}}],"collection":[{"href":"https:\/\/blocsenresidencia.bcn.cat\/eljoncar2023\/wp-json\/wp\/v2\/posts"}],"about":[{"href":"https:\/\/blocsenresidencia.bcn.cat\/eljoncar2023\/wp-json\/wp\/v2\/types\/post"}],"author":[{"embeddable":true,"href":"https:\/\/blocsenresidencia.bcn.cat\/eljoncar2023\/wp-json\/wp\/v2\/users\/3"}],"replies":[{"embeddable":true,"href":"https:\/\/blocsenresidencia.bcn.cat\/eljoncar2023\/wp-json\/wp\/v2\/comments?post=88"}],"version-history":[{"count":2,"href":"https:\/\/blocsenresidencia.bcn.cat\/eljoncar2023\/wp-json\/wp\/v2\/posts\/88\/revisions"}],"predecessor-version":[{"id":136,"href":"https:\/\/blocsenresidencia.bcn.cat\/eljoncar2023\/wp-json\/wp\/v2\/posts\/88\/revisions\/136"}],"wp:attachment":[{"href":"https:\/\/blocsenresidencia.bcn.cat\/eljoncar2023\/wp-json\/wp\/v2\/media?parent=88"}],"wp:term":[{"taxonomy":"category","embeddable":true,"href":"https:\/\/blocsenresidencia.bcn.cat\/eljoncar2023\/wp-json\/wp\/v2\/categories?post=88"},{"taxonomy":"post_tag","embeddable":true,"href":"https:\/\/blocsenresidencia.bcn.cat\/eljoncar2023\/wp-json\/wp\/v2\/tags?post=88"}],"curies":[{"name":"wp","href":"https:\/\/api.w.org\/{rel}","templated":true}]}}