{"id":42,"date":"2023-01-25T10:57:46","date_gmt":"2023-01-25T08:57:46","guid":{"rendered":"https:\/\/blocsenresidencia.bcn.cat\/infantaisabelarago2023\/?p=42"},"modified":"2023-01-25T10:57:46","modified_gmt":"2023-01-25T08:57:46","slug":"abecedari","status":"publish","type":"post","link":"https:\/\/blocsenresidencia.bcn.cat\/infantaisabelarago2023\/2023\/01\/25\/abecedari\/","title":{"rendered":"Abecedari"},"content":{"rendered":"\n<p>Inspirada amb la can\u00e7\u00f3 <a href=\"https:\/\/www.youtube.com\/watch?v=WVhYayxJ_e8\">&#8216;Abcdefg&#8217;<\/a> de la Rosal\u00eda, la Paulina ens proposa que cadasc\u00fa faci el seu abecedari personal. <\/p>\n\n\n\n<p> Ha sigut una bona manera per poder coneixer-nos entre nosaltres i amb la Paulina. <\/p>\n\n\n\n<figure class=\"wp-block-gallery has-nested-images columns-default is-cropped wp-block-gallery-1 is-layout-flex wp-block-gallery-is-layout-flex\">\n<figure class=\"wp-block-image size-large\"><img loading=\"lazy\" decoding=\"async\" width=\"768\" height=\"1024\" data-id=\"107\" src=\"https:\/\/blocsenresidencia.bcn.cat\/infantaisabelarago2023\/wp-content\/uploads\/2023\/01\/52C7BCD3-1C7F-43A2-B8CB-39241FB0D067-768x1024.jpeg\" alt=\"\" class=\"wp-image-107\" srcset=\"https:\/\/blocsenresidencia.bcn.cat\/infantaisabelarago2023\/wp-content\/uploads\/2023\/01\/52C7BCD3-1C7F-43A2-B8CB-39241FB0D067-768x1024.jpeg 768w, https:\/\/blocsenresidencia.bcn.cat\/infantaisabelarago2023\/wp-content\/uploads\/2023\/01\/52C7BCD3-1C7F-43A2-B8CB-39241FB0D067-225x300.jpeg 225w, https:\/\/blocsenresidencia.bcn.cat\/infantaisabelarago2023\/wp-content\/uploads\/2023\/01\/52C7BCD3-1C7F-43A2-B8CB-39241FB0D067-1152x1536.jpeg 1152w, https:\/\/blocsenresidencia.bcn.cat\/infantaisabelarago2023\/wp-content\/uploads\/2023\/01\/52C7BCD3-1C7F-43A2-B8CB-39241FB0D067-1536x2048.jpeg 1536w, https:\/\/blocsenresidencia.bcn.cat\/infantaisabelarago2023\/wp-content\/uploads\/2023\/01\/52C7BCD3-1C7F-43A2-B8CB-39241FB0D067-scaled.jpeg 1920w\" sizes=\"auto, (max-width: 767px) 89vw, (max-width: 1000px) 54vw, (max-width: 1071px) 543px, 580px\" \/><\/figure>\n\n\n\n<figure class=\"wp-block-image size-large\"><img loading=\"lazy\" decoding=\"async\" width=\"768\" height=\"1024\" data-id=\"108\" src=\"https:\/\/blocsenresidencia.bcn.cat\/infantaisabelarago2023\/wp-content\/uploads\/2023\/01\/20220922_132438-768x1024.jpg\" alt=\"\" class=\"wp-image-108\" srcset=\"https:\/\/blocsenresidencia.bcn.cat\/infantaisabelarago2023\/wp-content\/uploads\/2023\/01\/20220922_132438-768x1024.jpg 768w, https:\/\/blocsenresidencia.bcn.cat\/infantaisabelarago2023\/wp-content\/uploads\/2023\/01\/20220922_132438-225x300.jpg 225w, https:\/\/blocsenresidencia.bcn.cat\/infantaisabelarago2023\/wp-content\/uploads\/2023\/01\/20220922_132438-1152x1536.jpg 1152w, https:\/\/blocsenresidencia.bcn.cat\/infantaisabelarago2023\/wp-content\/uploads\/2023\/01\/20220922_132438-1536x2048.jpg 1536w, https:\/\/blocsenresidencia.bcn.cat\/infantaisabelarago2023\/wp-content\/uploads\/2023\/01\/20220922_132438-scaled.jpg 1920w\" sizes=\"auto, (max-width: 767px) 89vw, (max-width: 1000px) 54vw, (max-width: 1071px) 543px, 580px\" \/><\/figure>\n\n\n\n<figure class=\"wp-block-image size-large\"><img loading=\"lazy\" decoding=\"async\" width=\"766\" height=\"1024\" data-id=\"110\" src=\"https:\/\/blocsenresidencia.bcn.cat\/infantaisabelarago2023\/wp-content\/uploads\/2023\/01\/1664211659492-766x1024.jpg\" alt=\"\" class=\"wp-image-110\" srcset=\"https:\/\/blocsenresidencia.bcn.cat\/infantaisabelarago2023\/wp-content\/uploads\/2023\/01\/1664211659492-766x1024.jpg 766w, https:\/\/blocsenresidencia.bcn.cat\/infantaisabelarago2023\/wp-content\/uploads\/2023\/01\/1664211659492-224x300.jpg 224w, https:\/\/blocsenresidencia.bcn.cat\/infantaisabelarago2023\/wp-content\/uploads\/2023\/01\/1664211659492-768x1026.jpg 768w, https:\/\/blocsenresidencia.bcn.cat\/infantaisabelarago2023\/wp-content\/uploads\/2023\/01\/1664211659492-1149x1536.jpg 1149w, https:\/\/blocsenresidencia.bcn.cat\/infantaisabelarago2023\/wp-content\/uploads\/2023\/01\/1664211659492-1532x2048.jpg 1532w, https:\/\/blocsenresidencia.bcn.cat\/infantaisabelarago2023\/wp-content\/uploads\/2023\/01\/1664211659492-scaled.jpg 1916w\" sizes=\"auto, (max-width: 706px) 89vw, (max-width: 767px) 82vw, 740px\" \/><\/figure>\n\n\n\n<figure class=\"wp-block-image size-large\"><img loading=\"lazy\" decoding=\"async\" width=\"576\" height=\"1024\" data-id=\"106\" src=\"https:\/\/blocsenresidencia.bcn.cat\/infantaisabelarago2023\/wp-content\/uploads\/2023\/01\/WhatsApp-Image-2022-11-22-at-5.51.31-PM-576x1024.jpeg\" alt=\"\" class=\"wp-image-106\" srcset=\"https:\/\/blocsenresidencia.bcn.cat\/infantaisabelarago2023\/wp-content\/uploads\/2023\/01\/WhatsApp-Image-2022-11-22-at-5.51.31-PM-576x1024.jpeg 576w, https:\/\/blocsenresidencia.bcn.cat\/infantaisabelarago2023\/wp-content\/uploads\/2023\/01\/WhatsApp-Image-2022-11-22-at-5.51.31-PM-169x300.jpeg 169w, https:\/\/blocsenresidencia.bcn.cat\/infantaisabelarago2023\/wp-content\/uploads\/2023\/01\/WhatsApp-Image-2022-11-22-at-5.51.31-PM-768x1365.jpeg 768w, https:\/\/blocsenresidencia.bcn.cat\/infantaisabelarago2023\/wp-content\/uploads\/2023\/01\/WhatsApp-Image-2022-11-22-at-5.51.31-PM-864x1536.jpeg 864w, https:\/\/blocsenresidencia.bcn.cat\/infantaisabelarago2023\/wp-content\/uploads\/2023\/01\/WhatsApp-Image-2022-11-22-at-5.51.31-PM.jpeg 900w\" sizes=\"auto, (max-width: 576px) 100vw, 576px\" \/><\/figure>\n\n\n\n<figure class=\"wp-block-image size-large\"><img loading=\"lazy\" decoding=\"async\" width=\"649\" height=\"1024\" data-id=\"109\" src=\"https:\/\/blocsenresidencia.bcn.cat\/infantaisabelarago2023\/wp-content\/uploads\/2023\/01\/1663845644307-649x1024.jpg\" alt=\"\" class=\"wp-image-109\" srcset=\"https:\/\/blocsenresidencia.bcn.cat\/infantaisabelarago2023\/wp-content\/uploads\/2023\/01\/1663845644307-649x1024.jpg 649w, https:\/\/blocsenresidencia.bcn.cat\/infantaisabelarago2023\/wp-content\/uploads\/2023\/01\/1663845644307-190x300.jpg 190w, https:\/\/blocsenresidencia.bcn.cat\/infantaisabelarago2023\/wp-content\/uploads\/2023\/01\/1663845644307-768x1212.jpg 768w, https:\/\/blocsenresidencia.bcn.cat\/infantaisabelarago2023\/wp-content\/uploads\/2023\/01\/1663845644307-974x1536.jpg 974w, https:\/\/blocsenresidencia.bcn.cat\/infantaisabelarago2023\/wp-content\/uploads\/2023\/01\/1663845644307-1298x2048.jpg 1298w, https:\/\/blocsenresidencia.bcn.cat\/infantaisabelarago2023\/wp-content\/uploads\/2023\/01\/1663845644307-scaled.jpg 1623w\" sizes=\"auto, (max-width: 649px) 100vw, 649px\" \/><\/figure>\n\n\n\n<figure class=\"wp-block-image size-large\"><img loading=\"lazy\" decoding=\"async\" width=\"768\" height=\"1024\" data-id=\"111\" src=\"https:\/\/blocsenresidencia.bcn.cat\/infantaisabelarago2023\/wp-content\/uploads\/2023\/01\/E2.-Abecedari-22-Sep-2022-at-13_24-768x1024.jpg\" alt=\"\" class=\"wp-image-111\" srcset=\"https:\/\/blocsenresidencia.bcn.cat\/infantaisabelarago2023\/wp-content\/uploads\/2023\/01\/E2.-Abecedari-22-Sep-2022-at-13_24-768x1024.jpg 768w, https:\/\/blocsenresidencia.bcn.cat\/infantaisabelarago2023\/wp-content\/uploads\/2023\/01\/E2.-Abecedari-22-Sep-2022-at-13_24-225x300.jpg 225w, https:\/\/blocsenresidencia.bcn.cat\/infantaisabelarago2023\/wp-content\/uploads\/2023\/01\/E2.-Abecedari-22-Sep-2022-at-13_24-1152x1536.jpg 1152w, https:\/\/blocsenresidencia.bcn.cat\/infantaisabelarago2023\/wp-content\/uploads\/2023\/01\/E2.-Abecedari-22-Sep-2022-at-13_24-1536x2048.jpg 1536w, https:\/\/blocsenresidencia.bcn.cat\/infantaisabelarago2023\/wp-content\/uploads\/2023\/01\/E2.-Abecedari-22-Sep-2022-at-13_24-scaled.jpg 1920w\" sizes=\"auto, (max-width: 767px) 89vw, (max-width: 1000px) 54vw, (max-width: 1071px) 543px, 580px\" \/><\/figure>\n\n\n\n<figure class=\"wp-block-image size-large\"><img loading=\"lazy\" decoding=\"async\" width=\"768\" height=\"1024\" data-id=\"112\" src=\"https:\/\/blocsenresidencia.bcn.cat\/infantaisabelarago2023\/wp-content\/uploads\/2023\/01\/E2.-Abecedari-22-sept-2022-13_21_39-768x1024.jpeg\" alt=\"\" class=\"wp-image-112\" srcset=\"https:\/\/blocsenresidencia.bcn.cat\/infantaisabelarago2023\/wp-content\/uploads\/2023\/01\/E2.-Abecedari-22-sept-2022-13_21_39-768x1024.jpeg 768w, https:\/\/blocsenresidencia.bcn.cat\/infantaisabelarago2023\/wp-content\/uploads\/2023\/01\/E2.-Abecedari-22-sept-2022-13_21_39-225x300.jpeg 225w, https:\/\/blocsenresidencia.bcn.cat\/infantaisabelarago2023\/wp-content\/uploads\/2023\/01\/E2.-Abecedari-22-sept-2022-13_21_39-1152x1536.jpeg 1152w, https:\/\/blocsenresidencia.bcn.cat\/infantaisabelarago2023\/wp-content\/uploads\/2023\/01\/E2.-Abecedari-22-sept-2022-13_21_39-1536x2048.jpeg 1536w, https:\/\/blocsenresidencia.bcn.cat\/infantaisabelarago2023\/wp-content\/uploads\/2023\/01\/E2.-Abecedari-22-sept-2022-13_21_39-scaled.jpeg 1920w\" sizes=\"auto, (max-width: 767px) 89vw, (max-width: 1000px) 54vw, (max-width: 1071px) 543px, 580px\" \/><\/figure>\n\n\n\n<figure class=\"wp-block-image size-large\"><img loading=\"lazy\" decoding=\"async\" width=\"768\" height=\"1024\" data-id=\"113\" src=\"https:\/\/blocsenresidencia.bcn.cat\/infantaisabelarago2023\/wp-content\/uploads\/2023\/01\/E2.-Abecedari-23-sept-2022-9_45-768x1024.png\" alt=\"\" class=\"wp-image-113\" srcset=\"https:\/\/blocsenresidencia.bcn.cat\/infantaisabelarago2023\/wp-content\/uploads\/2023\/01\/E2.-Abecedari-23-sept-2022-9_45-768x1024.png 768w, https:\/\/blocsenresidencia.bcn.cat\/infantaisabelarago2023\/wp-content\/uploads\/2023\/01\/E2.-Abecedari-23-sept-2022-9_45-225x300.png 225w, https:\/\/blocsenresidencia.bcn.cat\/infantaisabelarago2023\/wp-content\/uploads\/2023\/01\/E2.-Abecedari-23-sept-2022-9_45-1152x1536.png 1152w, https:\/\/blocsenresidencia.bcn.cat\/infantaisabelarago2023\/wp-content\/uploads\/2023\/01\/E2.-Abecedari-23-sept-2022-9_45-1536x2048.png 1536w\" sizes=\"auto, (max-width: 767px) 89vw, (max-width: 1000px) 54vw, (max-width: 1071px) 543px, 580px\" \/><\/figure>\n\n\n\n<figure class=\"wp-block-image size-large\"><img loading=\"lazy\" decoding=\"async\" width=\"768\" height=\"1024\" data-id=\"114\" src=\"https:\/\/blocsenresidencia.bcn.cat\/infantaisabelarago2023\/wp-content\/uploads\/2023\/01\/E2.-Abecedari-27-sept-2022-14_39-768x1024.png\" alt=\"\" class=\"wp-image-114\" srcset=\"https:\/\/blocsenresidencia.bcn.cat\/infantaisabelarago2023\/wp-content\/uploads\/2023\/01\/E2.-Abecedari-27-sept-2022-14_39-768x1024.png 768w, https:\/\/blocsenresidencia.bcn.cat\/infantaisabelarago2023\/wp-content\/uploads\/2023\/01\/E2.-Abecedari-27-sept-2022-14_39-225x300.png 225w, https:\/\/blocsenresidencia.bcn.cat\/infantaisabelarago2023\/wp-content\/uploads\/2023\/01\/E2.-Abecedari-27-sept-2022-14_39-1152x1536.png 1152w, https:\/\/blocsenresidencia.bcn.cat\/infantaisabelarago2023\/wp-content\/uploads\/2023\/01\/E2.-Abecedari-27-sept-2022-14_39-1536x2048.png 1536w\" sizes=\"auto, (max-width: 767px) 89vw, (max-width: 1000px) 54vw, (max-width: 1071px) 543px, 580px\" \/><\/figure>\n<\/figure>\n","protected":false},"excerpt":{"rendered":"<p>Inspirada amb la can\u00e7\u00f3 &#8216;Abcdefg&#8217; de la Rosal\u00eda, la Paulina ens proposa que cadasc\u00fa faci el seu abecedari personal. Ha sigut una bona manera per poder coneixer-nos entre nosaltres i amb la Paulina.<\/p>\n","protected":false},"author":4,"featured_media":0,"comment_status":"open","ping_status":"open","sticky":false,"template":"","format":"standard","meta":{"footnotes":""},"categories":[1],"tags":[],"class_list":["post-42","post","type-post","status-publish","format-standard","hentry","category-general"],"_links":{"self":[{"href":"https:\/\/blocsenresidencia.bcn.cat\/infantaisabelarago2023\/wp-json\/wp\/v2\/posts\/42","targetHints":{"allow":["GET"]}}],"collection":[{"href":"https:\/\/blocsenresidencia.bcn.cat\/infantaisabelarago2023\/wp-json\/wp\/v2\/posts"}],"about":[{"href":"https:\/\/blocsenresidencia.bcn.cat\/infantaisabelarago2023\/wp-json\/wp\/v2\/types\/post"}],"author":[{"embeddable":true,"href":"https:\/\/blocsenresidencia.bcn.cat\/infantaisabelarago2023\/wp-json\/wp\/v2\/users\/4"}],"replies":[{"embeddable":true,"href":"https:\/\/blocsenresidencia.bcn.cat\/infantaisabelarago2023\/wp-json\/wp\/v2\/comments?post=42"}],"version-history":[{"count":3,"href":"https:\/\/blocsenresidencia.bcn.cat\/infantaisabelarago2023\/wp-json\/wp\/v2\/posts\/42\/revisions"}],"predecessor-version":[{"id":135,"href":"https:\/\/blocsenresidencia.bcn.cat\/infantaisabelarago2023\/wp-json\/wp\/v2\/posts\/42\/revisions\/135"}],"wp:attachment":[{"href":"https:\/\/blocsenresidencia.bcn.cat\/infantaisabelarago2023\/wp-json\/wp\/v2\/media?parent=42"}],"wp:term":[{"taxonomy":"category","embeddable":true,"href":"https:\/\/blocsenresidencia.bcn.cat\/infantaisabelarago2023\/wp-json\/wp\/v2\/categories?post=42"},{"taxonomy":"post_tag","embeddable":true,"href":"https:\/\/blocsenresidencia.bcn.cat\/infantaisabelarago2023\/wp-json\/wp\/v2\/tags?post=42"}],"curies":[{"name":"wp","href":"https:\/\/api.w.org\/{rel}","templated":true}]}}