{"id":85,"date":"2023-01-25T11:08:10","date_gmt":"2023-01-25T09:08:10","guid":{"rendered":"https:\/\/blocsenresidencia.bcn.cat\/infantaisabelarago2023\/?p=85"},"modified":"2023-01-25T11:08:10","modified_gmt":"2023-01-25T09:08:10","slug":"cataleg-de-joguines","status":"publish","type":"post","link":"https:\/\/blocsenresidencia.bcn.cat\/infantaisabelarago2023\/2023\/01\/25\/cataleg-de-joguines\/","title":{"rendered":"Cat\u00e0leg de joguines"},"content":{"rendered":"\n<p>Quines joguines recordes de quan eres petit? <\/p>\n\n\n\n<p>La Paulina ens proposa un llibre i una lectura d&#8217;un cap\u00edtol de &#8216;Cat\u00e1logo de juguetes&#8217; de l&#8217;escriptora <a href=\"https:\/\/www.google.es\/search?sxsrf=AJOqlzVwEESG9mDShZ62NqpQp3BS98aeyQ:1674637480127&amp;q=Sandra+Petrignani&amp;stick=H4sIAAAAAAAAAONgVuLWz9U3MDQyLU8xKX7EaMYt8PLHPWEp3UlrTl5jVOfiCs7IL3fNK8ksqRSS5GKDsvileLmQ9fEsYhUMTsxLKUpUCEgtKcpMz0vMywQAiQtAxVwAAAA&amp;sa=X&amp;ved=2ahUKEwidoYXhruL8AhVATqQEHbRXDCMQzIcDKAB6BAgiEAE\">Sandra Petrignani<\/a>. En la lectura, l&#8217;escriptora descriu i narra el vincle amb un gronxador, els seus records&#8230; <\/p>\n\n\n\n<p>A partir d&#8217;escoltar i analitzar aquesta lectura, nosaltres hem estat recordant. Cadasc\u00fa ha triat un joc o joguina i aquestes s\u00f3n les que recordem m\u00e9s, normalment perqu\u00e8, vam acompanyades de moltes hist\u00f2ries:  <\/p>\n\n\n\n<figure class=\"wp-block-image size-large\"><img loading=\"lazy\" decoding=\"async\" width=\"1024\" height=\"1017\" src=\"https:\/\/blocsenresidencia.bcn.cat\/infantaisabelarago2023\/wp-content\/uploads\/2023\/01\/IMG_20221115_1952031-1024x1017.jpg\" alt=\"\" class=\"wp-image-156\" srcset=\"https:\/\/blocsenresidencia.bcn.cat\/infantaisabelarago2023\/wp-content\/uploads\/2023\/01\/IMG_20221115_1952031-1024x1017.jpg 1024w, https:\/\/blocsenresidencia.bcn.cat\/infantaisabelarago2023\/wp-content\/uploads\/2023\/01\/IMG_20221115_1952031-300x298.jpg 300w, https:\/\/blocsenresidencia.bcn.cat\/infantaisabelarago2023\/wp-content\/uploads\/2023\/01\/IMG_20221115_1952031-150x150.jpg 150w, https:\/\/blocsenresidencia.bcn.cat\/infantaisabelarago2023\/wp-content\/uploads\/2023\/01\/IMG_20221115_1952031-768x763.jpg 768w, https:\/\/blocsenresidencia.bcn.cat\/infantaisabelarago2023\/wp-content\/uploads\/2023\/01\/IMG_20221115_1952031-1536x1526.jpg 1536w, https:\/\/blocsenresidencia.bcn.cat\/infantaisabelarago2023\/wp-content\/uploads\/2023\/01\/IMG_20221115_1952031-2048x2034.jpg 2048w, https:\/\/blocsenresidencia.bcn.cat\/infantaisabelarago2023\/wp-content\/uploads\/2023\/01\/IMG_20221115_1952031-100x100.jpg 100w\" sizes=\"auto, (max-width: 767px) 89vw, (max-width: 1000px) 54vw, (max-width: 1071px) 543px, 580px\" \/><\/figure>\n\n\n\n<figure class=\"wp-block-image size-large\"><img loading=\"lazy\" decoding=\"async\" width=\"1024\" height=\"768\" src=\"https:\/\/blocsenresidencia.bcn.cat\/infantaisabelarago2023\/wp-content\/uploads\/2023\/01\/IMG_20221115_152152-1024x768.jpg\" alt=\"\" class=\"wp-image-155\" srcset=\"https:\/\/blocsenresidencia.bcn.cat\/infantaisabelarago2023\/wp-content\/uploads\/2023\/01\/IMG_20221115_152152-1024x768.jpg 1024w, https:\/\/blocsenresidencia.bcn.cat\/infantaisabelarago2023\/wp-content\/uploads\/2023\/01\/IMG_20221115_152152-300x225.jpg 300w, https:\/\/blocsenresidencia.bcn.cat\/infantaisabelarago2023\/wp-content\/uploads\/2023\/01\/IMG_20221115_152152-768x576.jpg 768w, https:\/\/blocsenresidencia.bcn.cat\/infantaisabelarago2023\/wp-content\/uploads\/2023\/01\/IMG_20221115_152152-1536x1152.jpg 1536w, https:\/\/blocsenresidencia.bcn.cat\/infantaisabelarago2023\/wp-content\/uploads\/2023\/01\/IMG_20221115_152152-2048x1536.jpg 2048w\" sizes=\"auto, (max-width: 767px) 89vw, (max-width: 1000px) 54vw, (max-width: 1071px) 543px, 580px\" \/><\/figure>\n\n\n\n<figure class=\"wp-block-image size-large\"><img loading=\"lazy\" decoding=\"async\" width=\"860\" height=\"1024\" src=\"https:\/\/blocsenresidencia.bcn.cat\/infantaisabelarago2023\/wp-content\/uploads\/2023\/01\/WhatsApp-Image-2022-11-17-at-10.20.35-1-860x1024.jpeg\" alt=\"\" class=\"wp-image-158\" srcset=\"https:\/\/blocsenresidencia.bcn.cat\/infantaisabelarago2023\/wp-content\/uploads\/2023\/01\/WhatsApp-Image-2022-11-17-at-10.20.35-1-860x1024.jpeg 860w, https:\/\/blocsenresidencia.bcn.cat\/infantaisabelarago2023\/wp-content\/uploads\/2023\/01\/WhatsApp-Image-2022-11-17-at-10.20.35-1-252x300.jpeg 252w, https:\/\/blocsenresidencia.bcn.cat\/infantaisabelarago2023\/wp-content\/uploads\/2023\/01\/WhatsApp-Image-2022-11-17-at-10.20.35-1-768x915.jpeg 768w, https:\/\/blocsenresidencia.bcn.cat\/infantaisabelarago2023\/wp-content\/uploads\/2023\/01\/WhatsApp-Image-2022-11-17-at-10.20.35-1.jpeg 921w\" sizes=\"auto, (max-width: 767px) 89vw, (max-width: 1000px) 54vw, (max-width: 1071px) 543px, 580px\" \/><\/figure>\n\n\n\n<figure class=\"wp-block-image size-large\"><img loading=\"lazy\" decoding=\"async\" width=\"935\" height=\"1024\" src=\"https:\/\/blocsenresidencia.bcn.cat\/infantaisabelarago2023\/wp-content\/uploads\/2023\/01\/20221115_155424-1-935x1024.jpg\" alt=\"\" class=\"wp-image-154\" srcset=\"https:\/\/blocsenresidencia.bcn.cat\/infantaisabelarago2023\/wp-content\/uploads\/2023\/01\/20221115_155424-1-935x1024.jpg 935w, https:\/\/blocsenresidencia.bcn.cat\/infantaisabelarago2023\/wp-content\/uploads\/2023\/01\/20221115_155424-1-274x300.jpg 274w, https:\/\/blocsenresidencia.bcn.cat\/infantaisabelarago2023\/wp-content\/uploads\/2023\/01\/20221115_155424-1-768x841.jpg 768w, https:\/\/blocsenresidencia.bcn.cat\/infantaisabelarago2023\/wp-content\/uploads\/2023\/01\/20221115_155424-1-1402x1536.jpg 1402w, https:\/\/blocsenresidencia.bcn.cat\/infantaisabelarago2023\/wp-content\/uploads\/2023\/01\/20221115_155424-1-1870x2048.jpg 1870w\" sizes=\"auto, (max-width: 767px) 89vw, (max-width: 1000px) 54vw, (max-width: 1071px) 543px, 580px\" \/><\/figure>\n","protected":false},"excerpt":{"rendered":"<p>Quines joguines recordes de quan eres petit? La Paulina ens proposa un llibre i una lectura d&#8217;un cap\u00edtol de &#8216;Cat\u00e1logo de juguetes&#8217; de l&#8217;escriptora Sandra Petrignani. En la lectura, l&#8217;escriptora descriu i narra el vincle amb un gronxador, els seus records&#8230; A partir d&#8217;escoltar i analitzar aquesta lectura, nosaltres hem estat recordant. Cadasc\u00fa ha triat &hellip; <\/p>\n<p class=\"link-more\"><a href=\"https:\/\/blocsenresidencia.bcn.cat\/infantaisabelarago2023\/2023\/01\/25\/cataleg-de-joguines\/\" class=\"more-link\">Continua llegint <span class=\"screen-reader-text\">\u00abCat\u00e0leg de joguines\u00bb<\/span><\/a><\/p>\n","protected":false},"author":4,"featured_media":0,"comment_status":"open","ping_status":"open","sticky":false,"template":"","format":"standard","meta":{"footnotes":""},"categories":[1],"tags":[],"class_list":["post-85","post","type-post","status-publish","format-standard","hentry","category-general"],"_links":{"self":[{"href":"https:\/\/blocsenresidencia.bcn.cat\/infantaisabelarago2023\/wp-json\/wp\/v2\/posts\/85","targetHints":{"allow":["GET"]}}],"collection":[{"href":"https:\/\/blocsenresidencia.bcn.cat\/infantaisabelarago2023\/wp-json\/wp\/v2\/posts"}],"about":[{"href":"https:\/\/blocsenresidencia.bcn.cat\/infantaisabelarago2023\/wp-json\/wp\/v2\/types\/post"}],"author":[{"embeddable":true,"href":"https:\/\/blocsenresidencia.bcn.cat\/infantaisabelarago2023\/wp-json\/wp\/v2\/users\/4"}],"replies":[{"embeddable":true,"href":"https:\/\/blocsenresidencia.bcn.cat\/infantaisabelarago2023\/wp-json\/wp\/v2\/comments?post=85"}],"version-history":[{"count":5,"href":"https:\/\/blocsenresidencia.bcn.cat\/infantaisabelarago2023\/wp-json\/wp\/v2\/posts\/85\/revisions"}],"predecessor-version":[{"id":167,"href":"https:\/\/blocsenresidencia.bcn.cat\/infantaisabelarago2023\/wp-json\/wp\/v2\/posts\/85\/revisions\/167"}],"wp:attachment":[{"href":"https:\/\/blocsenresidencia.bcn.cat\/infantaisabelarago2023\/wp-json\/wp\/v2\/media?parent=85"}],"wp:term":[{"taxonomy":"category","embeddable":true,"href":"https:\/\/blocsenresidencia.bcn.cat\/infantaisabelarago2023\/wp-json\/wp\/v2\/categories?post=85"},{"taxonomy":"post_tag","embeddable":true,"href":"https:\/\/blocsenresidencia.bcn.cat\/infantaisabelarago2023\/wp-json\/wp\/v2\/tags?post=85"}],"curies":[{"name":"wp","href":"https:\/\/api.w.org\/{rel}","templated":true}]}}