{"id":389,"date":"2024-03-12T23:46:41","date_gmt":"2024-03-12T21:46:41","guid":{"rendered":"https:\/\/blocsenresidencia.bcn.cat\/infantaisabelarago2024\/?p=389"},"modified":"2024-03-12T23:46:41","modified_gmt":"2024-03-12T21:46:41","slug":"nous-paisatges","status":"publish","type":"post","link":"https:\/\/blocsenresidencia.bcn.cat\/infantaisabelarago2024\/nous-paisatges\/","title":{"rendered":"Nous paisatges"},"content":{"rendered":"\n<figure class=\"wp-block-gallery has-nested-images columns-default is-cropped wp-block-gallery-1 is-layout-flex wp-block-gallery-is-layout-flex\">\n<figure class=\"wp-block-image size-large\"><img loading=\"lazy\" decoding=\"async\" width=\"1024\" height=\"768\" data-id=\"391\" src=\"https:\/\/blocsenresidencia.bcn.cat\/infantaisabelarago2024\/wp-content\/uploads\/2024\/03\/IMG_2568-1024x768.jpg\" alt=\"\" class=\"wp-image-391\" srcset=\"https:\/\/blocsenresidencia.bcn.cat\/infantaisabelarago2024\/wp-content\/uploads\/2024\/03\/IMG_2568-1024x768.jpg 1024w, https:\/\/blocsenresidencia.bcn.cat\/infantaisabelarago2024\/wp-content\/uploads\/2024\/03\/IMG_2568-300x225.jpg 300w, https:\/\/blocsenresidencia.bcn.cat\/infantaisabelarago2024\/wp-content\/uploads\/2024\/03\/IMG_2568-768x576.jpg 768w, https:\/\/blocsenresidencia.bcn.cat\/infantaisabelarago2024\/wp-content\/uploads\/2024\/03\/IMG_2568-1536x1152.jpg 1536w, https:\/\/blocsenresidencia.bcn.cat\/infantaisabelarago2024\/wp-content\/uploads\/2024\/03\/IMG_2568-2048x1536.jpg 2048w\" sizes=\"auto, (max-width: 767px) 89vw, (max-width: 1000px) 54vw, (max-width: 1071px) 543px, 580px\" \/><\/figure>\n\n\n\n<figure class=\"wp-block-image size-large\"><img loading=\"lazy\" decoding=\"async\" width=\"768\" height=\"1024\" data-id=\"390\" src=\"https:\/\/blocsenresidencia.bcn.cat\/infantaisabelarago2024\/wp-content\/uploads\/2024\/03\/IMG_2569-768x1024.jpg\" alt=\"\" class=\"wp-image-390\" srcset=\"https:\/\/blocsenresidencia.bcn.cat\/infantaisabelarago2024\/wp-content\/uploads\/2024\/03\/IMG_2569-768x1024.jpg 768w, https:\/\/blocsenresidencia.bcn.cat\/infantaisabelarago2024\/wp-content\/uploads\/2024\/03\/IMG_2569-225x300.jpg 225w, https:\/\/blocsenresidencia.bcn.cat\/infantaisabelarago2024\/wp-content\/uploads\/2024\/03\/IMG_2569-1152x1536.jpg 1152w, https:\/\/blocsenresidencia.bcn.cat\/infantaisabelarago2024\/wp-content\/uploads\/2024\/03\/IMG_2569-1536x2048.jpg 1536w, https:\/\/blocsenresidencia.bcn.cat\/infantaisabelarago2024\/wp-content\/uploads\/2024\/03\/IMG_2569-scaled.jpg 1920w\" sizes=\"auto, (max-width: 767px) 89vw, (max-width: 1000px) 54vw, (max-width: 1071px) 543px, 580px\" \/><\/figure>\n\n\n\n<figure class=\"wp-block-image size-large\"><img loading=\"lazy\" decoding=\"async\" width=\"768\" height=\"1024\" data-id=\"392\" src=\"https:\/\/blocsenresidencia.bcn.cat\/infantaisabelarago2024\/wp-content\/uploads\/2024\/03\/IMG_2570-768x1024.jpg\" alt=\"\" class=\"wp-image-392\" srcset=\"https:\/\/blocsenresidencia.bcn.cat\/infantaisabelarago2024\/wp-content\/uploads\/2024\/03\/IMG_2570-768x1024.jpg 768w, https:\/\/blocsenresidencia.bcn.cat\/infantaisabelarago2024\/wp-content\/uploads\/2024\/03\/IMG_2570-225x300.jpg 225w, https:\/\/blocsenresidencia.bcn.cat\/infantaisabelarago2024\/wp-content\/uploads\/2024\/03\/IMG_2570-1152x1536.jpg 1152w, https:\/\/blocsenresidencia.bcn.cat\/infantaisabelarago2024\/wp-content\/uploads\/2024\/03\/IMG_2570-1536x2048.jpg 1536w, https:\/\/blocsenresidencia.bcn.cat\/infantaisabelarago2024\/wp-content\/uploads\/2024\/03\/IMG_2570-scaled.jpg 1920w\" sizes=\"auto, (max-width: 767px) 89vw, (max-width: 1000px) 54vw, (max-width: 1071px) 543px, 580px\" \/><\/figure>\n\n\n\n<figure class=\"wp-block-image size-large\"><img loading=\"lazy\" decoding=\"async\" width=\"576\" height=\"1024\" data-id=\"393\" src=\"https:\/\/blocsenresidencia.bcn.cat\/infantaisabelarago2024\/wp-content\/uploads\/2024\/03\/Copia-de-20240119_124735-576x1024.jpg\" alt=\"\" class=\"wp-image-393\" srcset=\"https:\/\/blocsenresidencia.bcn.cat\/infantaisabelarago2024\/wp-content\/uploads\/2024\/03\/Copia-de-20240119_124735-576x1024.jpg 576w, https:\/\/blocsenresidencia.bcn.cat\/infantaisabelarago2024\/wp-content\/uploads\/2024\/03\/Copia-de-20240119_124735-169x300.jpg 169w, https:\/\/blocsenresidencia.bcn.cat\/infantaisabelarago2024\/wp-content\/uploads\/2024\/03\/Copia-de-20240119_124735-768x1365.jpg 768w, https:\/\/blocsenresidencia.bcn.cat\/infantaisabelarago2024\/wp-content\/uploads\/2024\/03\/Copia-de-20240119_124735-864x1536.jpg 864w, https:\/\/blocsenresidencia.bcn.cat\/infantaisabelarago2024\/wp-content\/uploads\/2024\/03\/Copia-de-20240119_124735-1153x2048.jpg 1153w, https:\/\/blocsenresidencia.bcn.cat\/infantaisabelarago2024\/wp-content\/uploads\/2024\/03\/Copia-de-20240119_124735-scaled.jpg 1441w\" sizes=\"auto, (max-width: 576px) 100vw, 576px\" \/><\/figure>\n<\/figure>\n\n\n\n<p>Van fer dos grups de treball per poder experimentar amb un nou material que encara no hav\u00edem provat, el fang blanc. A casc\u00fa de nosaltres li corresponien dos trossets d&#8217;aquest material. La din\u00e0mica consistia a agafar mostres de les petjades que deixaven les coses: sensacions, imperfeccions, esquerdes, el terra&#8230; de tot el que estem envoltats.<br>Vam sortir primers a fer calcs dins de l&#8217;institut i despr\u00e9s per fora, no massa lluny.<\/p>\n\n\n\n<p>Quan vam acabar aix\u00f2 van posar els trossos a la vora de la taula del taller i vam observar com les &#8220;figures&#8221; feien el paisatge de la pla\u00e7a de l&#8217;institut.<\/p>\n","protected":false},"excerpt":{"rendered":"<p>Van fer dos grups de treball per poder experimentar amb un nou material que encara no hav\u00edem provat, el fang blanc. A casc\u00fa de nosaltres li corresponien dos trossets d&#8217;aquest material. La din\u00e0mica consistia a agafar mostres de les petjades que deixaven les coses: sensacions, imperfeccions, esquerdes, el terra&#8230; de tot el que estem envoltats.Vam &hellip; <\/p>\n<p class=\"link-more\"><a href=\"https:\/\/blocsenresidencia.bcn.cat\/infantaisabelarago2024\/nous-paisatges\/\" class=\"more-link\">Continua llegint <span class=\"screen-reader-text\">\u00abNous paisatges\u00bb<\/span><\/a><\/p>\n","protected":false},"author":9,"featured_media":0,"comment_status":"open","ping_status":"open","sticky":false,"template":"","format":"standard","meta":{"footnotes":""},"categories":[1],"tags":[],"class_list":["post-389","post","type-post","status-publish","format-standard","hentry","category-general"],"_links":{"self":[{"href":"https:\/\/blocsenresidencia.bcn.cat\/infantaisabelarago2024\/wp-json\/wp\/v2\/posts\/389","targetHints":{"allow":["GET"]}}],"collection":[{"href":"https:\/\/blocsenresidencia.bcn.cat\/infantaisabelarago2024\/wp-json\/wp\/v2\/posts"}],"about":[{"href":"https:\/\/blocsenresidencia.bcn.cat\/infantaisabelarago2024\/wp-json\/wp\/v2\/types\/post"}],"author":[{"embeddable":true,"href":"https:\/\/blocsenresidencia.bcn.cat\/infantaisabelarago2024\/wp-json\/wp\/v2\/users\/9"}],"replies":[{"embeddable":true,"href":"https:\/\/blocsenresidencia.bcn.cat\/infantaisabelarago2024\/wp-json\/wp\/v2\/comments?post=389"}],"version-history":[{"count":1,"href":"https:\/\/blocsenresidencia.bcn.cat\/infantaisabelarago2024\/wp-json\/wp\/v2\/posts\/389\/revisions"}],"predecessor-version":[{"id":394,"href":"https:\/\/blocsenresidencia.bcn.cat\/infantaisabelarago2024\/wp-json\/wp\/v2\/posts\/389\/revisions\/394"}],"wp:attachment":[{"href":"https:\/\/blocsenresidencia.bcn.cat\/infantaisabelarago2024\/wp-json\/wp\/v2\/media?parent=389"}],"wp:term":[{"taxonomy":"category","embeddable":true,"href":"https:\/\/blocsenresidencia.bcn.cat\/infantaisabelarago2024\/wp-json\/wp\/v2\/categories?post=389"},{"taxonomy":"post_tag","embeddable":true,"href":"https:\/\/blocsenresidencia.bcn.cat\/infantaisabelarago2024\/wp-json\/wp\/v2\/tags?post=389"}],"curies":[{"name":"wp","href":"https:\/\/api.w.org\/{rel}","templated":true}]}}