{"id":416,"date":"2024-06-04T13:26:38","date_gmt":"2024-06-04T11:26:38","guid":{"rendered":"https:\/\/blocsenresidencia.bcn.cat\/infantaisabelarago2024\/?p=416"},"modified":"2024-06-04T13:26:38","modified_gmt":"2024-06-04T11:26:38","slug":"sortida-a-la-casa-mila","status":"publish","type":"post","link":"https:\/\/blocsenresidencia.bcn.cat\/infantaisabelarago2024\/sortida-a-la-casa-mila\/","title":{"rendered":"Sortida a la Casa Mil\u00e0"},"content":{"rendered":"\n<p><\/p>\n\n\n\n<p>En aquesta sortida vam anar a la Pedrera a veure l&#8217;exposici\u00f3 de Barcel\u00f3 anomenada &#8220;<em><strong>Tots som grecs<\/strong><\/em>&#8220;.<\/p>\n\n\n\n<p>Primer, la Marina ens va guiar per l&#8217;exposici\u00f3 mentre ens explicava cada una de les obres i ens demanava la nostra opini\u00f3.<\/p>\n\n\n\n<p>Vam adonar-nos que totes les obres estaven fetes amb argila i tenien la tem\u00e0tica del mar, totes elles de formes sinuoses i org\u00e0niques, amb rastres de la m\u00e0 de l&#8217;artista, de com ho havia dut a terme i que havia utilitzat, com una empremta i aix\u00f2 ens recordaven molt al treball que \u00faltimament est\u00e0vem fent.<\/p>\n\n\n\n<figure class=\"wp-block-gallery has-nested-images columns-default is-cropped wp-block-gallery-1 is-layout-flex wp-block-gallery-is-layout-flex\">\n<figure class=\"wp-block-image size-large\"><img loading=\"lazy\" decoding=\"async\" width=\"1024\" height=\"768\" data-id=\"418\" src=\"https:\/\/blocsenresidencia.bcn.cat\/infantaisabelarago2024\/wp-content\/uploads\/2024\/06\/barcelo4-1024x768.jpg\" alt=\"\" class=\"wp-image-418\" srcset=\"https:\/\/blocsenresidencia.bcn.cat\/infantaisabelarago2024\/wp-content\/uploads\/2024\/06\/barcelo4-1024x768.jpg 1024w, https:\/\/blocsenresidencia.bcn.cat\/infantaisabelarago2024\/wp-content\/uploads\/2024\/06\/barcelo4-300x225.jpg 300w, https:\/\/blocsenresidencia.bcn.cat\/infantaisabelarago2024\/wp-content\/uploads\/2024\/06\/barcelo4-768x576.jpg 768w, https:\/\/blocsenresidencia.bcn.cat\/infantaisabelarago2024\/wp-content\/uploads\/2024\/06\/barcelo4-1536x1152.jpg 1536w, https:\/\/blocsenresidencia.bcn.cat\/infantaisabelarago2024\/wp-content\/uploads\/2024\/06\/barcelo4-2048x1536.jpg 2048w\" sizes=\"auto, (max-width: 767px) 89vw, (max-width: 1000px) 54vw, (max-width: 1071px) 543px, 580px\" \/><\/figure>\n\n\n\n<figure class=\"wp-block-image size-large\"><img loading=\"lazy\" decoding=\"async\" width=\"840\" height=\"1024\" data-id=\"417\" src=\"https:\/\/blocsenresidencia.bcn.cat\/infantaisabelarago2024\/wp-content\/uploads\/2024\/06\/Captura-de-Pantalla-2024-06-04-a-las-13.22.49-840x1024.png\" alt=\"\" class=\"wp-image-417\" srcset=\"https:\/\/blocsenresidencia.bcn.cat\/infantaisabelarago2024\/wp-content\/uploads\/2024\/06\/Captura-de-Pantalla-2024-06-04-a-las-13.22.49-840x1024.png 840w, https:\/\/blocsenresidencia.bcn.cat\/infantaisabelarago2024\/wp-content\/uploads\/2024\/06\/Captura-de-Pantalla-2024-06-04-a-las-13.22.49-246x300.png 246w, https:\/\/blocsenresidencia.bcn.cat\/infantaisabelarago2024\/wp-content\/uploads\/2024\/06\/Captura-de-Pantalla-2024-06-04-a-las-13.22.49-768x936.png 768w, https:\/\/blocsenresidencia.bcn.cat\/infantaisabelarago2024\/wp-content\/uploads\/2024\/06\/Captura-de-Pantalla-2024-06-04-a-las-13.22.49.png 906w\" sizes=\"auto, (max-width: 767px) 89vw, (max-width: 1000px) 54vw, (max-width: 1071px) 543px, 580px\" \/><\/figure>\n\n\n\n<figure class=\"wp-block-image size-large\"><img loading=\"lazy\" decoding=\"async\" width=\"768\" height=\"1024\" data-id=\"420\" src=\"https:\/\/blocsenresidencia.bcn.cat\/infantaisabelarago2024\/wp-content\/uploads\/2024\/06\/IMG_3545_barcelo3-768x1024.jpg\" alt=\"\" class=\"wp-image-420\" srcset=\"https:\/\/blocsenresidencia.bcn.cat\/infantaisabelarago2024\/wp-content\/uploads\/2024\/06\/IMG_3545_barcelo3-768x1024.jpg 768w, https:\/\/blocsenresidencia.bcn.cat\/infantaisabelarago2024\/wp-content\/uploads\/2024\/06\/IMG_3545_barcelo3-225x300.jpg 225w, https:\/\/blocsenresidencia.bcn.cat\/infantaisabelarago2024\/wp-content\/uploads\/2024\/06\/IMG_3545_barcelo3-1152x1536.jpg 1152w, https:\/\/blocsenresidencia.bcn.cat\/infantaisabelarago2024\/wp-content\/uploads\/2024\/06\/IMG_3545_barcelo3-1536x2048.jpg 1536w, https:\/\/blocsenresidencia.bcn.cat\/infantaisabelarago2024\/wp-content\/uploads\/2024\/06\/IMG_3545_barcelo3-scaled.jpg 1920w\" sizes=\"auto, (max-width: 767px) 89vw, (max-width: 1000px) 54vw, (max-width: 1071px) 543px, 580px\" \/><\/figure>\n\n\n\n<figure class=\"wp-block-image size-large\"><img loading=\"lazy\" decoding=\"async\" width=\"1024\" height=\"768\" data-id=\"421\" src=\"https:\/\/blocsenresidencia.bcn.cat\/infantaisabelarago2024\/wp-content\/uploads\/2024\/06\/IMG_3548_barcelo1-1024x768.jpg\" alt=\"\" class=\"wp-image-421\" srcset=\"https:\/\/blocsenresidencia.bcn.cat\/infantaisabelarago2024\/wp-content\/uploads\/2024\/06\/IMG_3548_barcelo1-1024x768.jpg 1024w, https:\/\/blocsenresidencia.bcn.cat\/infantaisabelarago2024\/wp-content\/uploads\/2024\/06\/IMG_3548_barcelo1-300x225.jpg 300w, https:\/\/blocsenresidencia.bcn.cat\/infantaisabelarago2024\/wp-content\/uploads\/2024\/06\/IMG_3548_barcelo1-768x576.jpg 768w, https:\/\/blocsenresidencia.bcn.cat\/infantaisabelarago2024\/wp-content\/uploads\/2024\/06\/IMG_3548_barcelo1-1536x1152.jpg 1536w, https:\/\/blocsenresidencia.bcn.cat\/infantaisabelarago2024\/wp-content\/uploads\/2024\/06\/IMG_3548_barcelo1-2048x1536.jpg 2048w\" sizes=\"auto, (max-width: 767px) 89vw, (max-width: 1000px) 54vw, (max-width: 1071px) 543px, 580px\" \/><\/figure>\n<\/figure>\n","protected":false},"excerpt":{"rendered":"<p>En aquesta sortida vam anar a la Pedrera a veure l&#8217;exposici\u00f3 de Barcel\u00f3 anomenada &#8220;Tots som grecs&#8220;. Primer, la Marina ens va guiar per l&#8217;exposici\u00f3 mentre ens explicava cada una de les obres i ens demanava la nostra opini\u00f3. Vam adonar-nos que totes les obres estaven fetes amb argila i tenien la tem\u00e0tica del mar, &hellip; <\/p>\n<p class=\"link-more\"><a href=\"https:\/\/blocsenresidencia.bcn.cat\/infantaisabelarago2024\/sortida-a-la-casa-mila\/\" class=\"more-link\">Continua llegint <span class=\"screen-reader-text\">\u00abSortida a la Casa Mil\u00e0\u00bb<\/span><\/a><\/p>\n","protected":false},"author":9,"featured_media":0,"comment_status":"open","ping_status":"open","sticky":false,"template":"","format":"standard","meta":{"footnotes":""},"categories":[1],"tags":[],"class_list":["post-416","post","type-post","status-publish","format-standard","hentry","category-general"],"_links":{"self":[{"href":"https:\/\/blocsenresidencia.bcn.cat\/infantaisabelarago2024\/wp-json\/wp\/v2\/posts\/416","targetHints":{"allow":["GET"]}}],"collection":[{"href":"https:\/\/blocsenresidencia.bcn.cat\/infantaisabelarago2024\/wp-json\/wp\/v2\/posts"}],"about":[{"href":"https:\/\/blocsenresidencia.bcn.cat\/infantaisabelarago2024\/wp-json\/wp\/v2\/types\/post"}],"author":[{"embeddable":true,"href":"https:\/\/blocsenresidencia.bcn.cat\/infantaisabelarago2024\/wp-json\/wp\/v2\/users\/9"}],"replies":[{"embeddable":true,"href":"https:\/\/blocsenresidencia.bcn.cat\/infantaisabelarago2024\/wp-json\/wp\/v2\/comments?post=416"}],"version-history":[{"count":1,"href":"https:\/\/blocsenresidencia.bcn.cat\/infantaisabelarago2024\/wp-json\/wp\/v2\/posts\/416\/revisions"}],"predecessor-version":[{"id":422,"href":"https:\/\/blocsenresidencia.bcn.cat\/infantaisabelarago2024\/wp-json\/wp\/v2\/posts\/416\/revisions\/422"}],"wp:attachment":[{"href":"https:\/\/blocsenresidencia.bcn.cat\/infantaisabelarago2024\/wp-json\/wp\/v2\/media?parent=416"}],"wp:term":[{"taxonomy":"category","embeddable":true,"href":"https:\/\/blocsenresidencia.bcn.cat\/infantaisabelarago2024\/wp-json\/wp\/v2\/categories?post=416"},{"taxonomy":"post_tag","embeddable":true,"href":"https:\/\/blocsenresidencia.bcn.cat\/infantaisabelarago2024\/wp-json\/wp\/v2\/tags?post=416"}],"curies":[{"name":"wp","href":"https:\/\/api.w.org\/{rel}","templated":true}]}}