{"id":476,"date":"2024-06-18T12:50:05","date_gmt":"2024-06-18T10:50:05","guid":{"rendered":"https:\/\/blocsenresidencia.bcn.cat\/infantaisabelarago2024\/?p=476"},"modified":"2024-06-18T12:50:05","modified_gmt":"2024-06-18T10:50:05","slug":"muntatge-exposicio","status":"publish","type":"post","link":"https:\/\/blocsenresidencia.bcn.cat\/infantaisabelarago2024\/muntatge-exposicio\/","title":{"rendered":"Muntatge exposici\u00f3"},"content":{"rendered":"\n<p>Ja tenim tot preparat!<br>Despr\u00e9s de cinc sessions a\u00a0la Escocesa\u00a0preparant les nostres peces ens trobem a la recta final, el muntatge de la nostra exposici\u00f3. Durant tres dies ens trobarem al Centre C\u00edvic Sant Mart\u00ed per preparar la mostra del nostre treball.<\/p>\n\n\n\n<figure class=\"wp-block-gallery has-nested-images columns-default is-cropped wp-block-gallery-1 is-layout-flex wp-block-gallery-is-layout-flex\">\n<figure class=\"wp-block-image size-large\"><img loading=\"lazy\" decoding=\"async\" width=\"768\" height=\"1024\" data-id=\"477\" src=\"https:\/\/blocsenresidencia.bcn.cat\/infantaisabelarago2024\/wp-content\/uploads\/2024\/06\/expo-3-768x1024.jpg\" alt=\"\" class=\"wp-image-477\" srcset=\"https:\/\/blocsenresidencia.bcn.cat\/infantaisabelarago2024\/wp-content\/uploads\/2024\/06\/expo-3-768x1024.jpg 768w, https:\/\/blocsenresidencia.bcn.cat\/infantaisabelarago2024\/wp-content\/uploads\/2024\/06\/expo-3-225x300.jpg 225w, https:\/\/blocsenresidencia.bcn.cat\/infantaisabelarago2024\/wp-content\/uploads\/2024\/06\/expo-3-1152x1536.jpg 1152w, https:\/\/blocsenresidencia.bcn.cat\/infantaisabelarago2024\/wp-content\/uploads\/2024\/06\/expo-3-1536x2048.jpg 1536w, https:\/\/blocsenresidencia.bcn.cat\/infantaisabelarago2024\/wp-content\/uploads\/2024\/06\/expo-3-scaled.jpg 1920w\" sizes=\"auto, (max-width: 767px) 89vw, (max-width: 1000px) 54vw, (max-width: 1071px) 543px, 580px\" \/><\/figure>\n\n\n\n<figure class=\"wp-block-image size-large\"><img loading=\"lazy\" decoding=\"async\" width=\"576\" height=\"1024\" data-id=\"478\" src=\"https:\/\/blocsenresidencia.bcn.cat\/infantaisabelarago2024\/wp-content\/uploads\/2024\/06\/expo1-576x1024.jpg\" alt=\"\" class=\"wp-image-478\" srcset=\"https:\/\/blocsenresidencia.bcn.cat\/infantaisabelarago2024\/wp-content\/uploads\/2024\/06\/expo1-576x1024.jpg 576w, https:\/\/blocsenresidencia.bcn.cat\/infantaisabelarago2024\/wp-content\/uploads\/2024\/06\/expo1-169x300.jpg 169w, https:\/\/blocsenresidencia.bcn.cat\/infantaisabelarago2024\/wp-content\/uploads\/2024\/06\/expo1-768x1365.jpg 768w, https:\/\/blocsenresidencia.bcn.cat\/infantaisabelarago2024\/wp-content\/uploads\/2024\/06\/expo1-864x1536.jpg 864w, https:\/\/blocsenresidencia.bcn.cat\/infantaisabelarago2024\/wp-content\/uploads\/2024\/06\/expo1-1152x2048.jpg 1152w, https:\/\/blocsenresidencia.bcn.cat\/infantaisabelarago2024\/wp-content\/uploads\/2024\/06\/expo1-scaled.jpg 1440w\" sizes=\"auto, (max-width: 576px) 100vw, 576px\" \/><\/figure>\n\n\n\n<figure class=\"wp-block-image size-large\"><img loading=\"lazy\" decoding=\"async\" width=\"576\" height=\"1024\" data-id=\"479\" src=\"https:\/\/blocsenresidencia.bcn.cat\/infantaisabelarago2024\/wp-content\/uploads\/2024\/06\/expo2-576x1024.jpg\" alt=\"\" class=\"wp-image-479\" srcset=\"https:\/\/blocsenresidencia.bcn.cat\/infantaisabelarago2024\/wp-content\/uploads\/2024\/06\/expo2-576x1024.jpg 576w, https:\/\/blocsenresidencia.bcn.cat\/infantaisabelarago2024\/wp-content\/uploads\/2024\/06\/expo2-169x300.jpg 169w, https:\/\/blocsenresidencia.bcn.cat\/infantaisabelarago2024\/wp-content\/uploads\/2024\/06\/expo2-768x1365.jpg 768w, https:\/\/blocsenresidencia.bcn.cat\/infantaisabelarago2024\/wp-content\/uploads\/2024\/06\/expo2-864x1536.jpg 864w, https:\/\/blocsenresidencia.bcn.cat\/infantaisabelarago2024\/wp-content\/uploads\/2024\/06\/expo2-1152x2048.jpg 1152w, https:\/\/blocsenresidencia.bcn.cat\/infantaisabelarago2024\/wp-content\/uploads\/2024\/06\/expo2-scaled.jpg 1440w\" sizes=\"auto, (max-width: 576px) 100vw, 576px\" \/><\/figure>\n<\/figure>\n","protected":false},"excerpt":{"rendered":"<p>Ja tenim tot preparat!Despr\u00e9s de cinc sessions a\u00a0la Escocesa\u00a0preparant les nostres peces ens trobem a la recta final, el muntatge de la nostra exposici\u00f3. Durant tres dies ens trobarem al Centre C\u00edvic Sant Mart\u00ed per preparar la mostra del nostre treball.<\/p>\n","protected":false},"author":9,"featured_media":0,"comment_status":"open","ping_status":"open","sticky":false,"template":"","format":"standard","meta":{"footnotes":""},"categories":[1],"tags":[],"class_list":["post-476","post","type-post","status-publish","format-standard","hentry","category-general"],"_links":{"self":[{"href":"https:\/\/blocsenresidencia.bcn.cat\/infantaisabelarago2024\/wp-json\/wp\/v2\/posts\/476","targetHints":{"allow":["GET"]}}],"collection":[{"href":"https:\/\/blocsenresidencia.bcn.cat\/infantaisabelarago2024\/wp-json\/wp\/v2\/posts"}],"about":[{"href":"https:\/\/blocsenresidencia.bcn.cat\/infantaisabelarago2024\/wp-json\/wp\/v2\/types\/post"}],"author":[{"embeddable":true,"href":"https:\/\/blocsenresidencia.bcn.cat\/infantaisabelarago2024\/wp-json\/wp\/v2\/users\/9"}],"replies":[{"embeddable":true,"href":"https:\/\/blocsenresidencia.bcn.cat\/infantaisabelarago2024\/wp-json\/wp\/v2\/comments?post=476"}],"version-history":[{"count":1,"href":"https:\/\/blocsenresidencia.bcn.cat\/infantaisabelarago2024\/wp-json\/wp\/v2\/posts\/476\/revisions"}],"predecessor-version":[{"id":480,"href":"https:\/\/blocsenresidencia.bcn.cat\/infantaisabelarago2024\/wp-json\/wp\/v2\/posts\/476\/revisions\/480"}],"wp:attachment":[{"href":"https:\/\/blocsenresidencia.bcn.cat\/infantaisabelarago2024\/wp-json\/wp\/v2\/media?parent=476"}],"wp:term":[{"taxonomy":"category","embeddable":true,"href":"https:\/\/blocsenresidencia.bcn.cat\/infantaisabelarago2024\/wp-json\/wp\/v2\/categories?post=476"},{"taxonomy":"post_tag","embeddable":true,"href":"https:\/\/blocsenresidencia.bcn.cat\/infantaisabelarago2024\/wp-json\/wp\/v2\/tags?post=476"}],"curies":[{"name":"wp","href":"https:\/\/api.w.org\/{rel}","templated":true}]}}