{"id":481,"date":"2024-06-18T13:02:37","date_gmt":"2024-06-18T11:02:37","guid":{"rendered":"https:\/\/blocsenresidencia.bcn.cat\/infantaisabelarago2024\/?p=481"},"modified":"2024-06-18T13:02:37","modified_gmt":"2024-06-18T11:02:37","slug":"el-nostre-proces-de-treball","status":"publish","type":"post","link":"https:\/\/blocsenresidencia.bcn.cat\/infantaisabelarago2024\/el-nostre-proces-de-treball\/","title":{"rendered":"El nostre proc\u00e9s de treball"},"content":{"rendered":"\n<p>Aqu\u00ed us deixem un petit resum del nostre proc\u00e9s de creaci\u00f3. Aquest v\u00eddeo formava part de l&#8217;exposici\u00f3 al Centre C\u00edvic.<br>Ha estat realitzat per la Thais Medina que durant totes les sessions ha dedicat una mica del seu temps a gravar-nos mentre treball\u00e0vem.<\/p>\n\n\n\n<p><\/p>\n\n\n\n<figure class=\"wp-block-video\"><video controls src=\"https:\/\/blocsenresidencia.bcn.cat\/infantaisabelarago2024\/wp-content\/uploads\/2024\/06\/ex9.mov\"><\/video><\/figure>\n","protected":false},"excerpt":{"rendered":"<p>Aqu\u00ed us deixem un petit resum del nostre proc\u00e9s de creaci\u00f3. Aquest v\u00eddeo formava part de l&#8217;exposici\u00f3 al Centre C\u00edvic.Ha estat realitzat per la Thais Medina que durant totes les sessions ha dedicat una mica del seu temps a gravar-nos mentre treball\u00e0vem.<\/p>\n","protected":false},"author":9,"featured_media":0,"comment_status":"open","ping_status":"open","sticky":false,"template":"","format":"standard","meta":{"footnotes":""},"categories":[1],"tags":[],"class_list":["post-481","post","type-post","status-publish","format-standard","hentry","category-general"],"_links":{"self":[{"href":"https:\/\/blocsenresidencia.bcn.cat\/infantaisabelarago2024\/wp-json\/wp\/v2\/posts\/481","targetHints":{"allow":["GET"]}}],"collection":[{"href":"https:\/\/blocsenresidencia.bcn.cat\/infantaisabelarago2024\/wp-json\/wp\/v2\/posts"}],"about":[{"href":"https:\/\/blocsenresidencia.bcn.cat\/infantaisabelarago2024\/wp-json\/wp\/v2\/types\/post"}],"author":[{"embeddable":true,"href":"https:\/\/blocsenresidencia.bcn.cat\/infantaisabelarago2024\/wp-json\/wp\/v2\/users\/9"}],"replies":[{"embeddable":true,"href":"https:\/\/blocsenresidencia.bcn.cat\/infantaisabelarago2024\/wp-json\/wp\/v2\/comments?post=481"}],"version-history":[{"count":1,"href":"https:\/\/blocsenresidencia.bcn.cat\/infantaisabelarago2024\/wp-json\/wp\/v2\/posts\/481\/revisions"}],"predecessor-version":[{"id":483,"href":"https:\/\/blocsenresidencia.bcn.cat\/infantaisabelarago2024\/wp-json\/wp\/v2\/posts\/481\/revisions\/483"}],"wp:attachment":[{"href":"https:\/\/blocsenresidencia.bcn.cat\/infantaisabelarago2024\/wp-json\/wp\/v2\/media?parent=481"}],"wp:term":[{"taxonomy":"category","embeddable":true,"href":"https:\/\/blocsenresidencia.bcn.cat\/infantaisabelarago2024\/wp-json\/wp\/v2\/categories?post=481"},{"taxonomy":"post_tag","embeddable":true,"href":"https:\/\/blocsenresidencia.bcn.cat\/infantaisabelarago2024\/wp-json\/wp\/v2\/tags?post=481"}],"curies":[{"name":"wp","href":"https:\/\/api.w.org\/{rel}","templated":true}]}}