{"id":349,"date":"2024-01-22T12:53:04","date_gmt":"2024-01-22T10:53:04","guid":{"rendered":"https:\/\/blocsenresidencia.bcn.cat\/jaumebalmes2024\/?p=349"},"modified":"2024-01-22T12:53:04","modified_gmt":"2024-01-22T10:53:04","slug":"experimentem-amb-cuchara","status":"publish","type":"post","link":"https:\/\/blocsenresidencia.bcn.cat\/jaumebalmes2024\/experimentem-amb-cuchara\/","title":{"rendered":"Experimentem amb Cuchara"},"content":{"rendered":"\n<figure class=\"wp-block-image size-large\"><img loading=\"lazy\" decoding=\"async\" width=\"1024\" height=\"768\" src=\"https:\/\/blocsenresidencia.bcn.cat\/jaumebalmes2024\/wp-content\/uploads\/2024\/01\/IMG_20231107_125216-1024x768.jpg\" alt=\"\" class=\"wp-image-401\" srcset=\"https:\/\/blocsenresidencia.bcn.cat\/jaumebalmes2024\/wp-content\/uploads\/2024\/01\/IMG_20231107_125216-1024x768.jpg 1024w, https:\/\/blocsenresidencia.bcn.cat\/jaumebalmes2024\/wp-content\/uploads\/2024\/01\/IMG_20231107_125216-300x225.jpg 300w, https:\/\/blocsenresidencia.bcn.cat\/jaumebalmes2024\/wp-content\/uploads\/2024\/01\/IMG_20231107_125216-768x576.jpg 768w, https:\/\/blocsenresidencia.bcn.cat\/jaumebalmes2024\/wp-content\/uploads\/2024\/01\/IMG_20231107_125216-1536x1152.jpg 1536w, https:\/\/blocsenresidencia.bcn.cat\/jaumebalmes2024\/wp-content\/uploads\/2024\/01\/IMG_20231107_125216-2048x1536.jpg 2048w\" sizes=\"auto, (max-width: 767px) 89vw, (max-width: 1000px) 54vw, (max-width: 1071px) 543px, 580px\" \/><\/figure>\n\n\n\n<p>Sis\u00e8 dia que tamb\u00e9 vam tenir una altra excursi\u00f3 per\u00f2 una diferent. (ETHAN)<\/p>\n\n\n\n<p>El 7 de novembre vam anar d&#8217;excursi\u00f3 a on treballa en Joan, el lloc es diu <a href=\"https:\/\/experimentem.org\/\">Experimentem<\/a> i est\u00e0 ubicat per l&#8217;estaci\u00f3 de Fontana. \u00c9s un edifici on es fan tallers i estan diversos artistes. (DEBORA)<\/p>\n\n\n\n<p>All\u00e0 estaven&nbsp;<a href=\"https:\/\/cuchara.cat\/\">Cuchara<\/a>, dues noies&nbsp;que podreixen menjar. (MARC)<\/p>\n\n\n\n<p>Per dir-ho d&#8217;una manera &#8220;revivien&#8221; la fruita podrida o quasi podrida. (OLIVIA)<\/p>\n\n\n\n<p>Primer vam anar a una sala petita i vam comen\u00e7ar a fer una mica de pluja d&#8217;idees sobre que pensaven que era la fermentaci\u00f3. (DEBORA)<\/p>\n\n\n\n<p>Sobre menjars que es podien podrir i que era podrir-se i altres coses d&#8217;aquest estil. (OLIVIA)<\/p>\n\n\n\n<p>Vam sentar-nos mentre elles escrivien lo que an\u00e0vem dient sobre els ferments. (MARC)<\/p>\n\n\n\n<figure class=\"wp-block-gallery has-nested-images columns-default is-cropped wp-block-gallery-1 is-layout-flex wp-block-gallery-is-layout-flex\">\n<figure class=\"wp-block-image size-large\"><img loading=\"lazy\" decoding=\"async\" width=\"1024\" height=\"768\" data-id=\"357\" src=\"https:\/\/blocsenresidencia.bcn.cat\/jaumebalmes2024\/wp-content\/uploads\/2023\/12\/WhatsApp-Image-2023-11-07-at-14.30.29-1024x768.jpeg\" alt=\"\" class=\"wp-image-357\" srcset=\"https:\/\/blocsenresidencia.bcn.cat\/jaumebalmes2024\/wp-content\/uploads\/2023\/12\/WhatsApp-Image-2023-11-07-at-14.30.29-1024x768.jpeg 1024w, https:\/\/blocsenresidencia.bcn.cat\/jaumebalmes2024\/wp-content\/uploads\/2023\/12\/WhatsApp-Image-2023-11-07-at-14.30.29-300x225.jpeg 300w, https:\/\/blocsenresidencia.bcn.cat\/jaumebalmes2024\/wp-content\/uploads\/2023\/12\/WhatsApp-Image-2023-11-07-at-14.30.29-768x576.jpeg 768w, https:\/\/blocsenresidencia.bcn.cat\/jaumebalmes2024\/wp-content\/uploads\/2023\/12\/WhatsApp-Image-2023-11-07-at-14.30.29-1536x1152.jpeg 1536w, https:\/\/blocsenresidencia.bcn.cat\/jaumebalmes2024\/wp-content\/uploads\/2023\/12\/WhatsApp-Image-2023-11-07-at-14.30.29.jpeg 2000w\" sizes=\"auto, (max-width: 767px) 89vw, (max-width: 1000px) 54vw, (max-width: 1071px) 543px, 580px\" \/><\/figure>\n<\/figure>\n\n\n\n<figure class=\"wp-block-gallery has-nested-images columns-default is-cropped wp-block-gallery-2 is-layout-flex wp-block-gallery-is-layout-flex\">\n<figure class=\"wp-block-image size-large\"><img loading=\"lazy\" decoding=\"async\" width=\"768\" height=\"1024\" data-id=\"363\" src=\"https:\/\/blocsenresidencia.bcn.cat\/jaumebalmes2024\/wp-content\/uploads\/2023\/12\/WhatsApp-Image-2023-11-07-at-14.30.27-2-768x1024.jpeg\" alt=\"\" class=\"wp-image-363\" srcset=\"https:\/\/blocsenresidencia.bcn.cat\/jaumebalmes2024\/wp-content\/uploads\/2023\/12\/WhatsApp-Image-2023-11-07-at-14.30.27-2-768x1024.jpeg 768w, https:\/\/blocsenresidencia.bcn.cat\/jaumebalmes2024\/wp-content\/uploads\/2023\/12\/WhatsApp-Image-2023-11-07-at-14.30.27-2-225x300.jpeg 225w, https:\/\/blocsenresidencia.bcn.cat\/jaumebalmes2024\/wp-content\/uploads\/2023\/12\/WhatsApp-Image-2023-11-07-at-14.30.27-2-1152x1536.jpeg 1152w, https:\/\/blocsenresidencia.bcn.cat\/jaumebalmes2024\/wp-content\/uploads\/2023\/12\/WhatsApp-Image-2023-11-07-at-14.30.27-2.jpeg 1500w\" sizes=\"auto, (max-width: 767px) 89vw, (max-width: 1000px) 54vw, (max-width: 1071px) 543px, 580px\" \/><\/figure>\n\n\n\n<figure class=\"wp-block-image size-large\"><img loading=\"lazy\" decoding=\"async\" width=\"768\" height=\"1024\" data-id=\"364\" src=\"https:\/\/blocsenresidencia.bcn.cat\/jaumebalmes2024\/wp-content\/uploads\/2023\/12\/WhatsApp-Image-2023-11-07-at-14.30.27-1-768x1024.jpeg\" alt=\"\" class=\"wp-image-364\" srcset=\"https:\/\/blocsenresidencia.bcn.cat\/jaumebalmes2024\/wp-content\/uploads\/2023\/12\/WhatsApp-Image-2023-11-07-at-14.30.27-1-768x1024.jpeg 768w, https:\/\/blocsenresidencia.bcn.cat\/jaumebalmes2024\/wp-content\/uploads\/2023\/12\/WhatsApp-Image-2023-11-07-at-14.30.27-1-225x300.jpeg 225w, https:\/\/blocsenresidencia.bcn.cat\/jaumebalmes2024\/wp-content\/uploads\/2023\/12\/WhatsApp-Image-2023-11-07-at-14.30.27-1-1152x1536.jpeg 1152w, https:\/\/blocsenresidencia.bcn.cat\/jaumebalmes2024\/wp-content\/uploads\/2023\/12\/WhatsApp-Image-2023-11-07-at-14.30.27-1.jpeg 1500w\" sizes=\"auto, (max-width: 767px) 89vw, (max-width: 1000px) 54vw, (max-width: 1071px) 543px, 580px\" \/><\/figure>\n<\/figure>\n\n\n\n<div data-wp-interactive=\"core\/file\" class=\"wp-block-file\"><object data-wp-bind--hidden=\"!state.hasPdfPreview\" hidden class=\"wp-block-file__embed\" data=\"https:\/\/blocsenresidencia.bcn.cat\/jaumebalmes2024\/wp-content\/uploads\/2023\/12\/fermentacio_que-ens-ve-al-cap_cuchara.pdf\" type=\"application\/pdf\" style=\"width:100%;height:600px\" aria-label=\"Incrustaci\u00f3 del fitxer fermentacio_que-ens-ve-al-cap_cuchara.\"><\/object><a id=\"wp-block-file--media-c802c719-84f8-4048-be65-723a3cbb4224\" href=\"https:\/\/blocsenresidencia.bcn.cat\/jaumebalmes2024\/wp-content\/uploads\/2023\/12\/fermentacio_que-ens-ve-al-cap_cuchara.pdf\" target=\"_blank\" rel=\"noreferrer noopener\">fermentacio_que-ens-ve-al-cap_cuchara<\/a><\/div>\n\n\n\n<p>Un cop vam acabar aix\u00f2 vam tornar a sortir al pati i ens vam posar a treballar. (OLIVIA)<\/p>\n\n\n\n<p>On vam deixar les verdures i fruites que vam portar i el material tamb\u00e9. Cuchara ens va portar tamb\u00e9 unes verdures i pots de vidre. Vam comen\u00e7ar pelant i tallant les coses i separant-les per grups de temporada i les fruites les vam posar en un grup diferent per\u00f2 tamb\u00e9 li vam afegir pastanaga. (DEBORA)<\/p>\n\n\n\n<p>Cada grup va decidir amb qu\u00e8 volia treballar, en el meu cas amb verdura i vam comen\u00e7ar a tallar-la i posar-la dins del pot. Un cop estava tot a dins i tallat, ens van explicar que perqu\u00e8 tot funcion\u00e9s hav\u00edem de posar-li aigua, en el cas de la verdura era aigua amb sal, per cada 100\u202fml 7\u202fg de sal. En les fruites posaves sucre en comptes de sal. (OLIVIA)<\/p>\n\n\n\n<p>Vam veure els pasos per regular un ferment i vam parlar dels diferents aliments i bacteris que fan que es produeixi la fermentacion. (YASNA)<\/p>\n\n\n\n<p>Despr\u00e9s d&#8217;haver acabat els vam agrupar per portar-los a l&#8217;institut, per\u00f2, abans en Joan ens va fer una volta pel edifici i la seva oficina. Quan vam tornar a l&#8217;institut vam guardar els pots que portaven verdures m\u00e9s sucoses a la nevera. A continuaci\u00f3 podr\u00e0s veure com ens va quedar el nostre pot i una mica del proc\u00e9s. (DEBORA)<\/p>\n\n\n\n<figure class=\"wp-block-image size-large\"><img loading=\"lazy\" decoding=\"async\" width=\"1024\" height=\"768\" src=\"https:\/\/blocsenresidencia.bcn.cat\/jaumebalmes2024\/wp-content\/uploads\/2024\/01\/IMG_20231107_114540-1024x768.jpg\" alt=\"\" class=\"wp-image-390\" srcset=\"https:\/\/blocsenresidencia.bcn.cat\/jaumebalmes2024\/wp-content\/uploads\/2024\/01\/IMG_20231107_114540-1024x768.jpg 1024w, https:\/\/blocsenresidencia.bcn.cat\/jaumebalmes2024\/wp-content\/uploads\/2024\/01\/IMG_20231107_114540-300x225.jpg 300w, https:\/\/blocsenresidencia.bcn.cat\/jaumebalmes2024\/wp-content\/uploads\/2024\/01\/IMG_20231107_114540-768x576.jpg 768w, https:\/\/blocsenresidencia.bcn.cat\/jaumebalmes2024\/wp-content\/uploads\/2024\/01\/IMG_20231107_114540-1536x1152.jpg 1536w, https:\/\/blocsenresidencia.bcn.cat\/jaumebalmes2024\/wp-content\/uploads\/2024\/01\/IMG_20231107_114540-2048x1536.jpg 2048w\" sizes=\"auto, (max-width: 767px) 89vw, (max-width: 1000px) 54vw, (max-width: 1071px) 543px, 580px\" \/><\/figure>\n\n\n\n<figure class=\"wp-block-gallery has-nested-images columns-default is-cropped wp-block-gallery-3 is-layout-flex wp-block-gallery-is-layout-flex\">\n<figure class=\"wp-block-image size-large\"><img loading=\"lazy\" decoding=\"async\" width=\"768\" height=\"1024\" data-id=\"383\" src=\"https:\/\/blocsenresidencia.bcn.cat\/jaumebalmes2024\/wp-content\/uploads\/2024\/01\/IMG_20231107_121222-4-768x1024.jpg\" alt=\"\" class=\"wp-image-383\" srcset=\"https:\/\/blocsenresidencia.bcn.cat\/jaumebalmes2024\/wp-content\/uploads\/2024\/01\/IMG_20231107_121222-4-768x1024.jpg 768w, https:\/\/blocsenresidencia.bcn.cat\/jaumebalmes2024\/wp-content\/uploads\/2024\/01\/IMG_20231107_121222-4-225x300.jpg 225w, https:\/\/blocsenresidencia.bcn.cat\/jaumebalmes2024\/wp-content\/uploads\/2024\/01\/IMG_20231107_121222-4-1152x1536.jpg 1152w, https:\/\/blocsenresidencia.bcn.cat\/jaumebalmes2024\/wp-content\/uploads\/2024\/01\/IMG_20231107_121222-4-1536x2048.jpg 1536w, https:\/\/blocsenresidencia.bcn.cat\/jaumebalmes2024\/wp-content\/uploads\/2024\/01\/IMG_20231107_121222-4-scaled.jpg 1920w\" sizes=\"auto, (max-width: 767px) 89vw, (max-width: 1000px) 54vw, (max-width: 1071px) 543px, 580px\" \/><\/figure>\n\n\n\n<figure class=\"wp-block-image size-large\"><img loading=\"lazy\" decoding=\"async\" width=\"768\" height=\"1024\" data-id=\"384\" src=\"https:\/\/blocsenresidencia.bcn.cat\/jaumebalmes2024\/wp-content\/uploads\/2024\/01\/IMG_20231107_121959_1-768x1024.jpg\" alt=\"\" class=\"wp-image-384\" srcset=\"https:\/\/blocsenresidencia.bcn.cat\/jaumebalmes2024\/wp-content\/uploads\/2024\/01\/IMG_20231107_121959_1-768x1024.jpg 768w, https:\/\/blocsenresidencia.bcn.cat\/jaumebalmes2024\/wp-content\/uploads\/2024\/01\/IMG_20231107_121959_1-225x300.jpg 225w, https:\/\/blocsenresidencia.bcn.cat\/jaumebalmes2024\/wp-content\/uploads\/2024\/01\/IMG_20231107_121959_1-1152x1536.jpg 1152w, https:\/\/blocsenresidencia.bcn.cat\/jaumebalmes2024\/wp-content\/uploads\/2024\/01\/IMG_20231107_121959_1-1536x2048.jpg 1536w, https:\/\/blocsenresidencia.bcn.cat\/jaumebalmes2024\/wp-content\/uploads\/2024\/01\/IMG_20231107_121959_1-scaled.jpg 1920w\" sizes=\"auto, (max-width: 767px) 89vw, (max-width: 1000px) 54vw, (max-width: 1071px) 543px, 580px\" \/><\/figure>\n<\/figure>\n\n\n\n<figure class=\"wp-block-gallery has-nested-images columns-default is-cropped wp-block-gallery-4 is-layout-flex wp-block-gallery-is-layout-flex\">\n<figure class=\"wp-block-image size-large\"><img loading=\"lazy\" decoding=\"async\" width=\"1024\" height=\"768\" data-id=\"389\" src=\"https:\/\/blocsenresidencia.bcn.cat\/jaumebalmes2024\/wp-content\/uploads\/2024\/01\/IMG_20231107_122112_1-1024x768.jpg\" alt=\"\" class=\"wp-image-389\" srcset=\"https:\/\/blocsenresidencia.bcn.cat\/jaumebalmes2024\/wp-content\/uploads\/2024\/01\/IMG_20231107_122112_1-1024x768.jpg 1024w, https:\/\/blocsenresidencia.bcn.cat\/jaumebalmes2024\/wp-content\/uploads\/2024\/01\/IMG_20231107_122112_1-300x225.jpg 300w, https:\/\/blocsenresidencia.bcn.cat\/jaumebalmes2024\/wp-content\/uploads\/2024\/01\/IMG_20231107_122112_1-768x576.jpg 768w, https:\/\/blocsenresidencia.bcn.cat\/jaumebalmes2024\/wp-content\/uploads\/2024\/01\/IMG_20231107_122112_1-1536x1152.jpg 1536w, https:\/\/blocsenresidencia.bcn.cat\/jaumebalmes2024\/wp-content\/uploads\/2024\/01\/IMG_20231107_122112_1-2048x1536.jpg 2048w\" sizes=\"auto, (max-width: 767px) 89vw, (max-width: 1000px) 54vw, (max-width: 1071px) 543px, 580px\" \/><\/figure>\n\n\n\n<figure class=\"wp-block-image size-large\"><img loading=\"lazy\" decoding=\"async\" width=\"1024\" height=\"768\" data-id=\"388\" src=\"https:\/\/blocsenresidencia.bcn.cat\/jaumebalmes2024\/wp-content\/uploads\/2024\/01\/IMG_20231107_122130_1-1024x768.jpg\" alt=\"\" class=\"wp-image-388\" srcset=\"https:\/\/blocsenresidencia.bcn.cat\/jaumebalmes2024\/wp-content\/uploads\/2024\/01\/IMG_20231107_122130_1-1024x768.jpg 1024w, https:\/\/blocsenresidencia.bcn.cat\/jaumebalmes2024\/wp-content\/uploads\/2024\/01\/IMG_20231107_122130_1-300x225.jpg 300w, https:\/\/blocsenresidencia.bcn.cat\/jaumebalmes2024\/wp-content\/uploads\/2024\/01\/IMG_20231107_122130_1-768x576.jpg 768w, https:\/\/blocsenresidencia.bcn.cat\/jaumebalmes2024\/wp-content\/uploads\/2024\/01\/IMG_20231107_122130_1-1536x1152.jpg 1536w, https:\/\/blocsenresidencia.bcn.cat\/jaumebalmes2024\/wp-content\/uploads\/2024\/01\/IMG_20231107_122130_1-2048x1536.jpg 2048w\" sizes=\"auto, (max-width: 767px) 89vw, (max-width: 1000px) 54vw, (max-width: 1071px) 543px, 580px\" \/><\/figure>\n<\/figure>\n\n\n\n<figure class=\"wp-block-gallery has-nested-images columns-default is-cropped wp-block-gallery-5 is-layout-flex wp-block-gallery-is-layout-flex\">\n<figure class=\"wp-block-image size-large\"><img loading=\"lazy\" decoding=\"async\" width=\"768\" height=\"1024\" data-id=\"386\" src=\"https:\/\/blocsenresidencia.bcn.cat\/jaumebalmes2024\/wp-content\/uploads\/2024\/01\/IMG_20231107_122208-768x1024.jpg\" alt=\"\" class=\"wp-image-386\" srcset=\"https:\/\/blocsenresidencia.bcn.cat\/jaumebalmes2024\/wp-content\/uploads\/2024\/01\/IMG_20231107_122208-768x1024.jpg 768w, https:\/\/blocsenresidencia.bcn.cat\/jaumebalmes2024\/wp-content\/uploads\/2024\/01\/IMG_20231107_122208-225x300.jpg 225w, https:\/\/blocsenresidencia.bcn.cat\/jaumebalmes2024\/wp-content\/uploads\/2024\/01\/IMG_20231107_122208-1152x1536.jpg 1152w, https:\/\/blocsenresidencia.bcn.cat\/jaumebalmes2024\/wp-content\/uploads\/2024\/01\/IMG_20231107_122208-1536x2048.jpg 1536w, https:\/\/blocsenresidencia.bcn.cat\/jaumebalmes2024\/wp-content\/uploads\/2024\/01\/IMG_20231107_122208-scaled.jpg 1920w\" sizes=\"auto, (max-width: 767px) 89vw, (max-width: 1000px) 54vw, (max-width: 1071px) 543px, 580px\" \/><\/figure>\n\n\n\n<figure class=\"wp-block-image size-large\"><img loading=\"lazy\" decoding=\"async\" width=\"768\" height=\"1024\" data-id=\"391\" src=\"https:\/\/blocsenresidencia.bcn.cat\/jaumebalmes2024\/wp-content\/uploads\/2024\/01\/IMG_20231107_124342-768x1024.jpg\" alt=\"\" class=\"wp-image-391\" srcset=\"https:\/\/blocsenresidencia.bcn.cat\/jaumebalmes2024\/wp-content\/uploads\/2024\/01\/IMG_20231107_124342-768x1024.jpg 768w, https:\/\/blocsenresidencia.bcn.cat\/jaumebalmes2024\/wp-content\/uploads\/2024\/01\/IMG_20231107_124342-225x300.jpg 225w, https:\/\/blocsenresidencia.bcn.cat\/jaumebalmes2024\/wp-content\/uploads\/2024\/01\/IMG_20231107_124342-1152x1536.jpg 1152w, https:\/\/blocsenresidencia.bcn.cat\/jaumebalmes2024\/wp-content\/uploads\/2024\/01\/IMG_20231107_124342-1536x2048.jpg 1536w, https:\/\/blocsenresidencia.bcn.cat\/jaumebalmes2024\/wp-content\/uploads\/2024\/01\/IMG_20231107_124342-scaled.jpg 1920w\" sizes=\"auto, (max-width: 767px) 89vw, (max-width: 1000px) 54vw, (max-width: 1071px) 543px, 580px\" \/><\/figure>\n<\/figure>\n\n\n\n<figure class=\"wp-block-image size-large\"><img loading=\"lazy\" decoding=\"async\" width=\"1024\" height=\"768\" src=\"https:\/\/blocsenresidencia.bcn.cat\/jaumebalmes2024\/wp-content\/uploads\/2024\/01\/WhatsApp-Image-2023-11-07-at-14.30.25-2-1024x768.jpeg\" alt=\"\" class=\"wp-image-392\" srcset=\"https:\/\/blocsenresidencia.bcn.cat\/jaumebalmes2024\/wp-content\/uploads\/2024\/01\/WhatsApp-Image-2023-11-07-at-14.30.25-2-1024x768.jpeg 1024w, https:\/\/blocsenresidencia.bcn.cat\/jaumebalmes2024\/wp-content\/uploads\/2024\/01\/WhatsApp-Image-2023-11-07-at-14.30.25-2-300x225.jpeg 300w, https:\/\/blocsenresidencia.bcn.cat\/jaumebalmes2024\/wp-content\/uploads\/2024\/01\/WhatsApp-Image-2023-11-07-at-14.30.25-2-768x576.jpeg 768w, https:\/\/blocsenresidencia.bcn.cat\/jaumebalmes2024\/wp-content\/uploads\/2024\/01\/WhatsApp-Image-2023-11-07-at-14.30.25-2-1536x1152.jpeg 1536w, https:\/\/blocsenresidencia.bcn.cat\/jaumebalmes2024\/wp-content\/uploads\/2024\/01\/WhatsApp-Image-2023-11-07-at-14.30.25-2.jpeg 2000w\" sizes=\"auto, (max-width: 767px) 89vw, (max-width: 1000px) 54vw, (max-width: 1071px) 543px, 580px\" \/><\/figure>\n\n\n\n<p>A mi no em va agradar gaire perqu\u00e8 no li trobava el sentit de podrir coses a pl\u00e0stica. (MARC)<\/p>\n\n\n\n<p>En aquest taller vam aprendre a com no malgastar tant menjar, ens van ensenyar a com fer combutxa, vinagre, etc. Nosaltres vam fer uns quants pots per emportar-nos-els a l&#8217;institut. (NATALIA)<\/p>\n\n\n\n<p>L&#8217;experimentaci\u00f3 era molt guai i curiosa per la prova que s&#8217;havia de fer el vi o el vinagre i va ser una mica fastigosa. (ETHAN)<\/p>\n\n\n\n<p>A mi no em va agradar quan ens van dir que havien de provar despr\u00e9s el nostre pot. I tamb\u00e9 en van donar per provar verdures fermentades que van portar elles i estaven horribles amb coses negres i blanques per sobre. Per\u00f2 tamb\u00e9 he de dir que tinc curiositat de com acabaran&nbsp; i com estaran, per\u00f2 no s\u00e9 si m&#8217;atrevir\u00e9 a provar-lo. (DEBORA)<\/p>\n\n\n\n<p>Va ser una activitat que em va agradar molt, va ser entretinguda i din\u00e0mica. Crec que est\u00e0 molt b\u00e9 saber tot el que ens van explicar i que ho hauria de saber m\u00e9s gent, ja que els hi donem aix\u00ed una segona vida a les fruites i verdures i aix\u00ed no caldria llen\u00e7ar-ne tant quan nom\u00e9s est\u00e0 una mica feta malb\u00e9 o s&#8217;ha comen\u00e7at a podrir. (OLIVIA)<\/p>\n\n\n\n<p>L\u2019activitat em va agradar encara que t\u00e9 cosas dolentes, tallar i pelar fuites i verdures em va agradar pero el moment de ficar-ho tot barrejat junt no em va agradar ja que eren aliments en mal estat i em donava fastic, encara que quan els vam revisar uns dies despr\u00e9s estaven molt pitjor. (DIDAC)<\/p>\n\n\n\n<p>Ha estat un mat\u00ed magn\u00edfic que ens ha perm\u00e8s gaudir del sol de tardor al pati del local. El fet d\u2019estar a l\u2019aire lliure ha ajudat a fer que tots i totes estiguem de bon humor i com de festa. El fet d\u2019elaborar aliment i parlar de menjar tamb\u00e9.\u00a0 Entre tots hem portat bastant material, tot i que no estava massa segura que fossin ben b\u00e9 els que calia. (EVA, docent)<\/p>\n\n\n\n<figure class=\"wp-block-image size-large\"><img loading=\"lazy\" decoding=\"async\" width=\"1024\" height=\"768\" src=\"https:\/\/blocsenresidencia.bcn.cat\/jaumebalmes2024\/wp-content\/uploads\/2024\/01\/IMG_20231107_130636_1-1024x768.jpg\" alt=\"\" class=\"wp-image-396\" srcset=\"https:\/\/blocsenresidencia.bcn.cat\/jaumebalmes2024\/wp-content\/uploads\/2024\/01\/IMG_20231107_130636_1-1024x768.jpg 1024w, https:\/\/blocsenresidencia.bcn.cat\/jaumebalmes2024\/wp-content\/uploads\/2024\/01\/IMG_20231107_130636_1-300x225.jpg 300w, https:\/\/blocsenresidencia.bcn.cat\/jaumebalmes2024\/wp-content\/uploads\/2024\/01\/IMG_20231107_130636_1-768x576.jpg 768w, https:\/\/blocsenresidencia.bcn.cat\/jaumebalmes2024\/wp-content\/uploads\/2024\/01\/IMG_20231107_130636_1-1536x1152.jpg 1536w, https:\/\/blocsenresidencia.bcn.cat\/jaumebalmes2024\/wp-content\/uploads\/2024\/01\/IMG_20231107_130636_1-2048x1536.jpg 2048w\" sizes=\"auto, (max-width: 767px) 89vw, (max-width: 1000px) 54vw, (max-width: 1071px) 543px, 580px\" \/><\/figure>\n\n\n\n<p>Comentem en el cam\u00ed de tornada que seguim parlant de les coses que no es veuen. En aquest cas, els microorganismes, que generen canvis que podem observar, tot i que no podem veure qu\u00e8 els causa. Els camins d\u2019anada i de tornada s\u2019estan revelant com a moments rics per con\u00e8ixer-nos i tamb\u00e9 per comentar les nostres experi\u00e8ncies. (EVA, docent)<\/p>\n","protected":false},"excerpt":{"rendered":"<p>Sis\u00e8 dia que tamb\u00e9 vam tenir una altra excursi\u00f3 per\u00f2 una diferent. (ETHAN) El 7 de novembre vam anar d&#8217;excursi\u00f3 a on treballa en Joan, el lloc es diu Experimentem i est\u00e0 ubicat per l&#8217;estaci\u00f3 de Fontana. \u00c9s un edifici on es fan tallers i estan diversos artistes. (DEBORA) All\u00e0 estaven&nbsp;Cuchara, dues noies&nbsp;que podreixen menjar. &hellip; <\/p>\n<p class=\"link-more\"><a href=\"https:\/\/blocsenresidencia.bcn.cat\/jaumebalmes2024\/experimentem-amb-cuchara\/\" class=\"more-link\">Continua llegint <span class=\"screen-reader-text\">\u00abExperimentem amb Cuchara\u00bb<\/span><\/a><\/p>\n","protected":false},"author":8,"featured_media":0,"comment_status":"open","ping_status":"open","sticky":false,"template":"","format":"standard","meta":{"footnotes":""},"categories":[1],"tags":[],"class_list":["post-349","post","type-post","status-publish","format-standard","hentry","category-general"],"_links":{"self":[{"href":"https:\/\/blocsenresidencia.bcn.cat\/jaumebalmes2024\/wp-json\/wp\/v2\/posts\/349","targetHints":{"allow":["GET"]}}],"collection":[{"href":"https:\/\/blocsenresidencia.bcn.cat\/jaumebalmes2024\/wp-json\/wp\/v2\/posts"}],"about":[{"href":"https:\/\/blocsenresidencia.bcn.cat\/jaumebalmes2024\/wp-json\/wp\/v2\/types\/post"}],"author":[{"embeddable":true,"href":"https:\/\/blocsenresidencia.bcn.cat\/jaumebalmes2024\/wp-json\/wp\/v2\/users\/8"}],"replies":[{"embeddable":true,"href":"https:\/\/blocsenresidencia.bcn.cat\/jaumebalmes2024\/wp-json\/wp\/v2\/comments?post=349"}],"version-history":[{"count":19,"href":"https:\/\/blocsenresidencia.bcn.cat\/jaumebalmes2024\/wp-json\/wp\/v2\/posts\/349\/revisions"}],"predecessor-version":[{"id":418,"href":"https:\/\/blocsenresidencia.bcn.cat\/jaumebalmes2024\/wp-json\/wp\/v2\/posts\/349\/revisions\/418"}],"wp:attachment":[{"href":"https:\/\/blocsenresidencia.bcn.cat\/jaumebalmes2024\/wp-json\/wp\/v2\/media?parent=349"}],"wp:term":[{"taxonomy":"category","embeddable":true,"href":"https:\/\/blocsenresidencia.bcn.cat\/jaumebalmes2024\/wp-json\/wp\/v2\/categories?post=349"},{"taxonomy":"post_tag","embeddable":true,"href":"https:\/\/blocsenresidencia.bcn.cat\/jaumebalmes2024\/wp-json\/wp\/v2\/tags?post=349"}],"curies":[{"name":"wp","href":"https:\/\/api.w.org\/{rel}","templated":true}]}}