{"id":369,"date":"2024-01-09T15:34:52","date_gmt":"2024-01-09T13:34:52","guid":{"rendered":"https:\/\/blocsenresidencia.bcn.cat\/jaumebalmes2024\/?p=369"},"modified":"2024-01-09T15:34:52","modified_gmt":"2024-01-09T13:34:52","slug":"la-presentacio","status":"publish","type":"post","link":"https:\/\/blocsenresidencia.bcn.cat\/jaumebalmes2024\/la-presentacio\/","title":{"rendered":"La presentaci\u00f3."},"content":{"rendered":"\n<p>Fa gaireb\u00e9 un mes que hem comen\u00e7at el curs; fins ara hem treballat sobre la imatge gr\u00e0fica i fet servir el collage. I hem parlat de que aquest curs ser\u00e0 especial per totes nosaltres perqu\u00e8 tindrem l\u2019oportunitat de participar en un proc\u00e9s creatiu amb una artista resident que es diu Nadia Hafid i que \u00e9s il\u00b7lustradora i dibuixant de c\u00f2mics. No tinc clar si per ells aix\u00f2 t\u00e9 algun sentit o qu\u00e8 n\u2019esperen. Tampoc jo tinc clar qu\u00e8 n\u2019espero. El que s\u00e9 \u00e9s que \u00e9s un repte i que em portar\u00e0 molt aprenentatge.<\/p>\n\n\n\n<p>Avui, per fi ve la Nadia Hafid. L\u2019acompanya el Joan Ivern, d\u2019Experimentem amb l\u2019Art i que ser\u00e0 un dels nostres mediadors. La Nadia i el Joan volen con\u00e8ixer l\u2019alumnat i per aix\u00f2 han preparat un parell de din\u00e0miques per qu\u00e8 s\u2019expliquin sense que parlin directament d\u2019ells mateixos. Escullen imatges de personatges que els poden resultar propers i, en parelles, proven d\u2019entrevistar-se com si fossin el personatge escollit. Ens adonem que \u00e9s m\u00e9s dif\u00edcil del que sembla estar al corrent del que per ells s\u00f3n referents; tot i aix\u00ed les entrevistes funcionen i tamb\u00e9 ajuden a mostrar els seus car\u00e0cters: els t\u00edmids i previnguts, els reticents, els observadors, els col\u00b7laboratius\u2026<\/p>\n\n\n\n<p>La primera presa de contacte ha sortit b\u00e9. La Nadia i el Joan de seguida han estat reconeguts com uns m\u00e9s del grup. Primera prova superada!<\/p>\n\n\n\n<figure class=\"wp-block-image size-full\"><img loading=\"lazy\" decoding=\"async\" width=\"1024\" height=\"768\" src=\"https:\/\/blocsenresidencia.bcn.cat\/jaumebalmes2024\/wp-content\/uploads\/2024\/01\/1696431280375.jpg\" alt=\"\" class=\"wp-image-371\" srcset=\"https:\/\/blocsenresidencia.bcn.cat\/jaumebalmes2024\/wp-content\/uploads\/2024\/01\/1696431280375.jpg 1024w, https:\/\/blocsenresidencia.bcn.cat\/jaumebalmes2024\/wp-content\/uploads\/2024\/01\/1696431280375-300x225.jpg 300w, https:\/\/blocsenresidencia.bcn.cat\/jaumebalmes2024\/wp-content\/uploads\/2024\/01\/1696431280375-768x576.jpg 768w\" sizes=\"auto, (max-width: 767px) 89vw, (max-width: 1000px) 54vw, (max-width: 1071px) 543px, 580px\" \/><figcaption class=\"wp-element-caption\"><em>Sessi\u00f3 a l&#8217;institut Jaume Balmes. 03\/10\/2023<\/em><\/figcaption><\/figure>\n","protected":false},"excerpt":{"rendered":"<p>Fa gaireb\u00e9 un mes que hem comen\u00e7at el curs; fins ara hem treballat sobre la imatge gr\u00e0fica i fet servir el collage. I hem parlat de que aquest curs ser\u00e0 especial per totes nosaltres perqu\u00e8 tindrem l\u2019oportunitat de participar en un proc\u00e9s creatiu amb una artista resident que es diu Nadia Hafid i que \u00e9s &hellip; <\/p>\n<p class=\"link-more\"><a href=\"https:\/\/blocsenresidencia.bcn.cat\/jaumebalmes2024\/la-presentacio\/\" class=\"more-link\">Continua llegint <span class=\"screen-reader-text\">\u00abLa presentaci\u00f3.\u00bb<\/span><\/a><\/p>\n","protected":false},"author":10,"featured_media":0,"comment_status":"open","ping_status":"open","sticky":false,"template":"","format":"standard","meta":{"footnotes":""},"categories":[1],"tags":[],"class_list":["post-369","post","type-post","status-publish","format-standard","hentry","category-general"],"_links":{"self":[{"href":"https:\/\/blocsenresidencia.bcn.cat\/jaumebalmes2024\/wp-json\/wp\/v2\/posts\/369","targetHints":{"allow":["GET"]}}],"collection":[{"href":"https:\/\/blocsenresidencia.bcn.cat\/jaumebalmes2024\/wp-json\/wp\/v2\/posts"}],"about":[{"href":"https:\/\/blocsenresidencia.bcn.cat\/jaumebalmes2024\/wp-json\/wp\/v2\/types\/post"}],"author":[{"embeddable":true,"href":"https:\/\/blocsenresidencia.bcn.cat\/jaumebalmes2024\/wp-json\/wp\/v2\/users\/10"}],"replies":[{"embeddable":true,"href":"https:\/\/blocsenresidencia.bcn.cat\/jaumebalmes2024\/wp-json\/wp\/v2\/comments?post=369"}],"version-history":[{"count":4,"href":"https:\/\/blocsenresidencia.bcn.cat\/jaumebalmes2024\/wp-json\/wp\/v2\/posts\/369\/revisions"}],"predecessor-version":[{"id":406,"href":"https:\/\/blocsenresidencia.bcn.cat\/jaumebalmes2024\/wp-json\/wp\/v2\/posts\/369\/revisions\/406"}],"wp:attachment":[{"href":"https:\/\/blocsenresidencia.bcn.cat\/jaumebalmes2024\/wp-json\/wp\/v2\/media?parent=369"}],"wp:term":[{"taxonomy":"category","embeddable":true,"href":"https:\/\/blocsenresidencia.bcn.cat\/jaumebalmes2024\/wp-json\/wp\/v2\/categories?post=369"},{"taxonomy":"post_tag","embeddable":true,"href":"https:\/\/blocsenresidencia.bcn.cat\/jaumebalmes2024\/wp-json\/wp\/v2\/tags?post=369"}],"curies":[{"name":"wp","href":"https:\/\/api.w.org\/{rel}","templated":true}]}}