{"id":421,"date":"2024-02-12T10:44:28","date_gmt":"2024-02-12T08:44:28","guid":{"rendered":"https:\/\/blocsenresidencia.bcn.cat\/jaumebalmes2024\/?p=421"},"modified":"2024-02-12T10:44:28","modified_gmt":"2024-02-12T08:44:28","slug":"el-llenguatge-del-romanic-i-el-mon-actual","status":"publish","type":"post","link":"https:\/\/blocsenresidencia.bcn.cat\/jaumebalmes2024\/el-llenguatge-del-romanic-i-el-mon-actual\/","title":{"rendered":"El llenguatge del Rom\u00e0nic i el m\u00f3n actual."},"content":{"rendered":"\n<p>El 5 de desembre vam tornar al MNAC a visitar l&#8217;art rom\u00e0nic, una de les col\u00b7leccions de pintura mural medieval m\u00e9s importants del m\u00f3n. Tot i que ja vam estudiar l&#8217;Edat Mitjana, en aquesta visita ens vam centrar en observar l&#8217;estil de les pintures de l&#8217;\u00e8poca. Guiats per l&#8217;educadora Laia,  vam aprendre a observar les caracter\u00edstiques  de les figures i durant la visita es van generar reflexions sobre com aquesta manera de dibuixar i pintar (els contorns, l&#8217;\u00fas dels colors, les formes) pot dialogar amb alguns artistes del nostre m\u00f3n actual. Especialment, vam veure que els frontals d&#8217;altar, que ens expliquen hist\u00f2ries de la B\u00edblia, tenen una composici\u00f3 molt semblant als c\u00f2mics contemporanis. D&#8217;alguna manera, fins i tot l&#8217;obra de la Nadia pot connectar amb aquest art on gaireb\u00e9 no hi trobem paraules escrites sin\u00f3 que utilitza el dibuix pur per a narrar hist\u00f2ries i enviar missatges.  <\/p>\n\n\n\n<p>Despr\u00e9s de la visita a les sales, vam pujar als terrats del museu (recordeu que hem conegut el MNAC del soterrani cap a dalt!) per veure com un artista contemporani, Antonio Ortega, ha agafat el Rom\u00e0nic com a inspiraci\u00f3 per fer una escultura que tamb\u00e9 t\u00e9 una utilitat sorprenent com a parallamps: una altra manera de fer art que s&#8217;anomena &#8220;instal\u00b7laci\u00f3&#8221;. <\/p>\n\n\n<div class=\"wp-block-image\">\n<figure class=\"alignleft size-large is-resized\"><img loading=\"lazy\" decoding=\"async\" width=\"768\" height=\"1024\" src=\"https:\/\/blocsenresidencia.bcn.cat\/jaumebalmes2024\/wp-content\/uploads\/2024\/02\/20231205_124855-768x1024.jpg\" alt=\"\" class=\"wp-image-426\" style=\"width:300px;height:auto\" srcset=\"https:\/\/blocsenresidencia.bcn.cat\/jaumebalmes2024\/wp-content\/uploads\/2024\/02\/20231205_124855-768x1024.jpg 768w, https:\/\/blocsenresidencia.bcn.cat\/jaumebalmes2024\/wp-content\/uploads\/2024\/02\/20231205_124855-225x300.jpg 225w, https:\/\/blocsenresidencia.bcn.cat\/jaumebalmes2024\/wp-content\/uploads\/2024\/02\/20231205_124855-1152x1536.jpg 1152w, https:\/\/blocsenresidencia.bcn.cat\/jaumebalmes2024\/wp-content\/uploads\/2024\/02\/20231205_124855-1536x2048.jpg 1536w, https:\/\/blocsenresidencia.bcn.cat\/jaumebalmes2024\/wp-content\/uploads\/2024\/02\/20231205_124855-scaled.jpg 1920w\" sizes=\"auto, (max-width: 767px) 89vw, (max-width: 1000px) 54vw, (max-width: 1071px) 543px, 580px\" \/><\/figure><\/div>\n\n\n<div class=\"wp-block-columns is-layout-flex wp-container-core-columns-is-layout-9d6595d7 wp-block-columns-is-layout-flex\">\n<div class=\"wp-block-column is-layout-flow wp-block-column-is-layout-flow\" style=\"flex-basis:100%\">\n<figure class=\"wp-block-image size-large is-resized\"><img loading=\"lazy\" decoding=\"async\" width=\"768\" height=\"1024\" src=\"https:\/\/blocsenresidencia.bcn.cat\/jaumebalmes2024\/wp-content\/uploads\/2024\/02\/20231205_121212-768x1024.jpg\" alt=\"\" class=\"wp-image-428\" style=\"width:307px;height:auto\" srcset=\"https:\/\/blocsenresidencia.bcn.cat\/jaumebalmes2024\/wp-content\/uploads\/2024\/02\/20231205_121212-768x1024.jpg 768w, https:\/\/blocsenresidencia.bcn.cat\/jaumebalmes2024\/wp-content\/uploads\/2024\/02\/20231205_121212-225x300.jpg 225w, https:\/\/blocsenresidencia.bcn.cat\/jaumebalmes2024\/wp-content\/uploads\/2024\/02\/20231205_121212-1152x1536.jpg 1152w, https:\/\/blocsenresidencia.bcn.cat\/jaumebalmes2024\/wp-content\/uploads\/2024\/02\/20231205_121212-1536x2048.jpg 1536w, https:\/\/blocsenresidencia.bcn.cat\/jaumebalmes2024\/wp-content\/uploads\/2024\/02\/20231205_121212-scaled.jpg 1920w\" sizes=\"auto, (max-width: 767px) 89vw, (max-width: 1000px) 54vw, (max-width: 1071px) 543px, 580px\" \/><\/figure>\n<\/div>\n<\/div>\n\n\n\n<figure class=\"wp-block-image size-large is-resized\"><img loading=\"lazy\" decoding=\"async\" width=\"1024\" height=\"665\" src=\"https:\/\/blocsenresidencia.bcn.cat\/jaumebalmes2024\/wp-content\/uploads\/2024\/02\/Untitled-1-1024x665.jpg\" alt=\"\" class=\"wp-image-431\" style=\"width:686px;height:auto\" srcset=\"https:\/\/blocsenresidencia.bcn.cat\/jaumebalmes2024\/wp-content\/uploads\/2024\/02\/Untitled-1-1024x665.jpg 1024w, https:\/\/blocsenresidencia.bcn.cat\/jaumebalmes2024\/wp-content\/uploads\/2024\/02\/Untitled-1-300x195.jpg 300w, https:\/\/blocsenresidencia.bcn.cat\/jaumebalmes2024\/wp-content\/uploads\/2024\/02\/Untitled-1-768x499.jpg 768w, https:\/\/blocsenresidencia.bcn.cat\/jaumebalmes2024\/wp-content\/uploads\/2024\/02\/Untitled-1.jpg 1280w\" sizes=\"auto, (max-width: 767px) 89vw, (max-width: 1000px) 54vw, (max-width: 1071px) 543px, 580px\" \/><\/figure>\n\n\n\n<p><em>&#8220;La Laia va ser la que ens va anar explicant tot sobre l&#8217;exposici\u00f3 i va ser molt divertit com es anava explicant, perqu\u00e8 no va ser la t\u00edpica sortida\u00a0 avorrida on les explicacions s\u00f3n molt pesades i no volem ni escoltar, per\u00f2 ella ho va fer molt b\u00e9, fent din\u00e0miques&#8221;<\/em> (D\u00c9BORA).<\/p>\n\n\n\n<p><em>&#8220;El Pantocr\u00e0tor de Ta\u00fcll \u00e9s una de les\u00a0obres  que m\u00e9s em va impressionar.\u00a0Tamb\u00e9 perqu\u00e8 la meva mare \u00e9s professora de ci\u00e8ncies socials&#8221;<\/em> (YASNA).<\/p>\n\n\n\n<p>&#8220;<em>Ens van explicar moltes coses amb les quals ens podem identificar en la vida d&#8217;ara<\/em>&#8221; (NATALIA).<\/p>\n\n\n\n<p><\/p>\n","protected":false},"excerpt":{"rendered":"<p>El 5 de desembre vam tornar al MNAC a visitar l&#8217;art rom\u00e0nic, una de les col\u00b7leccions de pintura mural medieval m\u00e9s importants del m\u00f3n. Tot i que ja vam estudiar l&#8217;Edat Mitjana, en aquesta visita ens vam centrar en observar l&#8217;estil de les pintures de l&#8217;\u00e8poca. Guiats per l&#8217;educadora Laia, vam aprendre a observar les &hellip; <\/p>\n<p class=\"link-more\"><a href=\"https:\/\/blocsenresidencia.bcn.cat\/jaumebalmes2024\/el-llenguatge-del-romanic-i-el-mon-actual\/\" class=\"more-link\">Continua llegint <span class=\"screen-reader-text\">\u00abEl llenguatge del Rom\u00e0nic i el m\u00f3n actual.\u00bb<\/span><\/a><\/p>\n","protected":false},"author":9,"featured_media":0,"comment_status":"open","ping_status":"open","sticky":false,"template":"","format":"standard","meta":{"footnotes":""},"categories":[1],"tags":[],"class_list":["post-421","post","type-post","status-publish","format-standard","hentry","category-general"],"_links":{"self":[{"href":"https:\/\/blocsenresidencia.bcn.cat\/jaumebalmes2024\/wp-json\/wp\/v2\/posts\/421","targetHints":{"allow":["GET"]}}],"collection":[{"href":"https:\/\/blocsenresidencia.bcn.cat\/jaumebalmes2024\/wp-json\/wp\/v2\/posts"}],"about":[{"href":"https:\/\/blocsenresidencia.bcn.cat\/jaumebalmes2024\/wp-json\/wp\/v2\/types\/post"}],"author":[{"embeddable":true,"href":"https:\/\/blocsenresidencia.bcn.cat\/jaumebalmes2024\/wp-json\/wp\/v2\/users\/9"}],"replies":[{"embeddable":true,"href":"https:\/\/blocsenresidencia.bcn.cat\/jaumebalmes2024\/wp-json\/wp\/v2\/comments?post=421"}],"version-history":[{"count":1,"href":"https:\/\/blocsenresidencia.bcn.cat\/jaumebalmes2024\/wp-json\/wp\/v2\/posts\/421\/revisions"}],"predecessor-version":[{"id":432,"href":"https:\/\/blocsenresidencia.bcn.cat\/jaumebalmes2024\/wp-json\/wp\/v2\/posts\/421\/revisions\/432"}],"wp:attachment":[{"href":"https:\/\/blocsenresidencia.bcn.cat\/jaumebalmes2024\/wp-json\/wp\/v2\/media?parent=421"}],"wp:term":[{"taxonomy":"category","embeddable":true,"href":"https:\/\/blocsenresidencia.bcn.cat\/jaumebalmes2024\/wp-json\/wp\/v2\/categories?post=421"},{"taxonomy":"post_tag","embeddable":true,"href":"https:\/\/blocsenresidencia.bcn.cat\/jaumebalmes2024\/wp-json\/wp\/v2\/tags?post=421"}],"curies":[{"name":"wp","href":"https:\/\/api.w.org\/{rel}","templated":true}]}}