{"id":471,"date":"2024-04-08T11:22:13","date_gmt":"2024-04-08T09:22:13","guid":{"rendered":"https:\/\/blocsenresidencia.bcn.cat\/jaumebalmes2024\/?p=471"},"modified":"2024-04-08T11:22:13","modified_gmt":"2024-04-08T09:22:13","slug":"presentacio-del-projecte-al-centre","status":"publish","type":"post","link":"https:\/\/blocsenresidencia.bcn.cat\/jaumebalmes2024\/presentacio-del-projecte-al-centre\/","title":{"rendered":"Presentaci\u00f3 del projecte al centre"},"content":{"rendered":"\n<figure class=\"wp-block-image size-large\"><img loading=\"lazy\" decoding=\"async\" width=\"1024\" height=\"768\" src=\"https:\/\/blocsenresidencia.bcn.cat\/jaumebalmes2024\/wp-content\/uploads\/2024\/04\/1708594406040-1024x768.jpg\" alt=\"\" class=\"wp-image-473\" srcset=\"https:\/\/blocsenresidencia.bcn.cat\/jaumebalmes2024\/wp-content\/uploads\/2024\/04\/1708594406040-1024x768.jpg 1024w, https:\/\/blocsenresidencia.bcn.cat\/jaumebalmes2024\/wp-content\/uploads\/2024\/04\/1708594406040-300x225.jpg 300w, https:\/\/blocsenresidencia.bcn.cat\/jaumebalmes2024\/wp-content\/uploads\/2024\/04\/1708594406040-768x576.jpg 768w, https:\/\/blocsenresidencia.bcn.cat\/jaumebalmes2024\/wp-content\/uploads\/2024\/04\/1708594406040-1536x1152.jpg 1536w, https:\/\/blocsenresidencia.bcn.cat\/jaumebalmes2024\/wp-content\/uploads\/2024\/04\/1708594406040.jpg 1600w\" sizes=\"auto, (max-width: 767px) 89vw, (max-width: 1000px) 54vw, (max-width: 1071px) 543px, 580px\" \/><\/figure>\n\n\n\n<p>La tarda de dimecres, 21 de febrer, va ser molt emocionant; havent arribat a la meitat del project, era el moment de revisar la feina feta, compartir-la i mirar cap al repte final. L\u2019alumnat participant, conjuntament amb l\u2019artista resident -Nadia Hafid- i els mediadors Joan Ivern (Experimentem) i David Pablo (MNAC), varen presentar el treball fet fins ara al professorat, la direcci\u00f3 i visitants de l\u2019ICUB, el CRP de Sant Andreu i el Consorci d\u2019Educaci\u00f3.<\/p>\n\n\n\n<p>Vam parlar de la relaci\u00f3 entre el rom\u00e0nic i els c\u00f2mics de la Nadia, de com desenvolupar un projecte obert, sense final definit, de com fem servir les experi\u00e8ncies pr\u00f2pies de cada persona per treballar de manera art\u00edstica, dels temes socials que podem explicar mitjan\u00e7ant l\u2019art, dels processos ocults que transformen les coses\u2026<\/p>\n\n\n\n<p>Per l\u2019equip va ser important, perqu\u00e8 ens va obligar a pensar i reflexionar sobre el que haviem fet, entendre l\u2019evoluci\u00f3 i acabar de trobar el sentit. Per l\u2019alumnat, tamb\u00e9 va suposar enfrontar-se a explicar el seu treball davant el professorat.<\/p>\n\n\n\n<figure class=\"wp-block-image size-large\"><img loading=\"lazy\" decoding=\"async\" width=\"1024\" height=\"768\" src=\"https:\/\/blocsenresidencia.bcn.cat\/jaumebalmes2024\/wp-content\/uploads\/2024\/04\/1708594406144-1024x768.jpg\" alt=\"\" class=\"wp-image-474\" srcset=\"https:\/\/blocsenresidencia.bcn.cat\/jaumebalmes2024\/wp-content\/uploads\/2024\/04\/1708594406144-1024x768.jpg 1024w, https:\/\/blocsenresidencia.bcn.cat\/jaumebalmes2024\/wp-content\/uploads\/2024\/04\/1708594406144-300x225.jpg 300w, https:\/\/blocsenresidencia.bcn.cat\/jaumebalmes2024\/wp-content\/uploads\/2024\/04\/1708594406144-768x576.jpg 768w, https:\/\/blocsenresidencia.bcn.cat\/jaumebalmes2024\/wp-content\/uploads\/2024\/04\/1708594406144-1536x1152.jpg 1536w, https:\/\/blocsenresidencia.bcn.cat\/jaumebalmes2024\/wp-content\/uploads\/2024\/04\/1708594406144.jpg 1600w\" sizes=\"auto, (max-width: 767px) 89vw, (max-width: 1000px) 54vw, (max-width: 1071px) 543px, 580px\" \/><\/figure>\n\n\n\n<p>El dia anterior vam estar parlant i acabant de polir el que dir\u00edem i far\u00edem, en el meu cas em va tocar el sentit, que era explicar qui era la Nadia, que feia, i perqu\u00e8, despr\u00e9s vam explicar el rom\u00e0nic al MNAC, que vam unir amb el que fa la Nadia, en tercer lloc, vam parlar del leeds animation workshop, i tamb\u00e9 ho vam unir amb tot el que s\u2019havia dit abans, i per tancar la nostra secci\u00f3 vam parlar dels fanzines. (NATALIA)<\/p>\n\n\n\n<p>Van assistir tots els professors que ens donen classe a 4t d&#8217;ESO, per\u00f2 nosaltres el dia 15 de febrer vam fer unes invitacions personalitzades per a alguns professors que vol\u00edem que vinguessin si o si. En la portada de les invitacions estaven estampats els nostres tampons. (OLIVIA)<\/p>\n\n\n\n<p>Vam dinar tots junts i vam tornar a l&#8217;institut per preparar tot i assajar. Van arribar molts profes, fins i tot, jo vaig contar unes 30 persones.\u00a0 Tamb\u00e9 van venir persones que treballen a En Residencia. Vam fer la presentaci\u00f3 en tres grups, el meu grup va ser el primer, vam comen\u00e7ar introduint-los sobre el proc\u00e9s ocult que hi ha quan fem una cosa i nom\u00e9s mostrem el resultat final. El tema que vam escollir per presentar va ser sobre els ferments i les catacumbes del MNAC i del Balmes. Per a que els profes tinguessin m\u00e9s coneixement vam portar els pots que hav\u00edem fet amb cuchara per a que els oloressin. (DEBORA)<\/p>\n\n\n\n<p>Jo vaig donar la benvinguda i amb el meu grup els hi vam explicar el que est\u00e0 ocult. La part oculta es la part que no es veu, \u00e9s a dir la part del proc\u00e9s art\u00edstic. Va estar molt interessant fer aquesta presentaci\u00f3 perqu\u00e8 el proc\u00e9s per fer gui\u00f3 em va aclarir totes les activitats que hav\u00edem fet i el perqu\u00e8 de cada activitat.\u00a0 Per altra banda vam decidir quin seria el nostre projecte final. (YASNA)<\/p>\n\n\n\n<p>Tots vam quedar molt satisfets i em va agradar l&#8217;experi\u00e8ncia. Jo formava part del primer grup que va presentar i a mi em va agradar perqu\u00e8 amb la Yasna, la D\u00e9bora i la Salma vam saber tots els membres del grup fer una bona part cadasc\u00fa sense discutir ni res. (MARC)<\/p>\n\n\n\n<figure class=\"wp-block-gallery has-nested-images columns-default is-cropped wp-block-gallery-1 is-layout-flex wp-block-gallery-is-layout-flex\">\n<figure class=\"wp-block-image size-large\"><img loading=\"lazy\" decoding=\"async\" width=\"768\" height=\"1024\" data-id=\"476\" src=\"https:\/\/blocsenresidencia.bcn.cat\/jaumebalmes2024\/wp-content\/uploads\/2024\/04\/1708594406455-768x1024.jpg\" alt=\"\" class=\"wp-image-476\" srcset=\"https:\/\/blocsenresidencia.bcn.cat\/jaumebalmes2024\/wp-content\/uploads\/2024\/04\/1708594406455-768x1024.jpg 768w, https:\/\/blocsenresidencia.bcn.cat\/jaumebalmes2024\/wp-content\/uploads\/2024\/04\/1708594406455-225x300.jpg 225w, https:\/\/blocsenresidencia.bcn.cat\/jaumebalmes2024\/wp-content\/uploads\/2024\/04\/1708594406455-1152x1536.jpg 1152w, https:\/\/blocsenresidencia.bcn.cat\/jaumebalmes2024\/wp-content\/uploads\/2024\/04\/1708594406455.jpg 1200w\" sizes=\"auto, (max-width: 767px) 89vw, (max-width: 1000px) 54vw, (max-width: 1071px) 543px, 580px\" \/><\/figure>\n\n\n\n<figure class=\"wp-block-image size-large\"><img loading=\"lazy\" decoding=\"async\" width=\"768\" height=\"1024\" data-id=\"475\" src=\"https:\/\/blocsenresidencia.bcn.cat\/jaumebalmes2024\/wp-content\/uploads\/2024\/04\/1708594406295-768x1024.jpg\" alt=\"\" class=\"wp-image-475\" srcset=\"https:\/\/blocsenresidencia.bcn.cat\/jaumebalmes2024\/wp-content\/uploads\/2024\/04\/1708594406295-768x1024.jpg 768w, https:\/\/blocsenresidencia.bcn.cat\/jaumebalmes2024\/wp-content\/uploads\/2024\/04\/1708594406295-225x300.jpg 225w, https:\/\/blocsenresidencia.bcn.cat\/jaumebalmes2024\/wp-content\/uploads\/2024\/04\/1708594406295-1152x1536.jpg 1152w, https:\/\/blocsenresidencia.bcn.cat\/jaumebalmes2024\/wp-content\/uploads\/2024\/04\/1708594406295.jpg 1200w\" sizes=\"auto, (max-width: 767px) 89vw, (max-width: 1000px) 54vw, (max-width: 1071px) 543px, 580px\" \/><\/figure>\n<\/figure>\n\n\n\n<p>Cada integrant del grup feia una part i la meva era explica el Rom\u00e0nic amb el MNAC i va ser una mica estressant\u00a0 perqu\u00e8 estaven els profes de socials i pensava que el com digues alguna informaci\u00f3 que no era&#8230; (ETHAN)<\/p>\n\n\n\n<p>Cadascun de nosaltres va tenir el seu moment per explicar el que va fer i per qu\u00e8 va ser important per a nosaltres.\u00a0Una de les parts m\u00e9s guais va ser quan vam explicar com vam fer els nostres segells personals. Vam mostrar els segells que vam fer i per qu\u00e8 vam triar aquests dissenys. (JOAQU\u00cdN)<\/p>\n\n\n\n<p>Per \u00faltim vam parlar sobre el viatge de vida i van presentar els treballs que hav\u00edem fet, els esbossos, els resultats finals i els tampons. Quan ja tots hav\u00edem parlar vam deixar que els profes ens fessin preguntes. A part d&#8217;aix\u00f2 ens van felicitar i que ho hav\u00edem fet molt b\u00e9.\u00a0 Jo crec que va ser molt bonic aquesta experi\u00e8ncia de donar a con\u00e8ixer el nostre treball.\u00a0(DEBORA)<\/p>\n\n\n\n<figure class=\"wp-block-image size-large\"><img loading=\"lazy\" decoding=\"async\" width=\"1024\" height=\"768\" src=\"https:\/\/blocsenresidencia.bcn.cat\/jaumebalmes2024\/wp-content\/uploads\/2024\/04\/1708594406083-1024x768.jpg\" alt=\"\" class=\"wp-image-478\" srcset=\"https:\/\/blocsenresidencia.bcn.cat\/jaumebalmes2024\/wp-content\/uploads\/2024\/04\/1708594406083-1024x768.jpg 1024w, https:\/\/blocsenresidencia.bcn.cat\/jaumebalmes2024\/wp-content\/uploads\/2024\/04\/1708594406083-300x225.jpg 300w, https:\/\/blocsenresidencia.bcn.cat\/jaumebalmes2024\/wp-content\/uploads\/2024\/04\/1708594406083-768x576.jpg 768w, https:\/\/blocsenresidencia.bcn.cat\/jaumebalmes2024\/wp-content\/uploads\/2024\/04\/1708594406083-1536x1152.jpg 1536w, https:\/\/blocsenresidencia.bcn.cat\/jaumebalmes2024\/wp-content\/uploads\/2024\/04\/1708594406083.jpg 1600w\" sizes=\"auto, (max-width: 767px) 89vw, (max-width: 1000px) 54vw, (max-width: 1071px) 543px, 580px\" \/><\/figure>\n","protected":false},"excerpt":{"rendered":"<p>La tarda de dimecres, 21 de febrer, va ser molt emocionant; havent arribat a la meitat del project, era el moment de revisar la feina feta, compartir-la i mirar cap al repte final. L\u2019alumnat participant, conjuntament amb l\u2019artista resident -Nadia Hafid- i els mediadors Joan Ivern (Experimentem) i David Pablo (MNAC), varen presentar el treball &hellip; <\/p>\n<p class=\"link-more\"><a href=\"https:\/\/blocsenresidencia.bcn.cat\/jaumebalmes2024\/presentacio-del-projecte-al-centre\/\" class=\"more-link\">Continua llegint <span class=\"screen-reader-text\">\u00abPresentaci\u00f3 del projecte al centre\u00bb<\/span><\/a><\/p>\n","protected":false},"author":10,"featured_media":0,"comment_status":"open","ping_status":"open","sticky":false,"template":"","format":"standard","meta":{"footnotes":""},"categories":[1],"tags":[],"class_list":["post-471","post","type-post","status-publish","format-standard","hentry","category-general"],"_links":{"self":[{"href":"https:\/\/blocsenresidencia.bcn.cat\/jaumebalmes2024\/wp-json\/wp\/v2\/posts\/471","targetHints":{"allow":["GET"]}}],"collection":[{"href":"https:\/\/blocsenresidencia.bcn.cat\/jaumebalmes2024\/wp-json\/wp\/v2\/posts"}],"about":[{"href":"https:\/\/blocsenresidencia.bcn.cat\/jaumebalmes2024\/wp-json\/wp\/v2\/types\/post"}],"author":[{"embeddable":true,"href":"https:\/\/blocsenresidencia.bcn.cat\/jaumebalmes2024\/wp-json\/wp\/v2\/users\/10"}],"replies":[{"embeddable":true,"href":"https:\/\/blocsenresidencia.bcn.cat\/jaumebalmes2024\/wp-json\/wp\/v2\/comments?post=471"}],"version-history":[{"count":2,"href":"https:\/\/blocsenresidencia.bcn.cat\/jaumebalmes2024\/wp-json\/wp\/v2\/posts\/471\/revisions"}],"predecessor-version":[{"id":479,"href":"https:\/\/blocsenresidencia.bcn.cat\/jaumebalmes2024\/wp-json\/wp\/v2\/posts\/471\/revisions\/479"}],"wp:attachment":[{"href":"https:\/\/blocsenresidencia.bcn.cat\/jaumebalmes2024\/wp-json\/wp\/v2\/media?parent=471"}],"wp:term":[{"taxonomy":"category","embeddable":true,"href":"https:\/\/blocsenresidencia.bcn.cat\/jaumebalmes2024\/wp-json\/wp\/v2\/categories?post=471"},{"taxonomy":"post_tag","embeddable":true,"href":"https:\/\/blocsenresidencia.bcn.cat\/jaumebalmes2024\/wp-json\/wp\/v2\/tags?post=471"}],"curies":[{"name":"wp","href":"https:\/\/api.w.org\/{rel}","templated":true}]}}