{"id":519,"date":"2024-05-23T19:02:41","date_gmt":"2024-05-23T17:02:41","guid":{"rendered":"https:\/\/blocsenresidencia.bcn.cat\/jaumebalmes2024\/?p=519"},"modified":"2024-05-23T19:02:41","modified_gmt":"2024-05-23T17:02:41","slug":"el-mon-del-comic-i-nosaltres-entrem-al-mnac","status":"publish","type":"post","link":"https:\/\/blocsenresidencia.bcn.cat\/jaumebalmes2024\/el-mon-del-comic-i-nosaltres-entrem-al-mnac\/","title":{"rendered":"El m\u00f3n del c\u00f2mic (i nosaltres) entrem al MNAC."},"content":{"rendered":"\n<p>De nou, vam visitar el MNAC i ens vam tornar a endinsar a les reserves per descobrir&#8230; c\u00f2mics! I \u00e9s que els museus no nom\u00e9s conserven escultures o pintures, sin\u00f3 que tamb\u00e9 poden guardar altres objectes com llibres o revistes. En aquesta ocasi\u00f3, ens han acompanyat l&#8217;\u00c0lex Mitrani i la Merc\u00e8 Saura, conservadors del MNAC. L&#8217;\u00c0lex \u00e9s la persona que est\u00e0 fent possible que l&#8217;art contemporani -m\u00e9s proper als nostres temps- entri amb for\u00e7a al museu i, a m\u00e9s, \u00e9s un apassionat del m\u00f3n dels c\u00f2mics. I la Merc\u00e8 treballa al gabinet de Dibuixos i Gravats, on ha tingut lloc la sessi\u00f3, encarregant-se de que les obres d&#8217;art de la col\u00b7lecci\u00f3 fetes en paper, que s\u00f3n especialment delicades i fr\u00e0gils, estiguin en bon estat. <\/p>\n\n\n\n<figure class=\"wp-block-gallery has-nested-images columns-default is-cropped wp-block-gallery-1 is-layout-flex wp-block-gallery-is-layout-flex\">\n<figure class=\"wp-block-image size-large\"><img loading=\"lazy\" decoding=\"async\" width=\"768\" height=\"1024\" data-id=\"524\" src=\"https:\/\/blocsenresidencia.bcn.cat\/jaumebalmes2024\/wp-content\/uploads\/2024\/05\/20240430_121615-1-768x1024.jpg\" alt=\"\" class=\"wp-image-524\" srcset=\"https:\/\/blocsenresidencia.bcn.cat\/jaumebalmes2024\/wp-content\/uploads\/2024\/05\/20240430_121615-1-768x1024.jpg 768w, https:\/\/blocsenresidencia.bcn.cat\/jaumebalmes2024\/wp-content\/uploads\/2024\/05\/20240430_121615-1-225x300.jpg 225w, https:\/\/blocsenresidencia.bcn.cat\/jaumebalmes2024\/wp-content\/uploads\/2024\/05\/20240430_121615-1-1152x1536.jpg 1152w, https:\/\/blocsenresidencia.bcn.cat\/jaumebalmes2024\/wp-content\/uploads\/2024\/05\/20240430_121615-1-1536x2048.jpg 1536w, https:\/\/blocsenresidencia.bcn.cat\/jaumebalmes2024\/wp-content\/uploads\/2024\/05\/20240430_121615-1-scaled.jpg 1920w\" sizes=\"auto, (max-width: 767px) 89vw, (max-width: 1000px) 54vw, (max-width: 1071px) 543px, 580px\" \/><\/figure>\n\n\n\n<figure class=\"wp-block-image size-large\"><img loading=\"lazy\" decoding=\"async\" width=\"768\" height=\"1024\" data-id=\"525\" src=\"https:\/\/blocsenresidencia.bcn.cat\/jaumebalmes2024\/wp-content\/uploads\/2024\/05\/20240430_122749-1-768x1024.jpg\" alt=\"\" class=\"wp-image-525\" srcset=\"https:\/\/blocsenresidencia.bcn.cat\/jaumebalmes2024\/wp-content\/uploads\/2024\/05\/20240430_122749-1-768x1024.jpg 768w, https:\/\/blocsenresidencia.bcn.cat\/jaumebalmes2024\/wp-content\/uploads\/2024\/05\/20240430_122749-1-225x300.jpg 225w, https:\/\/blocsenresidencia.bcn.cat\/jaumebalmes2024\/wp-content\/uploads\/2024\/05\/20240430_122749-1-1152x1536.jpg 1152w, https:\/\/blocsenresidencia.bcn.cat\/jaumebalmes2024\/wp-content\/uploads\/2024\/05\/20240430_122749-1-1536x2048.jpg 1536w, https:\/\/blocsenresidencia.bcn.cat\/jaumebalmes2024\/wp-content\/uploads\/2024\/05\/20240430_122749-1-scaled.jpg 1920w\" sizes=\"auto, (max-width: 767px) 89vw, (max-width: 1000px) 54vw, (max-width: 1071px) 543px, 580px\" \/><\/figure>\n<\/figure>\n\n\n\n<p>Aix\u00ed doncs, ens van ensenyar il\u00b7lustracions originals i molt sorprenents, dels anys 70 i 80, que reflecteixen \u00e8poques dif\u00edcils, quan aquests il\u00b7lustradors defensaven la seva llibertat i feien cr\u00edtica a trav\u00e9s d&#8217;aquestes publicacions, que fins fa poc no tenien cabuda als museus. Fins i tot l&#8217;\u00c0lex ens va ensenyar portades de discs que es guarden a l&#8217;arxiu de la biblioteca del MNAC!<\/p>\n\n\n\n<p>Vam descobrir Mariscal (fam\u00f3s per ser el creador de Cobi, la mascota dels Jocs Ol\u00edmpics de Barcelona o l&#8217;escultura de la gamba de la Barceloneta), Calonge (que va treballar a la revista &#8220;El V\u00edbora&#8221;, molt acolorida i boja, ja desapareguda) i il\u00b7lustradores feministes molt combatives com la Marta Guerrero, que va dibuixar sobre les dones a Espanya despr\u00e9s de la dictadura en revistes i fanzins sovint utilitzant l&#8217;humor i la ironia, o la Montse Clav\u00e9, que tamb\u00e9 va ser llibretera i creadora d&#8217;un festival molt important a Barcelona dedicat a novel\u00b7la negra, el BCNegra. <\/p>\n\n\n\n<p>A la visita han aparegut de nou paraules que han anat sortint a classe durant el curs, com <em>underground<\/em>. Entenem que l&#8217;obra d&#8217;il\u00b7lustradores com la Nadia connecta amb totes aquestes artistes que des de fa molts anys s&#8217;han volgut expressar experimentant d&#8217;una manera lliure,  i fora de les normes, utilitzant t\u00e8cniques i estils diferents. Una mica com hem fet nosaltres explicant moments de la nostra vida. <\/p>\n\n\n\n<figure class=\"wp-block-gallery has-nested-images columns-default is-cropped wp-block-gallery-2 is-layout-flex wp-block-gallery-is-layout-flex\">\n<figure class=\"wp-block-image size-large\"><img loading=\"lazy\" decoding=\"async\" width=\"768\" height=\"1024\" data-id=\"527\" src=\"https:\/\/blocsenresidencia.bcn.cat\/jaumebalmes2024\/wp-content\/uploads\/2024\/05\/20240430_123829-2-768x1024.jpg\" alt=\"\" class=\"wp-image-527\" srcset=\"https:\/\/blocsenresidencia.bcn.cat\/jaumebalmes2024\/wp-content\/uploads\/2024\/05\/20240430_123829-2-768x1024.jpg 768w, https:\/\/blocsenresidencia.bcn.cat\/jaumebalmes2024\/wp-content\/uploads\/2024\/05\/20240430_123829-2-225x300.jpg 225w, https:\/\/blocsenresidencia.bcn.cat\/jaumebalmes2024\/wp-content\/uploads\/2024\/05\/20240430_123829-2-1152x1536.jpg 1152w, https:\/\/blocsenresidencia.bcn.cat\/jaumebalmes2024\/wp-content\/uploads\/2024\/05\/20240430_123829-2-1536x2048.jpg 1536w, https:\/\/blocsenresidencia.bcn.cat\/jaumebalmes2024\/wp-content\/uploads\/2024\/05\/20240430_123829-2-scaled.jpg 1920w\" sizes=\"auto, (max-width: 767px) 89vw, (max-width: 1000px) 54vw, (max-width: 1071px) 543px, 580px\" \/><\/figure>\n\n\n\n<figure class=\"wp-block-image size-large\"><img loading=\"lazy\" decoding=\"async\" width=\"768\" height=\"1024\" data-id=\"528\" src=\"https:\/\/blocsenresidencia.bcn.cat\/jaumebalmes2024\/wp-content\/uploads\/2024\/05\/20240430_123450-1-768x1024.jpg\" alt=\"\" class=\"wp-image-528\" srcset=\"https:\/\/blocsenresidencia.bcn.cat\/jaumebalmes2024\/wp-content\/uploads\/2024\/05\/20240430_123450-1-768x1024.jpg 768w, https:\/\/blocsenresidencia.bcn.cat\/jaumebalmes2024\/wp-content\/uploads\/2024\/05\/20240430_123450-1-225x300.jpg 225w, https:\/\/blocsenresidencia.bcn.cat\/jaumebalmes2024\/wp-content\/uploads\/2024\/05\/20240430_123450-1-1152x1536.jpg 1152w, https:\/\/blocsenresidencia.bcn.cat\/jaumebalmes2024\/wp-content\/uploads\/2024\/05\/20240430_123450-1-1536x2048.jpg 1536w, https:\/\/blocsenresidencia.bcn.cat\/jaumebalmes2024\/wp-content\/uploads\/2024\/05\/20240430_123450-1-scaled.jpg 1920w\" sizes=\"auto, (max-width: 767px) 89vw, (max-width: 1000px) 54vw, (max-width: 1071px) 543px, 580px\" \/><\/figure>\n<\/figure>\n\n\n\n<p>Per acabar la visita, hem entrat per primer cop a la sala on tindr\u00e0 lloc la nostra exposici\u00f3. Hem compartit com podria quedar tot i hem recollit idees sobre com volem exposar les nostres postals. De moment, \u00e9s un espai fosc, no massa acollidor i buit, per\u00f2 les properes setmanes canviar\u00e0 i molt!<\/p>\n","protected":false},"excerpt":{"rendered":"<p>De nou, vam visitar el MNAC i ens vam tornar a endinsar a les reserves per descobrir&#8230; c\u00f2mics! I \u00e9s que els museus no nom\u00e9s conserven escultures o pintures, sin\u00f3 que tamb\u00e9 poden guardar altres objectes com llibres o revistes. En aquesta ocasi\u00f3, ens han acompanyat l&#8217;\u00c0lex Mitrani i la Merc\u00e8 Saura, conservadors del MNAC. &hellip; <\/p>\n<p class=\"link-more\"><a href=\"https:\/\/blocsenresidencia.bcn.cat\/jaumebalmes2024\/el-mon-del-comic-i-nosaltres-entrem-al-mnac\/\" class=\"more-link\">Continua llegint <span class=\"screen-reader-text\">\u00abEl m\u00f3n del c\u00f2mic (i nosaltres) entrem al MNAC.\u00bb<\/span><\/a><\/p>\n","protected":false},"author":9,"featured_media":0,"comment_status":"open","ping_status":"open","sticky":false,"template":"","format":"standard","meta":{"footnotes":""},"categories":[1],"tags":[],"class_list":["post-519","post","type-post","status-publish","format-standard","hentry","category-general"],"_links":{"self":[{"href":"https:\/\/blocsenresidencia.bcn.cat\/jaumebalmes2024\/wp-json\/wp\/v2\/posts\/519","targetHints":{"allow":["GET"]}}],"collection":[{"href":"https:\/\/blocsenresidencia.bcn.cat\/jaumebalmes2024\/wp-json\/wp\/v2\/posts"}],"about":[{"href":"https:\/\/blocsenresidencia.bcn.cat\/jaumebalmes2024\/wp-json\/wp\/v2\/types\/post"}],"author":[{"embeddable":true,"href":"https:\/\/blocsenresidencia.bcn.cat\/jaumebalmes2024\/wp-json\/wp\/v2\/users\/9"}],"replies":[{"embeddable":true,"href":"https:\/\/blocsenresidencia.bcn.cat\/jaumebalmes2024\/wp-json\/wp\/v2\/comments?post=519"}],"version-history":[{"count":1,"href":"https:\/\/blocsenresidencia.bcn.cat\/jaumebalmes2024\/wp-json\/wp\/v2\/posts\/519\/revisions"}],"predecessor-version":[{"id":529,"href":"https:\/\/blocsenresidencia.bcn.cat\/jaumebalmes2024\/wp-json\/wp\/v2\/posts\/519\/revisions\/529"}],"wp:attachment":[{"href":"https:\/\/blocsenresidencia.bcn.cat\/jaumebalmes2024\/wp-json\/wp\/v2\/media?parent=519"}],"wp:term":[{"taxonomy":"category","embeddable":true,"href":"https:\/\/blocsenresidencia.bcn.cat\/jaumebalmes2024\/wp-json\/wp\/v2\/categories?post=519"},{"taxonomy":"post_tag","embeddable":true,"href":"https:\/\/blocsenresidencia.bcn.cat\/jaumebalmes2024\/wp-json\/wp\/v2\/tags?post=519"}],"curies":[{"name":"wp","href":"https:\/\/api.w.org\/{rel}","templated":true}]}}