{"id":532,"date":"2024-06-18T12:09:43","date_gmt":"2024-06-18T10:09:43","guid":{"rendered":"https:\/\/blocsenresidencia.bcn.cat\/jaumebalmes2024\/?p=532"},"modified":"2024-06-18T12:09:43","modified_gmt":"2024-06-18T10:09:43","slug":"presentacio-el-viatge-postals-de-vida","status":"publish","type":"post","link":"https:\/\/blocsenresidencia.bcn.cat\/jaumebalmes2024\/presentacio-el-viatge-postals-de-vida\/","title":{"rendered":"Presentaci\u00f3. El viatge: postals de vida"},"content":{"rendered":"\n<figure class=\"wp-block-image size-large\"><img loading=\"lazy\" decoding=\"async\" width=\"1024\" height=\"968\" src=\"https:\/\/blocsenresidencia.bcn.cat\/jaumebalmes2024\/wp-content\/uploads\/2024\/06\/flyer_Nadia-Hafid-EN-RESiDENCiA-al-Jaume-Balmes-1024x968.jpg\" alt=\"\" class=\"wp-image-535\" srcset=\"https:\/\/blocsenresidencia.bcn.cat\/jaumebalmes2024\/wp-content\/uploads\/2024\/06\/flyer_Nadia-Hafid-EN-RESiDENCiA-al-Jaume-Balmes-1024x968.jpg 1024w, https:\/\/blocsenresidencia.bcn.cat\/jaumebalmes2024\/wp-content\/uploads\/2024\/06\/flyer_Nadia-Hafid-EN-RESiDENCiA-al-Jaume-Balmes-300x283.jpg 300w, https:\/\/blocsenresidencia.bcn.cat\/jaumebalmes2024\/wp-content\/uploads\/2024\/06\/flyer_Nadia-Hafid-EN-RESiDENCiA-al-Jaume-Balmes-768x726.jpg 768w, https:\/\/blocsenresidencia.bcn.cat\/jaumebalmes2024\/wp-content\/uploads\/2024\/06\/flyer_Nadia-Hafid-EN-RESiDENCiA-al-Jaume-Balmes-1536x1451.jpg 1536w, https:\/\/blocsenresidencia.bcn.cat\/jaumebalmes2024\/wp-content\/uploads\/2024\/06\/flyer_Nadia-Hafid-EN-RESiDENCiA-al-Jaume-Balmes-2048x1935.jpg 2048w\" sizes=\"auto, (max-width: 767px) 89vw, (max-width: 1000px) 54vw, (max-width: 1071px) 543px, 580px\" \/><\/figure>\n\n\n\n<p><strong>El programa<\/strong><\/p>\n\n\n\n<p>En Resid\u00e8ncia \u00e9s un projecte en el qual ve un artista durant els tres trimestres de l&#8217;institut per crear un projecte art\u00edstic amb els alumnes, nosaltres hem estat treballant amb la Nadia, dibuixant i artista, que ha estat amb nosaltres cada dimarts. Ens ha explicat m\u00e9s a fons el treball que hi ha darrere de l&#8217;autoedici\u00f3, i nosaltres l&#8217;hem posat en pr\u00e0ctica amb el nostre projecte final. Hem fet algunes sortides (per exemple les reserves del MNAC, visita a la Virreina, les catacumbes de l&#8217;institut, etc.) per veure processos ocults i per&nbsp; informar-nos i ajudar-nos a definir el que hem acabat fent. Al segon trimestre vam presentar el projecte als professors, i va ser molt important per nosaltres. En el tercer trimestre vam comen\u00e7ar amb el projecte final, en aquest cas un fanz\u00edn sobre el viatge de les nostres vides.<\/p>\n\n\n\n<figure class=\"wp-block-gallery has-nested-images columns-1 is-cropped wp-block-gallery-1 is-layout-flex wp-block-gallery-is-layout-flex\">\n<figure class=\"wp-block-image size-large\"><img loading=\"lazy\" decoding=\"async\" width=\"1024\" height=\"664\" data-id=\"537\" src=\"https:\/\/blocsenresidencia.bcn.cat\/jaumebalmes2024\/wp-content\/uploads\/2024\/06\/3833-005-1024x664.jpg\" alt=\"\" class=\"wp-image-537\" srcset=\"https:\/\/blocsenresidencia.bcn.cat\/jaumebalmes2024\/wp-content\/uploads\/2024\/06\/3833-005-1024x664.jpg 1024w, https:\/\/blocsenresidencia.bcn.cat\/jaumebalmes2024\/wp-content\/uploads\/2024\/06\/3833-005-300x194.jpg 300w, https:\/\/blocsenresidencia.bcn.cat\/jaumebalmes2024\/wp-content\/uploads\/2024\/06\/3833-005-768x498.jpg 768w, https:\/\/blocsenresidencia.bcn.cat\/jaumebalmes2024\/wp-content\/uploads\/2024\/06\/3833-005-1536x995.jpg 1536w, https:\/\/blocsenresidencia.bcn.cat\/jaumebalmes2024\/wp-content\/uploads\/2024\/06\/3833-005-2048x1327.jpg 2048w\" sizes=\"auto, (max-width: 767px) 89vw, (max-width: 1000px) 54vw, (max-width: 1071px) 543px, 580px\" \/><\/figure>\n\n\n\n<figure class=\"wp-block-image size-large\"><img loading=\"lazy\" decoding=\"async\" width=\"1024\" height=\"768\" data-id=\"562\" src=\"https:\/\/blocsenresidencia.bcn.cat\/jaumebalmes2024\/wp-content\/uploads\/2024\/06\/IMG_9171-1-1024x768.jpg\" alt=\"\" class=\"wp-image-562\" srcset=\"https:\/\/blocsenresidencia.bcn.cat\/jaumebalmes2024\/wp-content\/uploads\/2024\/06\/IMG_9171-1-1024x768.jpg 1024w, https:\/\/blocsenresidencia.bcn.cat\/jaumebalmes2024\/wp-content\/uploads\/2024\/06\/IMG_9171-1-300x225.jpg 300w, https:\/\/blocsenresidencia.bcn.cat\/jaumebalmes2024\/wp-content\/uploads\/2024\/06\/IMG_9171-1-768x576.jpg 768w, https:\/\/blocsenresidencia.bcn.cat\/jaumebalmes2024\/wp-content\/uploads\/2024\/06\/IMG_9171-1-1536x1152.jpg 1536w, https:\/\/blocsenresidencia.bcn.cat\/jaumebalmes2024\/wp-content\/uploads\/2024\/06\/IMG_9171-1-2048x1536.jpg 2048w\" sizes=\"auto, (max-width: 767px) 89vw, (max-width: 1000px) 54vw, (max-width: 1071px) 543px, 580px\" \/><\/figure>\n\n\n\n<figure class=\"wp-block-image size-large\"><img loading=\"lazy\" decoding=\"async\" width=\"1024\" height=\"683\" data-id=\"558\" src=\"https:\/\/blocsenresidencia.bcn.cat\/jaumebalmes2024\/wp-content\/uploads\/2024\/06\/Imagen0-1024x683.png\" alt=\"\" class=\"wp-image-558\" srcset=\"https:\/\/blocsenresidencia.bcn.cat\/jaumebalmes2024\/wp-content\/uploads\/2024\/06\/Imagen0-1024x683.png 1024w, https:\/\/blocsenresidencia.bcn.cat\/jaumebalmes2024\/wp-content\/uploads\/2024\/06\/Imagen0-300x200.png 300w, https:\/\/blocsenresidencia.bcn.cat\/jaumebalmes2024\/wp-content\/uploads\/2024\/06\/Imagen0-768x512.png 768w, https:\/\/blocsenresidencia.bcn.cat\/jaumebalmes2024\/wp-content\/uploads\/2024\/06\/Imagen0-1536x1025.png 1536w, https:\/\/blocsenresidencia.bcn.cat\/jaumebalmes2024\/wp-content\/uploads\/2024\/06\/Imagen0.png 1686w\" sizes=\"auto, (max-width: 767px) 89vw, (max-width: 1000px) 54vw, (max-width: 1071px) 543px, 580px\" \/><\/figure>\n<figcaption class=\"blocks-gallery-caption wp-element-caption\">Fotos: M. M\u00e9rida. MNAC<\/figcaption><\/figure>\n\n\n\n<p><strong>El projecte en si. <em>Viatge, postals de vida<\/em><\/strong><\/p>\n\n\n\n<p>A partir d\u2019uns escrits que vam fer, ens vam adonar que tots parl\u00e0vem de trasllats de les nostres fam\u00edlies.Per aix\u00f2 vam decidir que voliem parlar sobre el nostre viatge vital i aix\u00f2 \u00e9s el que hem representat a trav\u00e9s de tres postals, que representen el nostre Passat, Present i Futur.\u00a0\u00a0En totes les postals vam fer un esb\u00f3s\u00a0 i un escrit on explic\u00e0vem el perqu\u00e8 de les eleccions que hav\u00edem fet. En la Postal del Passat la proposta de la Nadia va ser dibuixar la joguina-objecte que ens record\u00e9s a la nostra inf\u00e0ncia. Vam fer esbossos on hav\u00edem de fer el dibuix en diferents perspectives i finalment vam fer el dibuix en dues t\u00e8cniques:<\/p>\n\n\n\n<p>-Stencil:<strong> <\/strong>Es una t\u00e9cnica que es fa servir molt per als grafitis o els artistes de carrer. Consisteix en tornar a fer el dibuix en diferents parts per a aconseguir tenir diferents plantilles on despr\u00e9s les ruixarem amb esprai del color que vulguem i aix\u00ed aconseguir la primera silueta del dibuix. Aixo es repeteix tantes vegades com plantilles del dibuix tinguis.<\/p>\n\n\n\n<p>-Tampons: Aquesta t\u00e8cnica consisteix en separar les diferents parts de dibuix per crear tampons a partir de les diferents parts i aconseguir diferents capes. Despr\u00e9s fem el dibuix en goma eva per poder donar-li un volum i l&#8217;enganxem a un cartr\u00f3. Aleshores quan ja tenim el tamp\u00f3 utilitzem gouache per segellar cada part del dibuix.\u00a0<\/p>\n\n\n\n<figure class=\"wp-block-gallery has-nested-images columns-1 is-cropped wp-block-gallery-2 is-layout-flex wp-block-gallery-is-layout-flex\">\n<figure class=\"wp-block-image size-large\"><img loading=\"lazy\" decoding=\"async\" width=\"1024\" height=\"682\" data-id=\"549\" src=\"https:\/\/blocsenresidencia.bcn.cat\/jaumebalmes2024\/wp-content\/uploads\/2024\/06\/Imagen4-1024x682.png\" alt=\"\" class=\"wp-image-549\" srcset=\"https:\/\/blocsenresidencia.bcn.cat\/jaumebalmes2024\/wp-content\/uploads\/2024\/06\/Imagen4-1024x682.png 1024w, https:\/\/blocsenresidencia.bcn.cat\/jaumebalmes2024\/wp-content\/uploads\/2024\/06\/Imagen4-300x200.png 300w, https:\/\/blocsenresidencia.bcn.cat\/jaumebalmes2024\/wp-content\/uploads\/2024\/06\/Imagen4-768x512.png 768w, https:\/\/blocsenresidencia.bcn.cat\/jaumebalmes2024\/wp-content\/uploads\/2024\/06\/Imagen4-1536x1024.png 1536w, https:\/\/blocsenresidencia.bcn.cat\/jaumebalmes2024\/wp-content\/uploads\/2024\/06\/Imagen4.png 1688w\" sizes=\"auto, (max-width: 767px) 89vw, (max-width: 1000px) 54vw, (max-width: 1071px) 543px, 580px\" \/><\/figure>\n\n\n\n<figure class=\"wp-block-image size-large\"><img loading=\"lazy\" decoding=\"async\" width=\"1024\" height=\"665\" data-id=\"552\" src=\"https:\/\/blocsenresidencia.bcn.cat\/jaumebalmes2024\/wp-content\/uploads\/2024\/06\/Imagen6-1024x665.png\" alt=\"\" class=\"wp-image-552\" srcset=\"https:\/\/blocsenresidencia.bcn.cat\/jaumebalmes2024\/wp-content\/uploads\/2024\/06\/Imagen6-1024x665.png 1024w, https:\/\/blocsenresidencia.bcn.cat\/jaumebalmes2024\/wp-content\/uploads\/2024\/06\/Imagen6-300x195.png 300w, https:\/\/blocsenresidencia.bcn.cat\/jaumebalmes2024\/wp-content\/uploads\/2024\/06\/Imagen6-768x499.png 768w, https:\/\/blocsenresidencia.bcn.cat\/jaumebalmes2024\/wp-content\/uploads\/2024\/06\/Imagen6-1536x998.png 1536w, https:\/\/blocsenresidencia.bcn.cat\/jaumebalmes2024\/wp-content\/uploads\/2024\/06\/Imagen6.png 1732w\" sizes=\"auto, (max-width: 767px) 89vw, (max-width: 1000px) 54vw, (max-width: 1071px) 543px, 580px\" \/><\/figure>\n<figcaption class=\"blocks-gallery-caption wp-element-caption\">Fotos: M. M\u00e9rida. MNAC<\/figcaption><\/figure>\n\n\n\n<p>Per a la postal del Present el tema era representar el nostre cercle proper amistats, familia. Aquesta vegada la t\u00e8cnica utilitzada va ser el brodat .\u00a0Per si no ho sabeu, el brodat es fa amb un brodador on primer has de fer el dibuix en la tela i despr\u00e9s ho cosim amb l\u2019agulla i el fil i aix\u00ed obtenim el nostre brodat.\u00a0<\/p>\n\n\n\n<figure class=\"wp-block-image size-large\"><img loading=\"lazy\" decoding=\"async\" width=\"1024\" height=\"682\" src=\"https:\/\/blocsenresidencia.bcn.cat\/jaumebalmes2024\/wp-content\/uploads\/2024\/06\/Imagen5-1024x682.png\" alt=\"\" class=\"wp-image-551\" srcset=\"https:\/\/blocsenresidencia.bcn.cat\/jaumebalmes2024\/wp-content\/uploads\/2024\/06\/Imagen5-1024x682.png 1024w, https:\/\/blocsenresidencia.bcn.cat\/jaumebalmes2024\/wp-content\/uploads\/2024\/06\/Imagen5-300x200.png 300w, https:\/\/blocsenresidencia.bcn.cat\/jaumebalmes2024\/wp-content\/uploads\/2024\/06\/Imagen5-768x512.png 768w, https:\/\/blocsenresidencia.bcn.cat\/jaumebalmes2024\/wp-content\/uploads\/2024\/06\/Imagen5-1536x1024.png 1536w, https:\/\/blocsenresidencia.bcn.cat\/jaumebalmes2024\/wp-content\/uploads\/2024\/06\/Imagen5.png 1688w\" sizes=\"auto, (max-width: 767px) 89vw, (max-width: 1000px) 54vw, (max-width: 1071px) 543px, 580px\" \/><\/figure>\n\n\n\n<p>A la postal del Futur vam utilitzar dues t\u00e8cniques, la tinta xinesa i l&#8217;aquarel\u00b7la. La idea que hav\u00edem de representar era com ens imaginaven el m\u00f3n en 20 anys&nbsp; a trav\u00e9s d\u2019un paisatge.&nbsp;<\/p>\n\n\n\n<p>-Tinta Xinesa:<strong>\u00a0<\/strong>Aquesta t\u00e8cnica consisteix en fer servir\u00a0 tinta negra i amb l\u2019aigua crear\u00a0 diferents tonalitats. Per exemple si posaves molta aigua et quedava un gris molt clar i si no posaves molta aigua el contrari.\u00a0<\/p>\n\n\n\n<p>-Aquarel\u00b7la: Aquesta t\u00e8cnica consisteix en utilitzar les aquarel\u00b7les amb\u00a0 l\u2019aigua .Depenent de\u00a0 quanta poses obtens un color m\u00e9s clar o m\u00e9s fosc. Amb la condici\u00f3 que nom\u00e9s pod\u00edem fer servir quatre colors que eren violeta,blau,blau fosc i taronja. Els colors van ser escollits per la Nadia perqu\u00e8 tingu\u00e9s sentit amb la\u00a0 gama de colors que fa servir ella.<\/p>\n\n\n\n<figure class=\"wp-block-gallery has-nested-images columns-1 is-cropped wp-block-gallery-3 is-layout-flex wp-block-gallery-is-layout-flex\">\n<figure class=\"wp-block-image size-large\"><img loading=\"lazy\" decoding=\"async\" width=\"1024\" height=\"768\" data-id=\"554\" src=\"https:\/\/blocsenresidencia.bcn.cat\/jaumebalmes2024\/wp-content\/uploads\/2024\/06\/IMG_9167-1024x768.jpg\" alt=\"\" class=\"wp-image-554\" srcset=\"https:\/\/blocsenresidencia.bcn.cat\/jaumebalmes2024\/wp-content\/uploads\/2024\/06\/IMG_9167-1024x768.jpg 1024w, https:\/\/blocsenresidencia.bcn.cat\/jaumebalmes2024\/wp-content\/uploads\/2024\/06\/IMG_9167-300x225.jpg 300w, https:\/\/blocsenresidencia.bcn.cat\/jaumebalmes2024\/wp-content\/uploads\/2024\/06\/IMG_9167-768x576.jpg 768w, https:\/\/blocsenresidencia.bcn.cat\/jaumebalmes2024\/wp-content\/uploads\/2024\/06\/IMG_9167-1536x1152.jpg 1536w, https:\/\/blocsenresidencia.bcn.cat\/jaumebalmes2024\/wp-content\/uploads\/2024\/06\/IMG_9167-2048x1536.jpg 2048w\" sizes=\"auto, (max-width: 767px) 89vw, (max-width: 1000px) 54vw, (max-width: 1071px) 543px, 580px\" \/><\/figure>\n\n\n\n<figure class=\"wp-block-image size-large\"><img loading=\"lazy\" decoding=\"async\" width=\"1024\" height=\"682\" data-id=\"559\" src=\"https:\/\/blocsenresidencia.bcn.cat\/jaumebalmes2024\/wp-content\/uploads\/2024\/06\/Imagen7-1024x682.png\" alt=\"\" class=\"wp-image-559\" srcset=\"https:\/\/blocsenresidencia.bcn.cat\/jaumebalmes2024\/wp-content\/uploads\/2024\/06\/Imagen7-1024x682.png 1024w, https:\/\/blocsenresidencia.bcn.cat\/jaumebalmes2024\/wp-content\/uploads\/2024\/06\/Imagen7-300x200.png 300w, https:\/\/blocsenresidencia.bcn.cat\/jaumebalmes2024\/wp-content\/uploads\/2024\/06\/Imagen7-768x512.png 768w, https:\/\/blocsenresidencia.bcn.cat\/jaumebalmes2024\/wp-content\/uploads\/2024\/06\/Imagen7-1536x1024.png 1536w, https:\/\/blocsenresidencia.bcn.cat\/jaumebalmes2024\/wp-content\/uploads\/2024\/06\/Imagen7.png 1688w\" sizes=\"auto, (max-width: 767px) 89vw, (max-width: 1000px) 54vw, (max-width: 1071px) 543px, 580px\" \/><\/figure>\n<figcaption class=\"blocks-gallery-caption wp-element-caption\">Fotos: M. M\u00e9rida. MNAC<\/figcaption><\/figure>\n\n\n\n<p><strong>Tancament del projecte: aprenentatge i experi\u00e8ncies viscudes&nbsp;<\/strong><\/p>\n\n\n\n<p>Ens hem adonat que alguns ten\u00edem una visi\u00f3 de l\u2019assignatura de visual i pl\u00e0stica m\u00e9s centrada en l&#8217;aprenentatge de t\u00e8cniques, i amb l\u2019experi\u00e8ncia d\u2019en Residencia hem anat m\u00e9s enll\u00e0, l\u2019important del nostre proc\u00e9s ha estat el que voliem explicar, la idea era lo rellevant.<\/p>\n\n\n\n<p>Tot i que alguns vam escollir en Resid\u00e8ncia per descarte o per no fer f\u00edsica per exemple pero despr\u00e9s hem vist que tot aquest proc\u00e9s els interessava gr\u00e0cies a les activitats que hem anat fent.&nbsp;<\/p>\n\n\n\n<p>Aquest projecte se&#8217;ns ha fet molt entretingut i \u00e9s m\u00e9s did\u00e0ctic per con\u00e8ixer les eines d\u2019artistes, i veure el proc\u00e9s art\u00edstic d\u2019una manera molt natural i org\u00e0nica.\u00a0Tamb\u00e9 hem sortit del que pensem que \u00e9s \u201chabitual\u201d inclus en lo f\u00edsic,al\u00a0 no estar asseguts tot el dia, per exemple.<\/p>\n\n\n\n<p>Finalment, hem apr\u00e8s que darrere d\u2019una cosa aparentment sencilla com fer un fanzine hi ha un&nbsp; llarg proc\u00e9s en el que ens hem submergit totes nosaltres durant aquests mesos.<\/p>\n\n\n\n<figure class=\"wp-block-image size-large\"><img loading=\"lazy\" decoding=\"async\" width=\"1024\" height=\"635\" src=\"https:\/\/blocsenresidencia.bcn.cat\/jaumebalmes2024\/wp-content\/uploads\/2024\/06\/Imagen8-1024x635.png\" alt=\"\" class=\"wp-image-564\" srcset=\"https:\/\/blocsenresidencia.bcn.cat\/jaumebalmes2024\/wp-content\/uploads\/2024\/06\/Imagen8-1024x635.png 1024w, https:\/\/blocsenresidencia.bcn.cat\/jaumebalmes2024\/wp-content\/uploads\/2024\/06\/Imagen8-300x186.png 300w, https:\/\/blocsenresidencia.bcn.cat\/jaumebalmes2024\/wp-content\/uploads\/2024\/06\/Imagen8-768x476.png 768w, https:\/\/blocsenresidencia.bcn.cat\/jaumebalmes2024\/wp-content\/uploads\/2024\/06\/Imagen8-1536x953.png 1536w, https:\/\/blocsenresidencia.bcn.cat\/jaumebalmes2024\/wp-content\/uploads\/2024\/06\/Imagen8.png 1814w\" sizes=\"auto, (max-width: 767px) 89vw, (max-width: 1000px) 54vw, (max-width: 1071px) 543px, 580px\" \/><\/figure>\n\n\n\n<p><em>Aquest text ha estat escrit pel grup d&#8217;alumnes de 4t d&#8217;ESO de l&#8217;Institut Jaume Balmes que ha participat en la resid\u00e8ncia de la Nadia Hafid durant aquest curs 2023-2024.<\/em><\/p>\n","protected":false},"excerpt":{"rendered":"<p>El programa En Resid\u00e8ncia \u00e9s un projecte en el qual ve un artista durant els tres trimestres de l&#8217;institut per crear un projecte art\u00edstic amb els alumnes, nosaltres hem estat treballant amb la Nadia, dibuixant i artista, que ha estat amb nosaltres cada dimarts. Ens ha explicat m\u00e9s a fons el treball que hi ha &hellip; <\/p>\n<p class=\"link-more\"><a href=\"https:\/\/blocsenresidencia.bcn.cat\/jaumebalmes2024\/presentacio-el-viatge-postals-de-vida\/\" class=\"more-link\">Continua llegint <span class=\"screen-reader-text\">\u00abPresentaci\u00f3. El viatge: postals de vida\u00bb<\/span><\/a><\/p>\n","protected":false},"author":10,"featured_media":0,"comment_status":"open","ping_status":"open","sticky":false,"template":"","format":"standard","meta":{"footnotes":""},"categories":[1],"tags":[],"class_list":["post-532","post","type-post","status-publish","format-standard","hentry","category-general"],"_links":{"self":[{"href":"https:\/\/blocsenresidencia.bcn.cat\/jaumebalmes2024\/wp-json\/wp\/v2\/posts\/532","targetHints":{"allow":["GET"]}}],"collection":[{"href":"https:\/\/blocsenresidencia.bcn.cat\/jaumebalmes2024\/wp-json\/wp\/v2\/posts"}],"about":[{"href":"https:\/\/blocsenresidencia.bcn.cat\/jaumebalmes2024\/wp-json\/wp\/v2\/types\/post"}],"author":[{"embeddable":true,"href":"https:\/\/blocsenresidencia.bcn.cat\/jaumebalmes2024\/wp-json\/wp\/v2\/users\/10"}],"replies":[{"embeddable":true,"href":"https:\/\/blocsenresidencia.bcn.cat\/jaumebalmes2024\/wp-json\/wp\/v2\/comments?post=532"}],"version-history":[{"count":16,"href":"https:\/\/blocsenresidencia.bcn.cat\/jaumebalmes2024\/wp-json\/wp\/v2\/posts\/532\/revisions"}],"predecessor-version":[{"id":568,"href":"https:\/\/blocsenresidencia.bcn.cat\/jaumebalmes2024\/wp-json\/wp\/v2\/posts\/532\/revisions\/568"}],"wp:attachment":[{"href":"https:\/\/blocsenresidencia.bcn.cat\/jaumebalmes2024\/wp-json\/wp\/v2\/media?parent=532"}],"wp:term":[{"taxonomy":"category","embeddable":true,"href":"https:\/\/blocsenresidencia.bcn.cat\/jaumebalmes2024\/wp-json\/wp\/v2\/categories?post=532"},{"taxonomy":"post_tag","embeddable":true,"href":"https:\/\/blocsenresidencia.bcn.cat\/jaumebalmes2024\/wp-json\/wp\/v2\/tags?post=532"}],"curies":[{"name":"wp","href":"https:\/\/api.w.org\/{rel}","templated":true}]}}