{"id":1,"date":"2022-11-11T14:17:08","date_gmt":"2022-11-11T12:17:08","guid":{"rendered":"https:\/\/blocsenresidencia.bcn.cat\/joanbrossa2023\/?p=1"},"modified":"2022-11-14T17:18:12","modified_gmt":"2022-11-14T15:18:12","slug":"curro-claret-en-residencia-a-linstitut-joan-brossa","status":"publish","type":"post","link":"https:\/\/blocsenresidencia.bcn.cat\/joanbrossa2023\/2022\/11\/11\/curro-claret-en-residencia-a-linstitut-joan-brossa\/","title":{"rendered":"Curro Claret EN RESiD\u00c8NCiA a l&#8217;Institut Joan Brossa"},"content":{"rendered":"\n<p>Curro Claret ja ha iniciat el proc\u00e9s de creaci\u00f3 EN RESiD\u00c8NCiA a l&#8217;Institut Joan Brossa, amb un grup d\u2019alumnes de 4t d\u2019ESO, la professora Adriana Zampa, i amb la mediaci\u00f3 d\u2019A Bao A Qu. En aquest blog podreu anar seguint moments clau d\u2019un proc\u00e9s obert, amb un final no pre-definit. Fins molt aviat!<\/p>\n","protected":false},"excerpt":{"rendered":"<p>Curro Claret ja ha iniciat el proc\u00e9s de creaci\u00f3 EN RESiD\u00c8NCiA a l&#8217;Institut Joan Brossa, amb un grup d\u2019alumnes de 4t d\u2019ESO, la professora Adriana Zampa, i amb la mediaci\u00f3 d\u2019A Bao A Qu. En aquest blog podreu anar seguint moments clau d\u2019un proc\u00e9s obert, amb un final no pre-definit. Fins molt aviat!<\/p>\n","protected":false},"author":1,"featured_media":0,"comment_status":"open","ping_status":"open","sticky":false,"template":"","format":"standard","meta":{"footnotes":""},"categories":[1],"tags":[],"class_list":["post-1","post","type-post","status-publish","format-standard","hentry","category-general"],"_links":{"self":[{"href":"https:\/\/blocsenresidencia.bcn.cat\/joanbrossa2023\/wp-json\/wp\/v2\/posts\/1","targetHints":{"allow":["GET"]}}],"collection":[{"href":"https:\/\/blocsenresidencia.bcn.cat\/joanbrossa2023\/wp-json\/wp\/v2\/posts"}],"about":[{"href":"https:\/\/blocsenresidencia.bcn.cat\/joanbrossa2023\/wp-json\/wp\/v2\/types\/post"}],"author":[{"embeddable":true,"href":"https:\/\/blocsenresidencia.bcn.cat\/joanbrossa2023\/wp-json\/wp\/v2\/users\/1"}],"replies":[{"embeddable":true,"href":"https:\/\/blocsenresidencia.bcn.cat\/joanbrossa2023\/wp-json\/wp\/v2\/comments?post=1"}],"version-history":[{"count":1,"href":"https:\/\/blocsenresidencia.bcn.cat\/joanbrossa2023\/wp-json\/wp\/v2\/posts\/1\/revisions"}],"predecessor-version":[{"id":34,"href":"https:\/\/blocsenresidencia.bcn.cat\/joanbrossa2023\/wp-json\/wp\/v2\/posts\/1\/revisions\/34"}],"wp:attachment":[{"href":"https:\/\/blocsenresidencia.bcn.cat\/joanbrossa2023\/wp-json\/wp\/v2\/media?parent=1"}],"wp:term":[{"taxonomy":"category","embeddable":true,"href":"https:\/\/blocsenresidencia.bcn.cat\/joanbrossa2023\/wp-json\/wp\/v2\/categories?post=1"},{"taxonomy":"post_tag","embeddable":true,"href":"https:\/\/blocsenresidencia.bcn.cat\/joanbrossa2023\/wp-json\/wp\/v2\/tags?post=1"}],"curies":[{"name":"wp","href":"https:\/\/api.w.org\/{rel}","templated":true}]}}