{"id":149,"date":"2023-01-10T21:02:42","date_gmt":"2023-01-10T19:02:42","guid":{"rendered":"https:\/\/blocsenresidencia.bcn.cat\/joanbrossa2023\/?p=149"},"modified":"2023-01-10T21:19:43","modified_gmt":"2023-01-10T19:19:43","slug":"explorem-els-espais-del-centre","status":"publish","type":"post","link":"https:\/\/blocsenresidencia.bcn.cat\/joanbrossa2023\/2023\/01\/10\/explorem-els-espais-del-centre\/","title":{"rendered":"Explorem els espais del centre"},"content":{"rendered":"\n<p>Tot aquest projecte va comen\u00e7ar quan el Curro va proposar analitzar i explorar en grups, un espai de l\u2019Institut que hav\u00edem d\u2019escollir nosaltres, per unes raons que explicarem m\u00e9s tard.&nbsp; <br>Va ser una tasca dif\u00edcil, ja que despr\u00e9s d\u2019estar tants anys al centre n\u2019hi havia v\u00e0ries opcions a elegir.&nbsp;<\/p>\n\n\n\n<p>Per analitzar aquests espais haur\u00edem de seguir una s\u00e8rie de passos, com messurar-ho, fer un croquis acotat, un pl\u00e0nol, fer registres de la temperatura o de la llum que hi entra en aquell espai al llarg del dia. Tamb\u00e9 calia preguntar a algunes persones, curiositats d\u2019aquest espai. Persones que hagin estat temps al Brossa, com el director o professorat.&nbsp;<\/p>\n\n\n\n<p>En acabar aix\u00f2, vam haver de fer una presentaci\u00f3 oral a tota la classe del que vam trobar-hi, les curiositats o les caracter\u00edstiques de l\u2019espai segons els passos de l\u2019an\u00e0lisi anterior.<\/p>\n\n\n\n<p>El Curro ens va fer observacions sobre com aprofundir l\u2019an\u00e0lisi d\u2019aquell espai.<\/p>\n\n\n\n<figure class=\"wp-block-image size-large\"><img loading=\"lazy\" decoding=\"async\" width=\"1024\" height=\"768\" src=\"https:\/\/blocsenresidencia.bcn.cat\/joanbrossa2023\/wp-content\/uploads\/2023\/01\/IMG20221103111321-6-1024x768.jpg\" alt=\"\" class=\"wp-image-175\" srcset=\"https:\/\/blocsenresidencia.bcn.cat\/joanbrossa2023\/wp-content\/uploads\/2023\/01\/IMG20221103111321-6-1024x768.jpg 1024w, https:\/\/blocsenresidencia.bcn.cat\/joanbrossa2023\/wp-content\/uploads\/2023\/01\/IMG20221103111321-6-300x225.jpg 300w, https:\/\/blocsenresidencia.bcn.cat\/joanbrossa2023\/wp-content\/uploads\/2023\/01\/IMG20221103111321-6-768x576.jpg 768w, https:\/\/blocsenresidencia.bcn.cat\/joanbrossa2023\/wp-content\/uploads\/2023\/01\/IMG20221103111321-6-1536x1152.jpg 1536w, https:\/\/blocsenresidencia.bcn.cat\/joanbrossa2023\/wp-content\/uploads\/2023\/01\/IMG20221103111321-6-2048x1536.jpg 2048w\" sizes=\"auto, (max-width: 767px) 89vw, (max-width: 1000px) 54vw, (max-width: 1071px) 543px, 580px\" \/><\/figure>\n\n\n\n<figure class=\"wp-block-gallery has-nested-images columns-default is-cropped wp-block-gallery-1 is-layout-flex wp-block-gallery-is-layout-flex\">\n<figure class=\"wp-block-image size-large\"><img loading=\"lazy\" decoding=\"async\" width=\"2560\" height=\"1920\" data-id=\"176\" src=\"https:\/\/blocsenresidencia.bcn.cat\/joanbrossa2023\/wp-content\/uploads\/2023\/01\/IMG20221103110633-4-edited-scaled.jpg\" alt=\"\" class=\"wp-image-176\" srcset=\"https:\/\/blocsenresidencia.bcn.cat\/joanbrossa2023\/wp-content\/uploads\/2023\/01\/IMG20221103110633-4-edited-scaled.jpg 2560w, https:\/\/blocsenresidencia.bcn.cat\/joanbrossa2023\/wp-content\/uploads\/2023\/01\/IMG20221103110633-4-edited-300x225.jpg 300w, https:\/\/blocsenresidencia.bcn.cat\/joanbrossa2023\/wp-content\/uploads\/2023\/01\/IMG20221103110633-4-edited-1024x768.jpg 1024w, https:\/\/blocsenresidencia.bcn.cat\/joanbrossa2023\/wp-content\/uploads\/2023\/01\/IMG20221103110633-4-edited-768x576.jpg 768w, https:\/\/blocsenresidencia.bcn.cat\/joanbrossa2023\/wp-content\/uploads\/2023\/01\/IMG20221103110633-4-edited-1536x1152.jpg 1536w, https:\/\/blocsenresidencia.bcn.cat\/joanbrossa2023\/wp-content\/uploads\/2023\/01\/IMG20221103110633-4-edited-2048x1536.jpg 2048w\" sizes=\"auto, (max-width: 767px) 89vw, (max-width: 1000px) 54vw, (max-width: 1071px) 543px, 580px\" \/><\/figure>\n\n\n\n<figure class=\"wp-block-image size-large\"><img loading=\"lazy\" decoding=\"async\" width=\"1920\" height=\"2560\" data-id=\"177\" src=\"https:\/\/blocsenresidencia.bcn.cat\/joanbrossa2023\/wp-content\/uploads\/2023\/01\/IMG20221103110637-3-edited-scaled.jpg\" alt=\"\" class=\"wp-image-177\" srcset=\"https:\/\/blocsenresidencia.bcn.cat\/joanbrossa2023\/wp-content\/uploads\/2023\/01\/IMG20221103110637-3-edited-scaled.jpg 1920w, https:\/\/blocsenresidencia.bcn.cat\/joanbrossa2023\/wp-content\/uploads\/2023\/01\/IMG20221103110637-3-edited-225x300.jpg 225w, https:\/\/blocsenresidencia.bcn.cat\/joanbrossa2023\/wp-content\/uploads\/2023\/01\/IMG20221103110637-3-edited-768x1024.jpg 768w, https:\/\/blocsenresidencia.bcn.cat\/joanbrossa2023\/wp-content\/uploads\/2023\/01\/IMG20221103110637-3-edited-1152x1536.jpg 1152w, https:\/\/blocsenresidencia.bcn.cat\/joanbrossa2023\/wp-content\/uploads\/2023\/01\/IMG20221103110637-3-edited-1536x2048.jpg 1536w\" sizes=\"auto, (max-width: 767px) 89vw, (max-width: 1000px) 54vw, (max-width: 1071px) 543px, 580px\" \/><\/figure>\n<\/figure>\n","protected":false},"excerpt":{"rendered":"<p>Tot aquest projecte va comen\u00e7ar quan el Curro va proposar analitzar i explorar en grups, un espai de l\u2019Institut que hav\u00edem d\u2019escollir nosaltres, per unes raons que explicarem m\u00e9s tard.&nbsp; Va ser una tasca dif\u00edcil, ja que despr\u00e9s d\u2019estar tants anys al centre n\u2019hi havia v\u00e0ries opcions a elegir.&nbsp; Per analitzar aquests espais haur\u00edem de &hellip; <\/p>\n<p class=\"link-more\"><a href=\"https:\/\/blocsenresidencia.bcn.cat\/joanbrossa2023\/2023\/01\/10\/explorem-els-espais-del-centre\/\" class=\"more-link\">Continua llegint <span class=\"screen-reader-text\">\u00abExplorem els espais del centre\u00bb<\/span><\/a><\/p>\n","protected":false},"author":4,"featured_media":0,"comment_status":"open","ping_status":"open","sticky":false,"template":"","format":"standard","meta":{"footnotes":""},"categories":[1],"tags":[],"class_list":["post-149","post","type-post","status-publish","format-standard","hentry","category-general"],"_links":{"self":[{"href":"https:\/\/blocsenresidencia.bcn.cat\/joanbrossa2023\/wp-json\/wp\/v2\/posts\/149","targetHints":{"allow":["GET"]}}],"collection":[{"href":"https:\/\/blocsenresidencia.bcn.cat\/joanbrossa2023\/wp-json\/wp\/v2\/posts"}],"about":[{"href":"https:\/\/blocsenresidencia.bcn.cat\/joanbrossa2023\/wp-json\/wp\/v2\/types\/post"}],"author":[{"embeddable":true,"href":"https:\/\/blocsenresidencia.bcn.cat\/joanbrossa2023\/wp-json\/wp\/v2\/users\/4"}],"replies":[{"embeddable":true,"href":"https:\/\/blocsenresidencia.bcn.cat\/joanbrossa2023\/wp-json\/wp\/v2\/comments?post=149"}],"version-history":[{"count":7,"href":"https:\/\/blocsenresidencia.bcn.cat\/joanbrossa2023\/wp-json\/wp\/v2\/posts\/149\/revisions"}],"predecessor-version":[{"id":178,"href":"https:\/\/blocsenresidencia.bcn.cat\/joanbrossa2023\/wp-json\/wp\/v2\/posts\/149\/revisions\/178"}],"wp:attachment":[{"href":"https:\/\/blocsenresidencia.bcn.cat\/joanbrossa2023\/wp-json\/wp\/v2\/media?parent=149"}],"wp:term":[{"taxonomy":"category","embeddable":true,"href":"https:\/\/blocsenresidencia.bcn.cat\/joanbrossa2023\/wp-json\/wp\/v2\/categories?post=149"},{"taxonomy":"post_tag","embeddable":true,"href":"https:\/\/blocsenresidencia.bcn.cat\/joanbrossa2023\/wp-json\/wp\/v2\/tags?post=149"}],"curies":[{"name":"wp","href":"https:\/\/api.w.org\/{rel}","templated":true}]}}