{"id":200,"date":"2023-03-10T16:10:54","date_gmt":"2023-03-10T14:10:54","guid":{"rendered":"https:\/\/blocsenresidencia.bcn.cat\/joanbrossa2023\/?p=200"},"modified":"2023-03-10T16:10:55","modified_gmt":"2023-03-10T14:10:55","slug":"tornant-de-vacances-de-nadal","status":"publish","type":"post","link":"https:\/\/blocsenresidencia.bcn.cat\/joanbrossa2023\/2023\/03\/10\/tornant-de-vacances-de-nadal\/","title":{"rendered":"Tornant de vacances de Nadal"},"content":{"rendered":"\n<p>En tornar de vacances vam comen\u00e7ar a investigar algunes entitats del barri. <\/p>\n\n\n\n<p>Vam anar al casal Mas Guinard\u00f3 a fer una xerrada amb el Chapu, que \u00e9s coordinador. El Chapu ens va explicar que \u00e9s un equipament municipal de proximitat que ofereix despatxos, espais de trobada, sales per a tallers o activitats diverses. Tamb\u00e9 cedeixen la infraestructura, i donen els recursos i les eines per al treball associatiu.<\/p>\n\n\n\n<p>Ens han explicat que fan festes del barri, i altres projectes que impliquen donar sostre per a la gent jove que no en t\u00e9 o entregar aliments. Al casal organitzen esdeveniments culturals, tallers de formaci\u00f3 intercultural i gestionen una botiga de roba i coses de segona m\u00e0 per mares amb els nens petits.<\/p>\n\n\n\n<p>M\u2019ha cridat l&#8217;atenci\u00f3 que fan bastants activitats per a totes les edats com per a nens i per a gent gran.<\/p>\n\n\n\n<figure class=\"wp-block-gallery has-nested-images columns-default is-cropped wp-block-gallery-1 is-layout-flex wp-block-gallery-is-layout-flex\">\n<figure class=\"wp-block-image size-large\"><img loading=\"lazy\" decoding=\"async\" width=\"1024\" height=\"685\" data-id=\"204\" src=\"https:\/\/blocsenresidencia.bcn.cat\/joanbrossa2023\/wp-content\/uploads\/2023\/03\/Casal_dEntitats_Mas_Guinardo_-_6096622133-1-1024x685.jpg\" alt=\"\" class=\"wp-image-204\" srcset=\"https:\/\/blocsenresidencia.bcn.cat\/joanbrossa2023\/wp-content\/uploads\/2023\/03\/Casal_dEntitats_Mas_Guinardo_-_6096622133-1-1024x685.jpg 1024w, https:\/\/blocsenresidencia.bcn.cat\/joanbrossa2023\/wp-content\/uploads\/2023\/03\/Casal_dEntitats_Mas_Guinardo_-_6096622133-1-300x201.jpg 300w, https:\/\/blocsenresidencia.bcn.cat\/joanbrossa2023\/wp-content\/uploads\/2023\/03\/Casal_dEntitats_Mas_Guinardo_-_6096622133-1-768x514.jpg 768w, https:\/\/blocsenresidencia.bcn.cat\/joanbrossa2023\/wp-content\/uploads\/2023\/03\/Casal_dEntitats_Mas_Guinardo_-_6096622133-1-1536x1028.jpg 1536w, https:\/\/blocsenresidencia.bcn.cat\/joanbrossa2023\/wp-content\/uploads\/2023\/03\/Casal_dEntitats_Mas_Guinardo_-_6096622133-1-2048x1371.jpg 2048w\" sizes=\"auto, (max-width: 767px) 89vw, (max-width: 1000px) 54vw, (max-width: 1071px) 543px, 580px\" \/><\/figure>\n<\/figure>\n","protected":false},"excerpt":{"rendered":"<p>En tornar de vacances vam comen\u00e7ar a investigar algunes entitats del barri. Vam anar al casal Mas Guinard\u00f3 a fer una xerrada amb el Chapu, que \u00e9s coordinador. El Chapu ens va explicar que \u00e9s un equipament municipal de proximitat que ofereix despatxos, espais de trobada, sales per a tallers o activitats diverses. Tamb\u00e9 cedeixen &hellip; <\/p>\n<p class=\"link-more\"><a href=\"https:\/\/blocsenresidencia.bcn.cat\/joanbrossa2023\/2023\/03\/10\/tornant-de-vacances-de-nadal\/\" class=\"more-link\">Continua llegint <span class=\"screen-reader-text\">\u00abTornant de vacances de Nadal\u00bb<\/span><\/a><\/p>\n","protected":false},"author":4,"featured_media":0,"comment_status":"open","ping_status":"open","sticky":false,"template":"","format":"standard","meta":{"footnotes":""},"categories":[1],"tags":[],"class_list":["post-200","post","type-post","status-publish","format-standard","hentry","category-general"],"_links":{"self":[{"href":"https:\/\/blocsenresidencia.bcn.cat\/joanbrossa2023\/wp-json\/wp\/v2\/posts\/200","targetHints":{"allow":["GET"]}}],"collection":[{"href":"https:\/\/blocsenresidencia.bcn.cat\/joanbrossa2023\/wp-json\/wp\/v2\/posts"}],"about":[{"href":"https:\/\/blocsenresidencia.bcn.cat\/joanbrossa2023\/wp-json\/wp\/v2\/types\/post"}],"author":[{"embeddable":true,"href":"https:\/\/blocsenresidencia.bcn.cat\/joanbrossa2023\/wp-json\/wp\/v2\/users\/4"}],"replies":[{"embeddable":true,"href":"https:\/\/blocsenresidencia.bcn.cat\/joanbrossa2023\/wp-json\/wp\/v2\/comments?post=200"}],"version-history":[{"count":1,"href":"https:\/\/blocsenresidencia.bcn.cat\/joanbrossa2023\/wp-json\/wp\/v2\/posts\/200\/revisions"}],"predecessor-version":[{"id":205,"href":"https:\/\/blocsenresidencia.bcn.cat\/joanbrossa2023\/wp-json\/wp\/v2\/posts\/200\/revisions\/205"}],"wp:attachment":[{"href":"https:\/\/blocsenresidencia.bcn.cat\/joanbrossa2023\/wp-json\/wp\/v2\/media?parent=200"}],"wp:term":[{"taxonomy":"category","embeddable":true,"href":"https:\/\/blocsenresidencia.bcn.cat\/joanbrossa2023\/wp-json\/wp\/v2\/categories?post=200"},{"taxonomy":"post_tag","embeddable":true,"href":"https:\/\/blocsenresidencia.bcn.cat\/joanbrossa2023\/wp-json\/wp\/v2\/tags?post=200"}],"curies":[{"name":"wp","href":"https:\/\/api.w.org\/{rel}","templated":true}]}}