{"id":206,"date":"2023-03-10T16:33:14","date_gmt":"2023-03-10T14:33:14","guid":{"rendered":"https:\/\/blocsenresidencia.bcn.cat\/joanbrossa2023\/?p=206"},"modified":"2023-03-10T16:40:32","modified_gmt":"2023-03-10T14:40:32","slug":"els-camils","status":"publish","type":"post","link":"https:\/\/blocsenresidencia.bcn.cat\/joanbrossa2023\/2023\/03\/10\/els-camils\/","title":{"rendered":"&#8220;Els Camils&#8221; i la Merc\u00e8 Vidal"},"content":{"rendered":"\n<p>Fa&nbsp;uns dies vam anar al centre ocupacional taller Sant Camil, de la Fundaci\u00f3 Santa Creu, que est\u00e0 molt a prop del parc del Guinard\u00f3. Aqu\u00ed ens va atendre l&#8217;Amadeu, que \u00e9s el seu director. \u00c9s un centre on van persones amb discapacitats intel\u00b7lectuals. Els ensenyen coses b\u00e0siques i fan activitats de tota mena, tamb\u00e9 esportives.<\/p>\n\n\n\n<p>Al mateix recinte, hi ha un espai on viuen joves migrants, i els ajuden a estudiar i els acompanyen fins que s&#8217;incorporen al m\u00f3n laboral.<\/p>\n\n\n\n<p>Tamb\u00e9 tenen habitatges per rebre fam\u00edlies desnonades, fins que troben on viure.<\/p>\n\n\n\n<div class=\"wp-block-columns is-layout-flex wp-container-core-columns-is-layout-9d6595d7 wp-block-columns-is-layout-flex\">\n<div class=\"wp-block-column is-layout-flow wp-block-column-is-layout-flow\" style=\"flex-basis:100%\">\n<figure class=\"wp-block-gallery has-nested-images columns-default is-cropped wp-block-gallery-1 is-layout-flex wp-block-gallery-is-layout-flex\">\n<figure class=\"wp-block-image size-large\"><img loading=\"lazy\" decoding=\"async\" width=\"1024\" height=\"768\" data-id=\"215\" src=\"https:\/\/blocsenresidencia.bcn.cat\/joanbrossa2023\/wp-content\/uploads\/2023\/03\/aa-2-1024x768.jpg\" alt=\"\" class=\"wp-image-215\" srcset=\"https:\/\/blocsenresidencia.bcn.cat\/joanbrossa2023\/wp-content\/uploads\/2023\/03\/aa-2-1024x768.jpg 1024w, https:\/\/blocsenresidencia.bcn.cat\/joanbrossa2023\/wp-content\/uploads\/2023\/03\/aa-2-300x225.jpg 300w, https:\/\/blocsenresidencia.bcn.cat\/joanbrossa2023\/wp-content\/uploads\/2023\/03\/aa-2-768x576.jpg 768w, https:\/\/blocsenresidencia.bcn.cat\/joanbrossa2023\/wp-content\/uploads\/2023\/03\/aa-2-1536x1152.jpg 1536w, https:\/\/blocsenresidencia.bcn.cat\/joanbrossa2023\/wp-content\/uploads\/2023\/03\/aa-2-2048x1536.jpg 2048w\" sizes=\"auto, (max-width: 767px) 89vw, (max-width: 1000px) 54vw, (max-width: 1071px) 543px, 580px\" \/><\/figure>\n\n\n\n<figure class=\"wp-block-image size-large\"><img loading=\"lazy\" decoding=\"async\" width=\"1024\" height=\"768\" data-id=\"214\" src=\"https:\/\/blocsenresidencia.bcn.cat\/joanbrossa2023\/wp-content\/uploads\/2023\/03\/20230209_113827-1-1024x768.jpg\" alt=\"\" class=\"wp-image-214\" srcset=\"https:\/\/blocsenresidencia.bcn.cat\/joanbrossa2023\/wp-content\/uploads\/2023\/03\/20230209_113827-1-1024x768.jpg 1024w, https:\/\/blocsenresidencia.bcn.cat\/joanbrossa2023\/wp-content\/uploads\/2023\/03\/20230209_113827-1-300x225.jpg 300w, https:\/\/blocsenresidencia.bcn.cat\/joanbrossa2023\/wp-content\/uploads\/2023\/03\/20230209_113827-1-768x576.jpg 768w, https:\/\/blocsenresidencia.bcn.cat\/joanbrossa2023\/wp-content\/uploads\/2023\/03\/20230209_113827-1-1536x1152.jpg 1536w, https:\/\/blocsenresidencia.bcn.cat\/joanbrossa2023\/wp-content\/uploads\/2023\/03\/20230209_113827-1-2048x1536.jpg 2048w\" sizes=\"auto, (max-width: 767px) 89vw, (max-width: 1000px) 54vw, (max-width: 1071px) 543px, 580px\" \/><\/figure>\n<\/figure>\n<\/div>\n<\/div>\n\n\n\n<p>Uns dies despr\u00e9s vam rebre la visita la Merc\u00e8 Vidal de l&#8217;associaci\u00f3 Nou Horitz\u00f3 de gent gran. Ens va explicar com tractaven a la gent gran en algunes resid\u00e8ncies. Tamb\u00e9 va dir que a les resid\u00e8ncies privades no poden anar gaires avis perqu\u00e8 s\u00f3n molt cares i que tot aix\u00f2 s&#8217;hauria de canviar.<\/p>\n\n\n\n<p>Ens va comentar que la gent gran \u00e9s molt divertida, t\u00e9 ganes de fer coses i d&#8217;estar m\u00e9s integrada i relacionar-se amb altres generacions. El que m\u00e9s em va cridar l&#8217;atenci\u00f3 \u00e9s quan va explicar que es fan projectes en qu\u00e8 gent jove visita les resid\u00e8ncies, fan riure a la gent. Als avis els va b\u00e9, perqu\u00e8 s\u00f3n com nens petits, juguen, riuen i es distreuen.<\/p>\n","protected":false},"excerpt":{"rendered":"<p>Fa&nbsp;uns dies vam anar al centre ocupacional taller Sant Camil, de la Fundaci\u00f3 Santa Creu, que est\u00e0 molt a prop del parc del Guinard\u00f3. Aqu\u00ed ens va atendre l&#8217;Amadeu, que \u00e9s el seu director. \u00c9s un centre on van persones amb discapacitats intel\u00b7lectuals. Els ensenyen coses b\u00e0siques i fan activitats de tota mena, tamb\u00e9 esportives. &hellip; <\/p>\n<p class=\"link-more\"><a href=\"https:\/\/blocsenresidencia.bcn.cat\/joanbrossa2023\/2023\/03\/10\/els-camils\/\" class=\"more-link\">Continua llegint <span class=\"screen-reader-text\">\u00ab&#8220;Els Camils&#8221; i la Merc\u00e8 Vidal\u00bb<\/span><\/a><\/p>\n","protected":false},"author":4,"featured_media":0,"comment_status":"open","ping_status":"open","sticky":false,"template":"","format":"standard","meta":{"footnotes":""},"categories":[1],"tags":[],"class_list":["post-206","post","type-post","status-publish","format-standard","hentry","category-general"],"_links":{"self":[{"href":"https:\/\/blocsenresidencia.bcn.cat\/joanbrossa2023\/wp-json\/wp\/v2\/posts\/206","targetHints":{"allow":["GET"]}}],"collection":[{"href":"https:\/\/blocsenresidencia.bcn.cat\/joanbrossa2023\/wp-json\/wp\/v2\/posts"}],"about":[{"href":"https:\/\/blocsenresidencia.bcn.cat\/joanbrossa2023\/wp-json\/wp\/v2\/types\/post"}],"author":[{"embeddable":true,"href":"https:\/\/blocsenresidencia.bcn.cat\/joanbrossa2023\/wp-json\/wp\/v2\/users\/4"}],"replies":[{"embeddable":true,"href":"https:\/\/blocsenresidencia.bcn.cat\/joanbrossa2023\/wp-json\/wp\/v2\/comments?post=206"}],"version-history":[{"count":5,"href":"https:\/\/blocsenresidencia.bcn.cat\/joanbrossa2023\/wp-json\/wp\/v2\/posts\/206\/revisions"}],"predecessor-version":[{"id":218,"href":"https:\/\/blocsenresidencia.bcn.cat\/joanbrossa2023\/wp-json\/wp\/v2\/posts\/206\/revisions\/218"}],"wp:attachment":[{"href":"https:\/\/blocsenresidencia.bcn.cat\/joanbrossa2023\/wp-json\/wp\/v2\/media?parent=206"}],"wp:term":[{"taxonomy":"category","embeddable":true,"href":"https:\/\/blocsenresidencia.bcn.cat\/joanbrossa2023\/wp-json\/wp\/v2\/categories?post=206"},{"taxonomy":"post_tag","embeddable":true,"href":"https:\/\/blocsenresidencia.bcn.cat\/joanbrossa2023\/wp-json\/wp\/v2\/tags?post=206"}],"curies":[{"name":"wp","href":"https:\/\/api.w.org\/{rel}","templated":true}]}}