{"id":220,"date":"2023-05-04T12:43:08","date_gmt":"2023-05-04T10:43:08","guid":{"rendered":"https:\/\/blocsenresidencia.bcn.cat\/joanbrossa2023\/?p=220"},"modified":"2023-05-04T12:43:08","modified_gmt":"2023-05-04T10:43:08","slug":"la-contaminacio","status":"publish","type":"post","link":"https:\/\/blocsenresidencia.bcn.cat\/joanbrossa2023\/2023\/05\/04\/la-contaminacio\/","title":{"rendered":"La contaminaci\u00f3"},"content":{"rendered":"\n<p>El 22 de febrer vam presentar i explicar el que estem fent en aquest projecte a tot el claustre i a m\u00e9s, al Joan i la Mamen del Servei de Recursos Pedag\u00f2gics, que van venir a la presentaci\u00f3. <\/p>\n\n\n\n<figure class=\"wp-block-gallery has-nested-images columns-default is-cropped wp-block-gallery-1 is-layout-flex wp-block-gallery-is-layout-flex\">\n<figure class=\"wp-block-image size-large\"><img loading=\"lazy\" decoding=\"async\" width=\"1024\" height=\"768\" data-id=\"223\" src=\"https:\/\/blocsenresidencia.bcn.cat\/joanbrossa2023\/wp-content\/uploads\/2023\/05\/20230222_131240-1024x768.jpg\" alt=\"\" class=\"wp-image-223\" srcset=\"https:\/\/blocsenresidencia.bcn.cat\/joanbrossa2023\/wp-content\/uploads\/2023\/05\/20230222_131240-1024x768.jpg 1024w, https:\/\/blocsenresidencia.bcn.cat\/joanbrossa2023\/wp-content\/uploads\/2023\/05\/20230222_131240-300x225.jpg 300w, https:\/\/blocsenresidencia.bcn.cat\/joanbrossa2023\/wp-content\/uploads\/2023\/05\/20230222_131240-768x576.jpg 768w, https:\/\/blocsenresidencia.bcn.cat\/joanbrossa2023\/wp-content\/uploads\/2023\/05\/20230222_131240-1536x1152.jpg 1536w, https:\/\/blocsenresidencia.bcn.cat\/joanbrossa2023\/wp-content\/uploads\/2023\/05\/20230222_131240-2048x1536.jpg 2048w\" sizes=\"auto, (max-width: 767px) 89vw, (max-width: 1000px) 54vw, (max-width: 1071px) 543px, 580px\" \/><\/figure>\n\n\n\n<figure class=\"wp-block-image size-large\"><img loading=\"lazy\" decoding=\"async\" width=\"1024\" height=\"768\" data-id=\"222\" src=\"https:\/\/blocsenresidencia.bcn.cat\/joanbrossa2023\/wp-content\/uploads\/2023\/05\/20230222_135310-1024x768.jpg\" alt=\"\" class=\"wp-image-222\" srcset=\"https:\/\/blocsenresidencia.bcn.cat\/joanbrossa2023\/wp-content\/uploads\/2023\/05\/20230222_135310-1024x768.jpg 1024w, https:\/\/blocsenresidencia.bcn.cat\/joanbrossa2023\/wp-content\/uploads\/2023\/05\/20230222_135310-300x225.jpg 300w, https:\/\/blocsenresidencia.bcn.cat\/joanbrossa2023\/wp-content\/uploads\/2023\/05\/20230222_135310-768x576.jpg 768w, https:\/\/blocsenresidencia.bcn.cat\/joanbrossa2023\/wp-content\/uploads\/2023\/05\/20230222_135310-1536x1152.jpg 1536w, https:\/\/blocsenresidencia.bcn.cat\/joanbrossa2023\/wp-content\/uploads\/2023\/05\/20230222_135310-2048x1536.jpg 2048w\" sizes=\"auto, (max-width: 767px) 89vw, (max-width: 1000px) 54vw, (max-width: 1071px) 543px, 580px\" \/><\/figure>\n\n\n\n<figure class=\"wp-block-image size-large\"><img loading=\"lazy\" decoding=\"async\" width=\"1024\" height=\"768\" data-id=\"221\" src=\"https:\/\/blocsenresidencia.bcn.cat\/joanbrossa2023\/wp-content\/uploads\/2023\/05\/20230222_134640-1024x768.jpg\" alt=\"\" class=\"wp-image-221\" srcset=\"https:\/\/blocsenresidencia.bcn.cat\/joanbrossa2023\/wp-content\/uploads\/2023\/05\/20230222_134640-1024x768.jpg 1024w, https:\/\/blocsenresidencia.bcn.cat\/joanbrossa2023\/wp-content\/uploads\/2023\/05\/20230222_134640-300x225.jpg 300w, https:\/\/blocsenresidencia.bcn.cat\/joanbrossa2023\/wp-content\/uploads\/2023\/05\/20230222_134640-768x576.jpg 768w, https:\/\/blocsenresidencia.bcn.cat\/joanbrossa2023\/wp-content\/uploads\/2023\/05\/20230222_134640-1536x1152.jpg 1536w, https:\/\/blocsenresidencia.bcn.cat\/joanbrossa2023\/wp-content\/uploads\/2023\/05\/20230222_134640-2048x1536.jpg 2048w\" sizes=\"auto, (max-width: 767px) 89vw, (max-width: 1000px) 54vw, (max-width: 1071px) 543px, 580px\" \/><\/figure>\n<\/figure>\n\n\n\n<p>Van explicar que hem dibuixat un mapa del barri per anar posant els llocs que visitem, com el Mas, a Fundaci\u00f3 Sard\u00e0 Pujades o a la Fundaci\u00f3 Santa Creu. Aix\u00ed tenim const\u00e0ncia de la feina que anem fent&#8230;<\/p>\n\n\n\n<p>Despr\u00e9s d\u2019explicar el que vam estar fent vam fer una pregunta al claustre per interactuar amb ells que era: Quin grup de gent creieu que \u00e9s el m\u00e9s invisibilitzat? La majoria va dir la gent immigrant, les persones de la tercera edat o els sense sostre. <\/p>\n\n\n\n<figure class=\"wp-block-image size-large\"><img loading=\"lazy\" decoding=\"async\" width=\"1600\" height=\"1200\" src=\"https:\/\/blocsenresidencia.bcn.cat\/joanbrossa2023\/wp-content\/uploads\/2023\/05\/IMG20230203113011-edited.jpg\" alt=\"\" class=\"wp-image-225\" srcset=\"https:\/\/blocsenresidencia.bcn.cat\/joanbrossa2023\/wp-content\/uploads\/2023\/05\/IMG20230203113011-edited.jpg 1600w, https:\/\/blocsenresidencia.bcn.cat\/joanbrossa2023\/wp-content\/uploads\/2023\/05\/IMG20230203113011-edited-300x225.jpg 300w, https:\/\/blocsenresidencia.bcn.cat\/joanbrossa2023\/wp-content\/uploads\/2023\/05\/IMG20230203113011-edited-1024x768.jpg 1024w, https:\/\/blocsenresidencia.bcn.cat\/joanbrossa2023\/wp-content\/uploads\/2023\/05\/IMG20230203113011-edited-768x576.jpg 768w, https:\/\/blocsenresidencia.bcn.cat\/joanbrossa2023\/wp-content\/uploads\/2023\/05\/IMG20230203113011-edited-1536x1152.jpg 1536w\" sizes=\"auto, (max-width: 767px) 89vw, (max-width: 1000px) 54vw, (max-width: 1071px) 543px, 580px\" \/><\/figure>\n\n\n\n<p>Va anar bastant b\u00e9. Tot i que en un moment vam dir el mateix dos cops perqu\u00e8 no ens vam saber organitzar b\u00e9 aquella part. Vam aprendre a dividir-nos la feina, al treball en grup i a organitzar-nos. <\/p>\n","protected":false},"excerpt":{"rendered":"<p>El 22 de febrer vam presentar i explicar el que estem fent en aquest projecte a tot el claustre i a m\u00e9s, al Joan i la Mamen del Servei de Recursos Pedag\u00f2gics, que van venir a la presentaci\u00f3. Van explicar que hem dibuixat un mapa del barri per anar posant els llocs que visitem, com &hellip; <\/p>\n<p class=\"link-more\"><a href=\"https:\/\/blocsenresidencia.bcn.cat\/joanbrossa2023\/2023\/05\/04\/la-contaminacio\/\" class=\"more-link\">Continua llegint <span class=\"screen-reader-text\">\u00abLa contaminaci\u00f3\u00bb<\/span><\/a><\/p>\n","protected":false},"author":4,"featured_media":0,"comment_status":"open","ping_status":"open","sticky":false,"template":"","format":"standard","meta":{"footnotes":""},"categories":[1],"tags":[],"class_list":["post-220","post","type-post","status-publish","format-standard","hentry","category-general"],"_links":{"self":[{"href":"https:\/\/blocsenresidencia.bcn.cat\/joanbrossa2023\/wp-json\/wp\/v2\/posts\/220","targetHints":{"allow":["GET"]}}],"collection":[{"href":"https:\/\/blocsenresidencia.bcn.cat\/joanbrossa2023\/wp-json\/wp\/v2\/posts"}],"about":[{"href":"https:\/\/blocsenresidencia.bcn.cat\/joanbrossa2023\/wp-json\/wp\/v2\/types\/post"}],"author":[{"embeddable":true,"href":"https:\/\/blocsenresidencia.bcn.cat\/joanbrossa2023\/wp-json\/wp\/v2\/users\/4"}],"replies":[{"embeddable":true,"href":"https:\/\/blocsenresidencia.bcn.cat\/joanbrossa2023\/wp-json\/wp\/v2\/comments?post=220"}],"version-history":[{"count":1,"href":"https:\/\/blocsenresidencia.bcn.cat\/joanbrossa2023\/wp-json\/wp\/v2\/posts\/220\/revisions"}],"predecessor-version":[{"id":226,"href":"https:\/\/blocsenresidencia.bcn.cat\/joanbrossa2023\/wp-json\/wp\/v2\/posts\/220\/revisions\/226"}],"wp:attachment":[{"href":"https:\/\/blocsenresidencia.bcn.cat\/joanbrossa2023\/wp-json\/wp\/v2\/media?parent=220"}],"wp:term":[{"taxonomy":"category","embeddable":true,"href":"https:\/\/blocsenresidencia.bcn.cat\/joanbrossa2023\/wp-json\/wp\/v2\/categories?post=220"},{"taxonomy":"post_tag","embeddable":true,"href":"https:\/\/blocsenresidencia.bcn.cat\/joanbrossa2023\/wp-json\/wp\/v2\/tags?post=220"}],"curies":[{"name":"wp","href":"https:\/\/api.w.org\/{rel}","templated":true}]}}