{"id":227,"date":"2023-05-18T10:31:56","date_gmt":"2023-05-18T08:31:56","guid":{"rendered":"https:\/\/blocsenresidencia.bcn.cat\/joanbrossa2023\/?p=227"},"modified":"2023-05-18T10:31:56","modified_gmt":"2023-05-18T08:31:56","slug":"les-entrevistes","status":"publish","type":"post","link":"https:\/\/blocsenresidencia.bcn.cat\/joanbrossa2023\/2023\/05\/18\/les-entrevistes\/","title":{"rendered":"Les entrevistes"},"content":{"rendered":"\n<p>Despr\u00e9s de les visites, vam decidir que seguir\u00edem investigant sobre la gent gran i les persones migrants. Per ampliar la informaci\u00f3 que ten\u00edem, el Curro ens ha demanat que f\u00e9ssim entrevistes. Vam preparar les preguntes amb la intenci\u00f3 de saber qu\u00e8 sentien aquestes persones i els passava.&nbsp;<\/p>\n\n\n\n<p>Jo vaig entrevistar el meu germ\u00e0, ja que \u00e9s immigrant, com jo. Penso qu\u00e8, de vegades, els immigrants no s&#8217;integren molt amb la gent d&#8217;aqu\u00ed. Ell diu que el 90% de les seves amigues s\u00f3n immigrants com ell. Crec que als immigrants els costa relacionar-se, pot ser perqu\u00e8 ell creu que no seran acceptades per la gent d\u2019aqu\u00ed. La por fa que fugin. Tamb\u00e9 els costa viure aqu\u00ed perqu\u00e8 viuen sense les seves fam\u00edlies en un pa\u00eds desconegut i aix\u00f2 \u00e9s molt dur.<\/p>\n\n\n\n<p>A. F.<\/p>\n","protected":false},"excerpt":{"rendered":"<p>Despr\u00e9s de les visites, vam decidir que seguir\u00edem investigant sobre la gent gran i les persones migrants. Per ampliar la informaci\u00f3 que ten\u00edem, el Curro ens ha demanat que f\u00e9ssim entrevistes. Vam preparar les preguntes amb la intenci\u00f3 de saber qu\u00e8 sentien aquestes persones i els passava.&nbsp; Jo vaig entrevistar el meu germ\u00e0, ja que &hellip; <\/p>\n<p class=\"link-more\"><a href=\"https:\/\/blocsenresidencia.bcn.cat\/joanbrossa2023\/2023\/05\/18\/les-entrevistes\/\" class=\"more-link\">Continua llegint <span class=\"screen-reader-text\">\u00abLes entrevistes\u00bb<\/span><\/a><\/p>\n","protected":false},"author":4,"featured_media":0,"comment_status":"open","ping_status":"open","sticky":false,"template":"","format":"standard","meta":{"footnotes":""},"categories":[1],"tags":[],"class_list":["post-227","post","type-post","status-publish","format-standard","hentry","category-general"],"_links":{"self":[{"href":"https:\/\/blocsenresidencia.bcn.cat\/joanbrossa2023\/wp-json\/wp\/v2\/posts\/227","targetHints":{"allow":["GET"]}}],"collection":[{"href":"https:\/\/blocsenresidencia.bcn.cat\/joanbrossa2023\/wp-json\/wp\/v2\/posts"}],"about":[{"href":"https:\/\/blocsenresidencia.bcn.cat\/joanbrossa2023\/wp-json\/wp\/v2\/types\/post"}],"author":[{"embeddable":true,"href":"https:\/\/blocsenresidencia.bcn.cat\/joanbrossa2023\/wp-json\/wp\/v2\/users\/4"}],"replies":[{"embeddable":true,"href":"https:\/\/blocsenresidencia.bcn.cat\/joanbrossa2023\/wp-json\/wp\/v2\/comments?post=227"}],"version-history":[{"count":1,"href":"https:\/\/blocsenresidencia.bcn.cat\/joanbrossa2023\/wp-json\/wp\/v2\/posts\/227\/revisions"}],"predecessor-version":[{"id":228,"href":"https:\/\/blocsenresidencia.bcn.cat\/joanbrossa2023\/wp-json\/wp\/v2\/posts\/227\/revisions\/228"}],"wp:attachment":[{"href":"https:\/\/blocsenresidencia.bcn.cat\/joanbrossa2023\/wp-json\/wp\/v2\/media?parent=227"}],"wp:term":[{"taxonomy":"category","embeddable":true,"href":"https:\/\/blocsenresidencia.bcn.cat\/joanbrossa2023\/wp-json\/wp\/v2\/categories?post=227"},{"taxonomy":"post_tag","embeddable":true,"href":"https:\/\/blocsenresidencia.bcn.cat\/joanbrossa2023\/wp-json\/wp\/v2\/tags?post=227"}],"curies":[{"name":"wp","href":"https:\/\/api.w.org\/{rel}","templated":true}]}}